{"id":279521,"date":"2025-07-28T12:10:12","date_gmt":"2025-07-28T12:10:12","guid":{"rendered":"https:\/\/www.europesays.com\/fr\/279521\/"},"modified":"2025-07-28T12:10:12","modified_gmt":"2025-07-28T12:10:12","slug":"nouvelle-fusillade-en-pleine-nuit-a-proximite-dun-point-de-deal-bien-connu","status":"publish","type":"post","link":"https:\/\/www.europesays.com\/fr\/279521\/","title":{"rendered":"nouvelle fusillade en pleine nuit \u00e0\u00a0proximit\u00e9 d&rsquo;un point de deal bien connu"},"content":{"rendered":"<p itemprop=\"description\"><strong>Une semaine apr\u00e8s une premi\u00e8re fusillade, de nouveaux tirs ont \u00e9clat\u00e9 dans la nuit du 27 au 28 juillet pr\u00e8s d&rsquo;une r\u00e9sidence connue pour abriter un point de deal.<\/strong><\/p>\n<p>Le climat reste tendu \u00e0\u00a0V\u00e9nissieux.\u00a0Les habitants du 33 boulevard Ambroise-Croizat ont de nouveau \u00e9t\u00e9 r\u00e9veill\u00e9s par des d\u00e9tonations dans la nuit de dimanche \u00e0 lundi. <\/p>\n<p>D&rsquo;apr\u00e8s nos informations, plusieurs coups de feu ont retenti \u00e0 proximit\u00e9 de la r\u00e9sidence g\u00e9r\u00e9e par ICF Habitat, o\u00f9 un point de deal y est install\u00e9 de longue date.<\/p>\n<p>\u00ab\u00a0Une voiture blanche serait entr\u00e9e dans la r\u00e9sidence \u00e0 toute allure. Des jeunes couraient sur le trottoir\u00a0\u00bb, rapporte un habitant.<\/p>\n<p>Confirmant l&rsquo;information, la direction interd\u00e9partementale de la police nationale (DIPN) nous pr\u00e9cise qu&rsquo; \u00ab\u00a0aucun bless\u00e9 n&rsquo;est \u00e0 d\u00e9plorer et aucune interpellation n&rsquo;a eu lieu \u00e0 ce stade.\u00a0\u00bb \u00a0<\/p>\n<p>Une enqu\u00eate est en cours pour faire la lumi\u00e8re sur ces nouveaux coups de feu.\u00a0<\/p>\n<p>Ces tirs interviennent une semaine apr\u00e8s <a href=\"https:\/\/www.lyonmag.com\/article\/145522\/pres-de-lyon-des-dealers-debarquent-devant-une-tour-de-venissieux-et-ouvrent-le-feu-sur-la-facade\" target=\"_blank\" rel=\"noopener\">une premi\u00e8re fusillade sur le m\u00eame site<\/a>, dans la nuit du 21 au 22 juillet, au cours de laquelle une dizaine de tirs avaient \u00e9t\u00e9 tir\u00e9s sur la fa\u00e7ade du b\u00e2timent. Les enqu\u00eateurs devront d\u00e9terminer si ces tirs sont li\u00e9s et s\u2019inscrivent dans une guerre de territoire entre trafiquants.<\/p>\n","protected":false},"excerpt":{"rendered":"Une semaine apr\u00e8s une premi\u00e8re fusillade, de nouveaux tirs ont \u00e9clat\u00e9 dans la nuit du 27 au 28&hellip;\n","protected":false},"author":2,"featured_media":279522,"comment_status":"","ping_status":"","sticky":false,"template":"","format":"standard","meta":{"footnotes":""},"categories":[4],"tags":[1111,11,2813,2190,1109,251,1112,2811,118,1011,27,1922,1110,1114,2428,2810,12,241,316,25,2812,517,800],"class_list":{"0":"post-279521","1":"post","2":"type-post","3":"status-publish","4":"format-standard","5":"has-post-thumbnail","7":"category-france","8":"tag-actu","9":"tag-actualites","10":"tag-article","11":"tag-asvel","12":"tag-breves","13":"tag-culture","14":"tag-depeches","15":"tag-economique","16":"tag-faits-divers","17":"tag-fr","18":"tag-france","19":"tag-info","20":"tag-informations","21":"tag-infos","22":"tag-lyon","23":"tag-lyonmag","24":"tag-news","25":"tag-ol","26":"tag-politique","27":"tag-republique-francaise","28":"tag-sociale","29":"tag-sport","30":"tag-transports"},"share_on_mastodon":{"url":"https:\/\/pubeurope.com\/@fr\/114930792867937921","error":""},"_links":{"self":[{"href":"https:\/\/www.europesays.com\/fr\/wp-json\/wp\/v2\/posts\/279521","targetHints":{"allow":["GET"]}}],"collection":[{"href":"https:\/\/www.europesays.com\/fr\/wp-json\/wp\/v2\/posts"}],"about":[{"href":"https:\/\/www.europesays.com\/fr\/wp-json\/wp\/v2\/types\/post"}],"author":[{"embeddable":true,"href":"https:\/\/www.europesays.com\/fr\/wp-json\/wp\/v2\/users\/2"}],"replies":[{"embeddable":true,"href":"https:\/\/www.europesays.com\/fr\/wp-json\/wp\/v2\/comments?post=279521"}],"version-history":[{"count":0,"href":"https:\/\/www.europesays.com\/fr\/wp-json\/wp\/v2\/posts\/279521\/revisions"}],"wp:featuredmedia":[{"embeddable":true,"href":"https:\/\/www.europesays.com\/fr\/wp-json\/wp\/v2\/media\/279522"}],"wp:attachment":[{"href":"https:\/\/www.europesays.com\/fr\/wp-json\/wp\/v2\/media?parent=279521"}],"wp:term":[{"taxonomy":"category","embeddable":true,"href":"https:\/\/www.europesays.com\/fr\/wp-json\/wp\/v2\/categories?post=279521"},{"taxonomy":"post_tag","embeddable":true,"href":"https:\/\/www.europesays.com\/fr\/wp-json\/wp\/v2\/tags?post=279521"}],"curies":[{"name":"wp","href":"https:\/\/api.w.org\/{rel}","templated":true}]}}