{"id":279525,"date":"2025-07-28T12:12:13","date_gmt":"2025-07-28T12:12:13","guid":{"rendered":"https:\/\/www.europesays.com\/fr\/279525\/"},"modified":"2025-07-28T12:12:13","modified_gmt":"2025-07-28T12:12:13","slug":"etre-maire-et-medecin-de-campagne-cetait-tres-coherent-et-complementaire","status":"publish","type":"post","link":"https:\/\/www.europesays.com\/fr\/279525\/","title":{"rendered":"\u00ab\u00a0\u00catre maire et m\u00e9decin de campagne, c\u2019\u00e9tait tr\u00e8s coh\u00e9rent et compl\u00e9mentaire\u00a0\u00bb"},"content":{"rendered":"<p>Les raisons de son engagement, \u00ab ce sont les m\u00eames raisons que celles qui m\u2019ont pouss\u00e9 \u00e0 \u00eatre m\u00e9decin de campagne. Ma motivation premi\u00e8re \u00e9tait d\u2019\u00eatre au service de la population. Le cheminement pour que je devienne maire de La Fouillouse a \u00e9t\u00e9 tr\u00e8s simple. L\u2019ancien maire, qui \u00e9tait <a href=\"https:\/\/www.leprogres.fr\/societe\/2023\/10\/14\/adieu-a-jean-meunier\" target=\"_blank\" rel=\"noopener\">Jean Meunier<\/a>, qui \u00e9tait par ailleurs b\u00e2tonnier, \u00e9tait l\u2019un de mes patients. Lors d\u2019une consultation, il m\u2019a propos\u00e9 d\u2019entrer au conseil municipal et de prendre sa succession. C\u2019\u00e9tait en septembre\u00a02007.<\/p>\n<p>En fait, cette id\u00e9e ne m\u2019avait jamais travers\u00e9 l\u2019esprit, mais une fois que cette proposition m\u2019a \u00e9t\u00e9 faite, j\u2019ai trouv\u00e9 que c\u2019\u00e9tait tr\u00e8s coh\u00e9rent, notamment avec ma profession de m\u00e9decin, c\u2019\u00e9tait compl\u00e9mentaire. Du c\u00f4t\u00e9 de ma famille, je n\u2019ai eu aucune contrari\u00e9t\u00e9, mais au contraire un soutien de sa part. Lorsque j\u2019ai \u00e9t\u00e9 \u00e9lu pour la premi\u00e8re fois, j\u2019\u00e9tais naturellement tr\u00e8s heureux, d\u2019autant plus qu\u2019il y avait trois listes et qu\u2019on a \u00e9t\u00e9 \u00e9lu au premier tour. Je pense que les gens ont vot\u00e9 pour le m\u00e9decin et que l\u2019aspect politique \u00e9tait largement derri\u00e8re.\u00a0\u00bb<\/p>\n<p>  Son plus beau souvenir de maire<\/p>\n<p>\u00ab\u00a0Le plus beau souvenir, c\u2019est <a href=\"https:\/\/www.leprogres.fr\/loire-42-edition-saint-etienne-couronne\/2019\/09\/29\/la-nouvelle-mairie-a-ete-inauguree-en-presence-du-prefet\" target=\"_blank\" rel=\"noopener\">l\u2019inauguration de la nouvelle mairie en 2019<\/a>. Ce jour-l\u00e0, il y avait tous les \u00e9lus, les repr\u00e9sentants de l\u2019\u00c9tat, beaucoup d\u2019\u00e9lus de la M\u00e9tropole, les adjoints, les employ\u00e9s de la mairie et une partie de la population. M\u00eame si je savais que je n\u2019y resterai pas, puisqu\u2019on a inaugur\u00e9 en septembre et que mon mandat devait se terminer en mars et qu\u2019il a \u00e9t\u00e9 prolong\u00e9 de quelques mois avec le Covid, c\u2019\u00e9tait un tr\u00e8s grand moment. C\u2019\u00e9tait l\u2019aboutissement de douze ans de mandature. La journ\u00e9e s\u2019est d\u00e9roul\u00e9e avec la visite de la mairie suivie de discours et d\u2019un cocktail. Il y avait une communion aussi bien des \u00e9lus, de la population, du personnel de la commune, c\u2019est \u00e7a qui \u00e9tait vraiment tr\u00e8s \u00e9mouvant. C\u2019est un excellent souvenir. Et cette nouvelle mairie est une belle r\u00e9alisation.\u00a0\u00bb<\/p>\n<p>  Son pire souvenir<\/p>\n<p>\u00ab\u00a0\u00c0 peine \u00e9lu, on a organis\u00e9 une course relais par \u00e9quipes dans le village. Je faisais donc partie d\u2019une \u00e9quipe mairie avec le personnel municipal. En passant la ligne d\u2019arriv\u00e9e, je me p\u00e8te le talon d\u2019Achille. Et donc je me suis \u00e9tal\u00e9 devant toute la population. \u00c9tant m\u00e9decin, l\u2019avantage, c&rsquo;est que je savais ce que j\u2019avais. \u00c7a m\u2019a valu deux ou trois mois de r\u00e9\u00e9ducation.\u00a0\u00bb<\/p>\n<p>  \u00ab\u00a0Quand on a un probl\u00e8me, on va voir le maire, mais le maire, malheureusement, il ne ma\u00eetrise pas tout\u00a0\u00bb<\/p>\n<p>\u00ab\u00a0Plus s\u00e9rieusement, il m\u2019est arriv\u00e9 d\u2019\u00eatre confront\u00e9 \u00e0 des tensions avec mes administr\u00e9s. Mais, souvent, nous avions un pass\u00e9 familial ou m\u00e9dical en commun qui permettait d\u2019apaiser ces \u00e9ventuelles tensions. Le probl\u00e8me majeur, c&rsquo;est que tr\u00e8s souvent, ces tensions sont en lien avec des d\u00e9cisions qui ne sont pas municipales. Ce sont g\u00e9n\u00e9ralement des d\u00e9cisions qui sont prises par les autorit\u00e9s de tutelle comme, par exemple, le plan d\u2019urbanisme. Et ces d\u00e9cisions, on ne les ma\u00eetrise pas. Ce sont aux maires d\u2019essayer de faire comprendre que ce n\u2019est pas de leur ressort. C\u2019est peut-\u00eatre d\u2019ailleurs l\u2019une des raisons pour lesquelles certains \u00e9lus ne se repr\u00e9sentent plus. On est le premier rempart\u00a0: quand on a un probl\u00e8me, on va voir le maire, mais malheureusement, il ne ma\u00eetrise pas tout et de moins en moins.\u00a0\u00bb<\/p>\n<p>  Son id\u00e9e pour am\u00e9liorer la vie du maire<\/p>\n<p>\u00ab\u00a0Je pense qu\u2019il faudrait augmenter la r\u00e9mun\u00e9ration des maires, en particulier pour ceux de petites communes. Le maire d\u2019une grande commune a une r\u00e9mun\u00e9ration, je dirais, correcte, mais il a surtout des tas de gens autour de lui. Alors que le maire, dans une petite commune, il est souvent tout seul et c\u2019est \u00e0 lui d\u2019assumer beaucoup de choses. Il doit parfois faire le m\u00e9nage, faire des travaux\u2026 J\u2019insiste donc vraiment beaucoup sur leur r\u00e9mun\u00e9ration des petites communes. \u00c7a serait une motivation importante. Il me semble \u00e9galement important d\u2019assurer la protection des maires, car on voit bien aujourd\u2019hui qu\u2019il y a une agressivit\u00e9 plus importante, partout.\u00a0\u00bb<\/p>\n","protected":false},"excerpt":{"rendered":"Les raisons de son engagement, \u00ab ce sont les m\u00eames raisons que celles qui m\u2019ont pouss\u00e9 \u00e0 \u00eatre&hellip;\n","protected":false},"author":2,"featured_media":279526,"comment_status":"","ping_status":"","sticky":false,"template":"","format":"standard","meta":{"footnotes":""},"categories":[9653],"tags":[1111,11,2430,7539,1777,674,1011,27,12296,12,316,25,4001,9664],"class_list":{"0":"post-279525","1":"post","2":"type-post","3":"status-publish","4":"format-standard","5":"has-post-thumbnail","7":"category-saint-etienne","8":"tag-actu","9":"tag-actualites","10":"tag-auvergne-rhone-alpes","11":"tag-edition-loire-sud","12":"tag-eu","13":"tag-europe","14":"tag-fr","15":"tag-france","16":"tag-la-fouillouse","17":"tag-news","18":"tag-politique","19":"tag-republique-francaise","20":"tag-saint-etienne","21":"tag-saint-etienne-bassin"},"share_on_mastodon":{"url":"https:\/\/pubeurope.com\/@fr\/114930800663134341","error":""},"_links":{"self":[{"href":"https:\/\/www.europesays.com\/fr\/wp-json\/wp\/v2\/posts\/279525","targetHints":{"allow":["GET"]}}],"collection":[{"href":"https:\/\/www.europesays.com\/fr\/wp-json\/wp\/v2\/posts"}],"about":[{"href":"https:\/\/www.europesays.com\/fr\/wp-json\/wp\/v2\/types\/post"}],"author":[{"embeddable":true,"href":"https:\/\/www.europesays.com\/fr\/wp-json\/wp\/v2\/users\/2"}],"replies":[{"embeddable":true,"href":"https:\/\/www.europesays.com\/fr\/wp-json\/wp\/v2\/comments?post=279525"}],"version-history":[{"count":0,"href":"https:\/\/www.europesays.com\/fr\/wp-json\/wp\/v2\/posts\/279525\/revisions"}],"wp:featuredmedia":[{"embeddable":true,"href":"https:\/\/www.europesays.com\/fr\/wp-json\/wp\/v2\/media\/279526"}],"wp:attachment":[{"href":"https:\/\/www.europesays.com\/fr\/wp-json\/wp\/v2\/media?parent=279525"}],"wp:term":[{"taxonomy":"category","embeddable":true,"href":"https:\/\/www.europesays.com\/fr\/wp-json\/wp\/v2\/categories?post=279525"},{"taxonomy":"post_tag","embeddable":true,"href":"https:\/\/www.europesays.com\/fr\/wp-json\/wp\/v2\/tags?post=279525"}],"curies":[{"name":"wp","href":"https:\/\/api.w.org\/{rel}","templated":true}]}}