{"id":279539,"date":"2025-07-28T12:20:11","date_gmt":"2025-07-28T12:20:11","guid":{"rendered":"https:\/\/www.europesays.com\/fr\/279539\/"},"modified":"2025-07-28T12:20:11","modified_gmt":"2025-07-28T12:20:11","slug":"un-nouveau-concept-de-marche-nomade-a-montpellier","status":"publish","type":"post","link":"https:\/\/www.europesays.com\/fr\/279539\/","title":{"rendered":"un nouveau concept de march\u00e9 nomade \u00e0 Montpellier"},"content":{"rendered":"<p>            Par<br \/>\n        <strong><br \/>\n            <a href=\"https:\/\/actu.fr\/auteur\/metropoop\" title=\"Consulter tous les articles de R\u00e9daction M\u00e9tropolitain\" rel=\"nofollow noopener\" target=\"_blank\">R\u00e9daction M\u00e9tropolitain<\/a><br \/>\n        <\/strong><\/p>\n<p>        Publi\u00e9 le<\/p>\n<p>            28 juil. 2025 \u00e0 13h36<br \/>\n        ; mis \u00e0 jour le 28 juil. 2025 \u00e0 13h37    <\/p>\n<p><strong>Trois cr\u00e9atrices montpelli\u00e9raines<\/strong> s\u2019unissent pour lancer <strong>Les 3 Gr\u00e2ces<\/strong>, un <strong>march\u00e9 nomade unique<\/strong> qui met \u00e0 l\u2019honneur<strong> le fait-main et l\u2019artisanat f\u00e9minin<\/strong>. Leur ambition : faire rayonner leurs univers en s\u2019installant temporairement dans des lieux de vie embl\u00e9matiques <strong>de Montpellier et de l\u2019H\u00e9rault<\/strong>.<\/p>\n<p>Un concept itin\u00e9rant, cr\u00e9atif et sans contraintes<\/p>\n<p class=\" wall-content\">Bars, restaurants, plages priv\u00e9es, domaines, \u00e9v\u00e9nements\u2026 Les 3 Gr\u00e2ces investissent des lieux anim\u00e9s <strong>pour proposer une exp\u00e9rience de shopping \u00e9ph\u00e9m\u00e8re et originale<\/strong>. Pour les visiteurs, c\u2019est l\u2019occasion de d\u00e9couvrir des cr\u00e9ations locales et uniques dans une ambiance conviviale ; pour les \u00e9tablissements h\u00f4tes, c\u2019est une animation gratuite, sans logistique, qui attire et satisfait la client\u00e8le. L\u2019initiative s\u2019adresse \u00e9galement <strong>aux entreprises<\/strong> (s\u00e9minaires, soir\u00e9es, team buildings) et <strong>aux particuliers<\/strong> (EVJF, garden parties, \u00e9v\u00e9nements priv\u00e9s), qui peuvent faire appel aux cr\u00e9atrices pour une animation sur-mesure et cr\u00e9ative.<\/p>\n<p>Trois univers, une passion commune pour le fait-main<\/p>\n<p class=\" wall-content\">Derri\u00e8re Les 3 Gr\u00e2ces, trois marques locales aux identit\u00e9s compl\u00e9mentaires :<\/p>\n<ul class=\" wall-content\">\n<li><strong>Boho Blanca :<\/strong> des sacs en crochet \u00e9co-chic et faits main. Solaires, color\u00e9s, uniques pour celles<br \/>qui osent briller.<\/li>\n<li><strong>Bouvier Store :<\/strong> un bar \u00e0 charms et des cr\u00e9ations en pierres naturelles et perles d\u2019eau douce. Des bijoux sur-mesure, pens\u00e9s pour sublimer votre style au quotidien.<\/li>\n<li><strong>\u00a0Sassy Fleurs :<\/strong> des bijoux interchangeables faits-main, une multitude de coloris et de motifs pour changer de look en un instant. Cr\u00e9ation sur-mesure et personnalisation possibles.<\/li>\n<\/ul>\n<p>Vid\u00e9os : en ce moment sur ActuUn nom embl\u00e9matique en un hommage \u00e0 Montpellier<\/p>\n<p class=\" wall-content\">Agla\u00e9, Euphrosyne et Thalie, les Trois Gr\u00e2ces, tr\u00f4nent fi\u00e8rement sur la place de la Com\u00e9die. <strong>Symbole de joie, de beaut\u00e9 et de cr\u00e9ativit\u00e9<\/strong>, cette figure mythologique s\u2019est naturellement impos\u00e9e comme l\u2019inspiration de ce projet port\u00e9 par ces trois femmes passionn\u00e9es, cr\u00e9atives et \u00a0fi\u00e8res de leurs racines montpelli\u00e9raines.\u00a0<\/p>\n<p class=\" wall-content\">Suivez toute l\u2019actualit\u00e9 de vos villes et m\u00e9dias favoris en vous inscrivant \u00e0 <a href=\"https:\/\/moncompte.actu.fr\" title=\"D\u00e9couvez Mon Actu\" rel=\"nofollow noopener\" data-trk=\"{&quot;cta&quot;:{&quot;action&quot;:&quot;https:\\\/\\\/moncompte.actu.fr&quot;,&quot;category&quot;:&quot;mon compte&quot;,&quot;from&quot;:&quot;article footer&quot;,&quot;name&quot;:&quot;Mon actu&quot;,&quot;type&quot;:&quot;cta&quot;}}\" target=\"_blank\">Mon Actu<\/a>.<\/p>\n","protected":false},"excerpt":{"rendered":"Par R\u00e9daction M\u00e9tropolitain Publi\u00e9 le 28 juil. 2025 \u00e0 13h36 ; mis \u00e0 jour le 28 juil. 2025&hellip;\n","protected":false},"author":2,"featured_media":279540,"comment_status":"","ping_status":"","sticky":false,"template":"","format":"standard","meta":{"footnotes":""},"categories":[9599],"tags":[1111,11,1777,674,1011,27,1305,2208,12,2680,25],"class_list":{"0":"post-279539","1":"post","2":"type-post","3":"status-publish","4":"format-standard","5":"has-post-thumbnail","7":"category-montpellier","8":"tag-actu","9":"tag-actualites","10":"tag-eu","11":"tag-europe","12":"tag-fr","13":"tag-france","14":"tag-lifestyle","15":"tag-montpellier","16":"tag-news","17":"tag-occitanie","18":"tag-republique-francaise"},"share_on_mastodon":{"url":"https:\/\/pubeurope.com\/@fr\/114930832277517473","error":""},"_links":{"self":[{"href":"https:\/\/www.europesays.com\/fr\/wp-json\/wp\/v2\/posts\/279539","targetHints":{"allow":["GET"]}}],"collection":[{"href":"https:\/\/www.europesays.com\/fr\/wp-json\/wp\/v2\/posts"}],"about":[{"href":"https:\/\/www.europesays.com\/fr\/wp-json\/wp\/v2\/types\/post"}],"author":[{"embeddable":true,"href":"https:\/\/www.europesays.com\/fr\/wp-json\/wp\/v2\/users\/2"}],"replies":[{"embeddable":true,"href":"https:\/\/www.europesays.com\/fr\/wp-json\/wp\/v2\/comments?post=279539"}],"version-history":[{"count":0,"href":"https:\/\/www.europesays.com\/fr\/wp-json\/wp\/v2\/posts\/279539\/revisions"}],"wp:featuredmedia":[{"embeddable":true,"href":"https:\/\/www.europesays.com\/fr\/wp-json\/wp\/v2\/media\/279540"}],"wp:attachment":[{"href":"https:\/\/www.europesays.com\/fr\/wp-json\/wp\/v2\/media?parent=279539"}],"wp:term":[{"taxonomy":"category","embeddable":true,"href":"https:\/\/www.europesays.com\/fr\/wp-json\/wp\/v2\/categories?post=279539"},{"taxonomy":"post_tag","embeddable":true,"href":"https:\/\/www.europesays.com\/fr\/wp-json\/wp\/v2\/tags?post=279539"}],"curies":[{"name":"wp","href":"https:\/\/api.w.org\/{rel}","templated":true}]}}