{"id":279543,"date":"2025-07-28T12:23:09","date_gmt":"2025-07-28T12:23:09","guid":{"rendered":"https:\/\/www.europesays.com\/fr\/279543\/"},"modified":"2025-07-28T12:23:09","modified_gmt":"2025-07-28T12:23:09","slug":"pourquoi-ca-va-coincer-pendant-trois-semaines-autour-du-rondeau","status":"publish","type":"post","link":"https:\/\/www.europesays.com\/fr\/279543\/","title":{"rendered":"pourquoi \u00e7a va coincer pendant trois semaines autour du Rondeau&#8230;"},"content":{"rendered":"<p>En cette p\u00e9riode de cong\u00e9s d\u2019\u00e9t\u00e9, on s\u2019attend \u00e0 un peu moins gal\u00e9rer le matin sur les routes de l\u2019agglom\u00e9ration. Sauf que ce lundi, on \u00e9tait \u00e0 l\u2019arr\u00eat avant le <a href=\"https:\/\/www.ledauphine.com\/d\/echangeur-du-rondeau-ou-en-est-le-chantier-95a8e06d-60b2-410a-b4e4-3210965d68d5\" target=\"_blank\" rel=\"noopener\"> Rondeau<\/a>. Et <a href=\"https:\/\/www.ledauphine.com\/transport\/2025\/07\/04\/isere-metropole-de-grenoble-quelles-fermetures-cet-ete-du-cote-du-rondeau\" target=\"_blank\" rel=\"noopener\"> ces difficult\u00e9s<\/a> sont parties pour durer presque trois semaines.<\/p>\n<p>En effet, jusqu\u2019au jeudi 14\u00a0ao\u00fbt en fin de journ\u00e9e, la bretelle permettant de rejoindre la Rocade sud depuis l\u2019A480 sud (depuis Gap, Sisteron) est ferm\u00e9e \u00e0 la circulation, pour permettre notamment la reprise de la structure de chauss\u00e9e. L\u2019acc\u00e8s sera en revanche ouvert les week-ends (du vendredi\u00a016 heures jusqu\u2019au lundi\u00a05 heures du matin) pour ne pas bloquer les chass\u00e9s-crois\u00e9s des vacances.<\/p>\n<p>La d\u00e9viation se fait via l\u2019A480, avec un demi-tour \u00e0 Catane et la sortie 5a vers la RN87. Ce qui cristallise les ralentissements \u00e0 cet acc\u00e8s d\u00e9j\u00e0 satur\u00e9 le matin en temps normal\u2026 Du coup, d\u2019autres automobilistes prennent l\u2019option de sortir avant, \u00e0 Seyssins, ce qui congestionne aussi l\u2019A480 vers Lyon.<\/p>\n<p>La bonne nouvelle c\u2019est que pour faciliter les d\u00e9placements des vacanciers, \u00e0 compter du 15\u00a0ao\u00fbt, il n\u2019y aura plus de fermetures en journ\u00e9e sur l\u2019autoroute A480 et la rocade sud (RN87), dans le cadre des travaux du Rondeau.<\/p>\n<p>En parall\u00e8le, des fermetures nocturnes sont \u00e0 pr\u00e9voir jusqu\u2019au 31 juillet du c\u00f4t\u00e9 du Rondeau\u00a0:<\/p>\n<p>\u25b6 Ce lundi 28\u00a0juillet de 21\u00a0h\u00a030 \u00e0 4\u00a0h\u00a030\u00a0: depuis Chamb\u00e9ry, en direction de l\u2019A480, la nationale N87 sera ferm\u00e9e entre le diffuseur d\u2019\u00c9chirolles (n\u00b07) et l\u2019\u00e9changeur du Rondeau (n\u00b05). En direction de Lyon, la bretelle d\u2019entr\u00e9e vers l\u2019A480 Nord sera ferm\u00e9e. En direction de Sisteron, la bretelle d\u2019entr\u00e9e vers l\u2019A480 sud sera ferm\u00e9e tout comme la bretelle de sortie en direction de Chamb\u00e9ry.<\/p>\n<p>\u25b6 Mardi 29\u00a0juillet\u00a0: m\u00eames fermetures\u00a0aux m\u00eames horaires, avec, en plus, la fermeture de la bretelle d\u2019entr\u00e9e du diffuseur Lib\u00e9ration (n\u00b08) et, depuis Seyssins, de celle permettant d\u2019entrer sur l\u2019autoroute A480 sud.<\/p>\n<p>\u25b6 Mercredi 30\u00a0juillet, de 21\u00a0h \u00e0 5\u00a0h\u00a030, en direction de Lyon, l\u2019autoroute A480 sera ferm\u00e9e entre le diffuseur de Claix (n\u00b09) et le diffuseur de Lesdigui\u00e8res (n\u00b04). Depuis Chamb\u00e9ry, la bretelle d\u2019entr\u00e9e vers l\u2019autoroute A480 Nord sera ferm\u00e9e tout comme la bretelle d\u2019entr\u00e9e vers l\u2019A480 Nord depuis Seyssins.\u00a0La N85 sera \u00e9galement inaccessible.<\/p>\n<p>\u25b6 Jeudi 31\u00a0juillet, 20\u00a0h\u00a030 \u00e0 5\u00a0h\u00a030, en direction de Lyon, l\u2019A480 sera ferm\u00e9e entre le diffuseur de Claix (n\u00b09) et le diffuseur de Lesdigui\u00e8res (n\u00b04). Depuis Chamb\u00e9ry, la bretelle de sortie Lib\u00e9ration (n\u00b08) sera ferm\u00e9e ainsi que la bretelle d\u2019entr\u00e9e vers l\u2019A480 Nord. La N85 sera aussi inaccessible. Enfin, depuis Seyssins, la bretelle d\u2019entr\u00e9e vers l\u2019A480 Nord sera ferm\u00e9e.<\/p>\n<p class=\"note\">Pour en savoir plus <a href=\"https:\/\/www.a480rondeau.fr\/travaux\/\" target=\"_blank\" rel=\"noopener\">a480rondeau.fr<\/a><\/p>\n","protected":false},"excerpt":{"rendered":"En cette p\u00e9riode de cong\u00e9s d\u2019\u00e9t\u00e9, on s\u2019attend \u00e0 un peu moins gal\u00e9rer le matin sur les routes&hellip;\n","protected":false},"author":2,"featured_media":279544,"comment_status":"","ping_status":"","sticky":false,"template":"","format":"standard","meta":{"footnotes":""},"categories":[9566],"tags":[1111,11,2430,3542,9852,9853,112,113,1777,674,1011,27,2731,108,1985,12,25,12277,2803],"class_list":{"0":"post-279543","1":"post","2":"type-post","3":"status-publish","4":"format-standard","5":"has-post-thumbnail","7":"category-grenoble","8":"tag-actu","9":"tag-actualites","10":"tag-auvergne-rhone-alpes","11":"tag-circulation","12":"tag-echirolles","13":"tag-echirolles-bassin","14":"tag-edition-grenoble-agglomeration","15":"tag-edition-gresivaudan-oisans","16":"tag-eu","17":"tag-europe","18":"tag-fr","19":"tag-france","20":"tag-grenoble","21":"tag-isere","22":"tag-metropole-de-grenoble","23":"tag-news","24":"tag-republique-francaise","25":"tag-seyssins","26":"tag-transport"},"share_on_mastodon":{"url":"https:\/\/pubeurope.com\/@fr\/114930843850933920","error":""},"_links":{"self":[{"href":"https:\/\/www.europesays.com\/fr\/wp-json\/wp\/v2\/posts\/279543","targetHints":{"allow":["GET"]}}],"collection":[{"href":"https:\/\/www.europesays.com\/fr\/wp-json\/wp\/v2\/posts"}],"about":[{"href":"https:\/\/www.europesays.com\/fr\/wp-json\/wp\/v2\/types\/post"}],"author":[{"embeddable":true,"href":"https:\/\/www.europesays.com\/fr\/wp-json\/wp\/v2\/users\/2"}],"replies":[{"embeddable":true,"href":"https:\/\/www.europesays.com\/fr\/wp-json\/wp\/v2\/comments?post=279543"}],"version-history":[{"count":0,"href":"https:\/\/www.europesays.com\/fr\/wp-json\/wp\/v2\/posts\/279543\/revisions"}],"wp:featuredmedia":[{"embeddable":true,"href":"https:\/\/www.europesays.com\/fr\/wp-json\/wp\/v2\/media\/279544"}],"wp:attachment":[{"href":"https:\/\/www.europesays.com\/fr\/wp-json\/wp\/v2\/media?parent=279543"}],"wp:term":[{"taxonomy":"category","embeddable":true,"href":"https:\/\/www.europesays.com\/fr\/wp-json\/wp\/v2\/categories?post=279543"},{"taxonomy":"post_tag","embeddable":true,"href":"https:\/\/www.europesays.com\/fr\/wp-json\/wp\/v2\/tags?post=279543"}],"curies":[{"name":"wp","href":"https:\/\/api.w.org\/{rel}","templated":true}]}}