{"id":279545,"date":"2025-07-28T12:24:10","date_gmt":"2025-07-28T12:24:10","guid":{"rendered":"https:\/\/www.europesays.com\/fr\/279545\/"},"modified":"2025-07-28T12:24:10","modified_gmt":"2025-07-28T12:24:10","slug":"le-fc-grenoble-jouera-finalement-au-stade-des-alpes-pour-son-premier-match-a-domicile","status":"publish","type":"post","link":"https:\/\/www.europesays.com\/fr\/279545\/","title":{"rendered":"le FC Grenoble jouera finalement au Stade des Alpes pour son premier match \u00e0 domicile"},"content":{"rendered":"<p>\t\t\t\t\t\t\t\t\t\t\t<img loading=\"lazy\" decoding=\"async\" width=\"1110\" title=\"Pro D2 : le FC Grenoble jouera finalement au Stade des Alpes pour son premier match \u00e0 domicile\" class=\"img-fluid  mb-3\" src=\"https:\/\/www.europesays.com\/fr\/wp-content\/uploads\/2025\/07\/1110x624_pro-d2-le-fc-grenoble-jouera-finalement-au-stade-des-alpes-pour-son-premier-match-a-domicil.jpeg\" alt=\"Pro D2 : le FC Grenoble jouera finalement au Stade des Alpes pour son premier match \u00e0 domicile\" itemprop=\"image\" height=\"624\"\/>\t\t\t\t\t\t\t\t\t\t\t\t<\/p>\n<p>Pro D2 : le FC Grenoble jouera finalement au Stade des Alpes pour son premier match \u00e0 domicile &#8211; DR FCG<\/p>\n<p itemprop=\"description\"><strong>Les supporters pourront retrouver le FC Grenoble au Stade des Alpes d\u00e8s le premier match \u00e0 domicile de la saison. La suspension prononc\u00e9e apr\u00e8s les incidents \u00e0 l\u2019issue de l\u2019access match contre Perpignan a \u00e9t\u00e9 partiellement annul\u00e9e en appel.<\/strong><\/p>\n<p>La fin de saison avait \u00e9t\u00e9 mouvement\u00e9e pour le FC Grenoble. L\u2019access match du Top 14 contre Perpignan au Stade des Alpes s\u2019\u00e9tait achev\u00e9 par des tensions. Des accrochages avaient eu lieu entre les supporters des deux camps sur la pelouse du stade.<\/p>\n<p>Depuis, le doute planait pour le FC Grenoble. Sanctionn\u00e9 par la commission de discipline de Ligue nationale de rugby, le club avait \u00e9cop\u00e9 d\u2019une amende de 25 000 euros et une suspension du Stade des Alpes pour l&rsquo;ouverture du prochain exercice. La rencontre devait \u00eatre d\u00e9localis\u00e9e dans un rayon de 75 kilom\u00e8tres minimum de l\u2019enceinte grenobloise.<\/p>\n<p>Mais les Is\u00e9rois qui avaient fait appel joueront bien leur premier match du 5 septembre face \u00e0 Aurillac au Stade des Alpes dans le cadre de la 2e journ\u00e9e. La suspension de l&rsquo;enceinte pour une rencontre a bascul\u00e9 en sursis. L\u2019amende, quant \u00e0 elle, reste active et a m\u00eame \u00e9t\u00e9 augment\u00e9e \u00e0 hauteur de 35 000 euros.<\/p>\n","protected":false},"excerpt":{"rendered":"Pro D2 : le FC Grenoble jouera finalement au Stade des Alpes pour son premier match \u00e0 domicile&hellip;\n","protected":false},"author":2,"featured_media":279546,"comment_status":"","ping_status":"","sticky":false,"template":"","format":"standard","meta":{"footnotes":""},"categories":[9566],"tags":[1111,11,7733,8279,2430,7736,650,7734,2889,2263,1777,674,1011,27,2731,8280,6417,1114,108,4662,12,3725,1825,25,7737],"class_list":{"0":"post-279545","1":"post","2":"type-post","3":"status-publish","4":"format-standard","5":"has-post-thumbnail","7":"category-grenoble","8":"tag-actu","9":"tag-actualites","10":"tag-alpes","11":"tag-alpes1","12":"tag-auvergne-rhone-alpes","13":"tag-cds","14":"tag-cinema","15":"tag-ecoute","16":"tag-emission","17":"tag-equipe","18":"tag-eu","19":"tag-europe","20":"tag-fr","21":"tag-france","22":"tag-grenoble","23":"tag-haute","24":"tag-information","25":"tag-infos","26":"tag-isere","27":"tag-journal","28":"tag-news","29":"tag-podcast","30":"tag-radio","31":"tag-republique-francaise","32":"tag-winamp"},"share_on_mastodon":{"url":"https:\/\/pubeurope.com\/@fr\/114930847912165234","error":""},"_links":{"self":[{"href":"https:\/\/www.europesays.com\/fr\/wp-json\/wp\/v2\/posts\/279545","targetHints":{"allow":["GET"]}}],"collection":[{"href":"https:\/\/www.europesays.com\/fr\/wp-json\/wp\/v2\/posts"}],"about":[{"href":"https:\/\/www.europesays.com\/fr\/wp-json\/wp\/v2\/types\/post"}],"author":[{"embeddable":true,"href":"https:\/\/www.europesays.com\/fr\/wp-json\/wp\/v2\/users\/2"}],"replies":[{"embeddable":true,"href":"https:\/\/www.europesays.com\/fr\/wp-json\/wp\/v2\/comments?post=279545"}],"version-history":[{"count":0,"href":"https:\/\/www.europesays.com\/fr\/wp-json\/wp\/v2\/posts\/279545\/revisions"}],"wp:featuredmedia":[{"embeddable":true,"href":"https:\/\/www.europesays.com\/fr\/wp-json\/wp\/v2\/media\/279546"}],"wp:attachment":[{"href":"https:\/\/www.europesays.com\/fr\/wp-json\/wp\/v2\/media?parent=279545"}],"wp:term":[{"taxonomy":"category","embeddable":true,"href":"https:\/\/www.europesays.com\/fr\/wp-json\/wp\/v2\/categories?post=279545"},{"taxonomy":"post_tag","embeddable":true,"href":"https:\/\/www.europesays.com\/fr\/wp-json\/wp\/v2\/tags?post=279545"}],"curies":[{"name":"wp","href":"https:\/\/api.w.org\/{rel}","templated":true}]}}