{"id":279547,"date":"2025-07-28T12:25:15","date_gmt":"2025-07-28T12:25:15","guid":{"rendered":"https:\/\/www.europesays.com\/fr\/279547\/"},"modified":"2025-07-28T12:25:15","modified_gmt":"2025-07-28T12:25:15","slug":"a-rennes-un-opera-spectaculaire-en-plein-air-programme-fin-aout-a-lecomusee-3","status":"publish","type":"post","link":"https:\/\/www.europesays.com\/fr\/279547\/","title":{"rendered":"\u00c0 Rennes, un op\u00e9ra spectaculaire en plein air programm\u00e9 fin ao\u00fbt \u00e0 l\u2019\u00c9comus\u00e9e"},"content":{"rendered":"<p>L\u2019Op\u00e9ra de Rennes investit l\u2019\u00e9comus\u00e9e de la Bintinais pour u<a href=\"https:\/\/www.operarennes.fr\/fr\/evenement\/rinaldo-1\" target=\"_blank\" rel=\"noopener\">ne repr\u00e9sentation exceptionnelle en plein air de Rinaldo de Georg Friedrich Haendel, samedi 30\u00a0ao\u00fbt 2025<\/a>, \u00e0 18\u00a0h, \u00e0 <a href=\"https:\/\/rennes.maville.com\/actu\/actudet_-pour-obtenir-une-bonne-recolte-de-pommes-ou-de-poires-ca-se-joue-maintenant-en-bretagne-_52674-6672807_actu.Htm\" target=\"_blank\" rel=\"noopener\">l\u2019\u00c9comus\u00e9e de Rennes (Ille-et-Vilaine), \u00e0 la ferme de la Bintinais<\/a> (route de Ch\u00e2tillon-sur-Seiche). Un spectacle familial accessible d\u00e8s 10\u00a0ans, pr\u00e9cise l\u2019op\u00e9ra de Rennes, qui donne la part belle aux <strong>\u00ab\u00a0dragons, poissons fantastiques, magiciennes redoutables et chevaliers\u00a0\u00bb<\/strong> pour <strong>\u00ab\u00a0une aventure lyrique hors du commun\u00a0\u00bb<\/strong>. Au programme de cet op\u00e9ra chant\u00e9 en italien, pyrotechnies vocales et sc\u00e9nographiques\u00a0!<\/p>\n<p>Lors de sa cr\u00e9ation \u00e0 Londres en 1711, Rinaldo remporte un triomphe. Renouant avec l\u2019histoire de ce grand op\u00e9ra \u00ab\u00a0\u00e0 machines\u00a0\u00bb, la metteuse en sc\u00e8ne Claire Dancoisne a pr\u00e9sent\u00e9 \u00e0 l\u2019Op\u00e9ra de Rennes en 2021 cette production marquante par ses marionnettes fantastiques, machines infernales et effets sp\u00e9ciaux \u00e0 la puissante po\u00e9sie. Aux c\u00f4t\u00e9s de grands artistes lyriques, de com\u00e9diens et de l\u2019ensemble Le Caravans\u00e9rail dirig\u00e9 par le claveciniste Bertrand Cuiller, les grandes machines prendront vie sans artifice dans l\u2019\u00e9crin de l\u2019\u00c9comus\u00e9e de la Bintinais.<\/p>\n<p><strong>Samedi 30\u00a0ao\u00fbt 2025<\/strong>, \u00e0 18\u00a0h, op\u00e9ra Rinaldo \u00e0 l\u2019\u00e9comus\u00e9e de la Bintinais de Rennes, route de Ch\u00e2tillon-sur-Seiche. Dur\u00e9e 2\u00a0h\u00a030. <a href=\"https:\/\/www.operarennes.fr\/fr\/evenement\/rinaldo-1\" target=\"_blank\" rel=\"noopener\">Plein tarif\u00a0: 14\u00a0\u20ac (5\u00a0\u20ac avec la carte Sortir\u00a0!)<\/a>. Restauration possible durant l\u2019entracte. Accessible depuis le m\u00e9tro ligne A &#8211; arr\u00eat Triangle (20\u00a0minutes \u00e0 pied) | Bus ligne 61\u00a0&#8211; arr\u00eat Hil \/ Bintinais | V\u00e9lo piste cyclable mat\u00e9rialis\u00e9e. P\u00e9dibus organis\u00e9s \u00e0 l\u2019issue du spectacle.<\/p>\n<p>\u00a0<\/p>\n","protected":false},"excerpt":{"rendered":"L\u2019Op\u00e9ra de Rennes investit l\u2019\u00e9comus\u00e9e de la Bintinais pour une repr\u00e9sentation exceptionnelle en plein air de Rinaldo de&hellip;\n","protected":false},"author":2,"featured_media":279422,"comment_status":"","ping_status":"","sticky":false,"template":"","format":"standard","meta":{"footnotes":""},"categories":[2821],"tags":[1111,11,2965,2863,829,41886,1777,674,5729,1011,27,12,7165,5240,584,25,35018],"class_list":{"0":"post-279547","1":"post","2":"type-post","3":"status-publish","4":"format-standard","5":"has-post-thumbnail","7":"category-rennes","8":"tag-actu","9":"tag-actualites","10":"tag-air","11":"tag-aout","12":"tag-bretagne","13":"tag-ecomusee","14":"tag-eu","15":"tag-europe","16":"tag-fin","17":"tag-fr","18":"tag-france","19":"tag-news","20":"tag-opera","21":"tag-programme","22":"tag-rennes","23":"tag-republique-francaise","24":"tag-spectaculaire"},"share_on_mastodon":{"url":"https:\/\/pubeurope.com\/@fr\/114930851755481558","error":""},"_links":{"self":[{"href":"https:\/\/www.europesays.com\/fr\/wp-json\/wp\/v2\/posts\/279547","targetHints":{"allow":["GET"]}}],"collection":[{"href":"https:\/\/www.europesays.com\/fr\/wp-json\/wp\/v2\/posts"}],"about":[{"href":"https:\/\/www.europesays.com\/fr\/wp-json\/wp\/v2\/types\/post"}],"author":[{"embeddable":true,"href":"https:\/\/www.europesays.com\/fr\/wp-json\/wp\/v2\/users\/2"}],"replies":[{"embeddable":true,"href":"https:\/\/www.europesays.com\/fr\/wp-json\/wp\/v2\/comments?post=279547"}],"version-history":[{"count":0,"href":"https:\/\/www.europesays.com\/fr\/wp-json\/wp\/v2\/posts\/279547\/revisions"}],"wp:featuredmedia":[{"embeddable":true,"href":"https:\/\/www.europesays.com\/fr\/wp-json\/wp\/v2\/media\/279422"}],"wp:attachment":[{"href":"https:\/\/www.europesays.com\/fr\/wp-json\/wp\/v2\/media?parent=279547"}],"wp:term":[{"taxonomy":"category","embeddable":true,"href":"https:\/\/www.europesays.com\/fr\/wp-json\/wp\/v2\/categories?post=279547"},{"taxonomy":"post_tag","embeddable":true,"href":"https:\/\/www.europesays.com\/fr\/wp-json\/wp\/v2\/tags?post=279547"}],"curies":[{"name":"wp","href":"https:\/\/api.w.org\/{rel}","templated":true}]}}