{"id":279548,"date":"2025-07-28T12:26:13","date_gmt":"2025-07-28T12:26:13","guid":{"rendered":"https:\/\/www.europesays.com\/fr\/279548\/"},"modified":"2025-07-28T12:26:13","modified_gmt":"2025-07-28T12:26:13","slug":"violences-refus-dobtemperer-policier-legerement-blesse-a-rennes-la-police-tres-mobilisee-ce-week-end","status":"publish","type":"post","link":"https:\/\/www.europesays.com\/fr\/279548\/","title":{"rendered":"Violences, refus d&rsquo;obtemp\u00e9rer, policier l\u00e9g\u00e8rement bless\u00e9\u2026 \u00c0 Rennes, la police tr\u00e8s mobilis\u00e9e ce week-end"},"content":{"rendered":"<p>            Par<br \/>\n        <strong><br \/>\n            <a href=\"https:\/\/actu.fr\/auteur\/brian-legoff\" title=\"Consulter tous les articles de Brian Le Goff\" target=\"_blank\" rel=\"noopener\">Brian Le Goff<\/a><br \/>\n        <\/strong><\/p>\n<p>        Publi\u00e9 le<\/p>\n<p>            28 juil. 2025 \u00e0 13h27        <\/p>\n<p>Il y a des<strong> week-ends plus marquants que d\u2019autres<\/strong> chez les policiers rennais. Et celui qui s\u2019est achev\u00e9, dimanche 27\u00a0juillet, a, semble-t-il, \u00e9t\u00e9 l\u2019un d\u2019eux, selon plusieurs faits rapport\u00e9s aux m\u00e9dias. D\u2019une altercation qui abouti au <strong>bris d\u2019une vitrine<\/strong> de commer\u00e7ant au <strong>vol<\/strong> de <a href=\"https:\/\/actu.fr\/tag\/carburants\" target=\"_blank\" rel=\"noopener\">carburant<\/a> dans des v\u00e9hicules d\u2019une soci\u00e9t\u00e9 de transport en passant par un bouquiniste <strong>menac\u00e9 de mort<\/strong> et un <a href=\"https:\/\/actu.fr\/tag\/refus-d-obtemperer\" target=\"_blank\" rel=\"noopener\">refus d\u2019obtemp\u00e9rer<\/a> qui engendre des blessures tr\u00e8s l\u00e9g\u00e8res \u00e0 un policier,<a href=\"https:\/\/actu.fr\/rennes\/\" target=\"_blank\" rel=\"noopener\"> actu Rennes<\/a> revient avec plusieurs sources concordantes au sein des forces de l\u2019ordre sur les principales interventions qui ont mobilis\u00e9 la <a href=\"https:\/\/actu.fr\/tag\/police\" target=\"_blank\" rel=\"noopener\">police<\/a> entre vendredi\u00a025 et dimanche 27\u00a0juillet.<\/p>\n<p>Une vitrine bris\u00e9e, rue d\u2019Isly<\/p>\n<p class=\" wall-content\"><strong>Vendredi 25\u00a0juillet, vers 14h30,<\/strong> la Bac (brigade anti-criminalit\u00e9) a \u00e9t\u00e9 d\u00e9p\u00each\u00e9e rue d\u2019Isly, pr\u00e8s de l\u2019esplanade Charles-de-Gaulle, dans le centre-ville.<\/p>\n<p class=\" wall-content\">Quelques minutes plus t\u00f4t, un \u00e9change vif a oppos\u00e9 un commer\u00e7ant et un <strong>jeune homme<\/strong> de 23\u00a0ans. Le premier reprochait au second sa <strong>consommation de protoxyde d\u2019azote<\/strong> devant sa boutique. Il lui a demand\u00e9 de s\u2019en aller.<\/p>\n<p class=\" wall-content\">Le jeune homme n\u2019a pas appr\u00e9ci\u00e9 et a <strong>lanc\u00e9 sa bonbonne de gaz hilarant <\/strong>sur la vitrine du commer\u00e7ant. Cette derni\u00e8re s\u2019est bris\u00e9e. Le<strong> g\u00e9rant a \u00e9t\u00e9 l\u00e9g\u00e8rement bless\u00e9<\/strong> par les morceaux de verre.<\/p>\n<p class=\" wall-content\">La<strong> Bac a interpell\u00e9 l\u2019individu<\/strong> et l\u2019a plac\u00e9 en garde \u00e0 vue. La proc\u00e9dure judiciaire se poursuit ce lundi 28\u00a0juillet. Il a \u00e9t\u00e9<strong> remis en libert\u00e9<\/strong> dimanche et serait <strong>convoqu\u00e9 ult\u00e9rieurement<\/strong> pour \u00eatre jug\u00e9 apr\u00e8s avoir reconnu sa culpabilit\u00e9.<\/p>\n<p>Ivre, il se fait virer de bo\u00eete et met le feu \u00e0 une poubelle<\/p>\n<p class=\" wall-content\">Dans la nuit de vendredi \u00e0 samedi, c\u2019est un <strong>homme de 24\u00a0ans<\/strong> qui a \u00e9t\u00e9 interpell\u00e9 pr\u00e8s de la <strong>bo\u00eete de nuit L\u2019Espace<\/strong>. Alcoolis\u00e9, suite \u00e0 diff\u00e9rentes altercations, notamment \u00e0 l\u2019int\u00e9rieur de la discoth\u00e8que, les videurs ont d\u00e9cid\u00e9 de faire sortir le jeune homme.<\/p>\n<p class=\" wall-content\">Celui-ci n\u2019a<strong> pas appr\u00e9ci\u00e9 de ne pas pouvoir terminer<\/strong> sa soir\u00e9e. Il a ainsi <strong>mis le feu \u00e0 une poubelle<\/strong> \u00e0 proximit\u00e9, avant de tenter de s\u2019enfuir. Il a \u00e9t\u00e9 rattrap\u00e9 par les agents de s\u00e9curit\u00e9. Les policiers l\u2019ont ensuite <strong>interpell\u00e9<\/strong> et plac\u00e9 en garde \u00e0 vue.<\/p>\n<p class=\" wall-content\">Il a fait l\u2019objet <strong>d\u2019une composition p\u00e9nale, soit une amende.<\/strong><\/p>\n<p>Refus d\u2019obtemp\u00e9rer et r\u00e9bellion<\/p>\n<p class=\" wall-content\">Samedi midi, rue de la Marbaudais, dans le quartier de <a href=\"https:\/\/actu.fr\/tag\/maurepas\" target=\"_blank\" rel=\"noopener\">Maurepas<\/a> au nord de Rennes, la brigade sp\u00e9cialis\u00e9e de terrain (BST) voit un<strong> jeune homme monter sur un scooter sans casque<\/strong>.<\/p>\n<p class=\" wall-content\">Les forces de l\u2019ordre<strong> tentent alors de l\u2019arr\u00eater,<\/strong> mais l\u2019homme refuse d\u2019obtemp\u00e9rer malgr\u00e9 les injonctions.<strong> Outrage, r\u00e9bellion\u2026<\/strong> Il ne se laisse pas facilement interpeller et <strong>blesse l\u00e9g\u00e8rement un policier<\/strong> aux mains.<\/p>\n<p class=\" wall-content\">Malgr\u00e9 cette intervention muscl\u00e9e, l\u2019homme <strong>a finalement \u00e9t\u00e9 lib\u00e9r\u00e9, sans suite judiciaire,<\/strong> selon les informations qui nous ont \u00e9t\u00e9 communiqu\u00e9es par plusieurs sources polici\u00e8res.<\/p>\n<p>Il menace de mort un bouquiniste place Sainte-Anne<\/p>\n<p class=\" wall-content\">Un peu plus tard, dans l\u2019apr\u00e8s-midi, un<strong> mineur \u00e2g\u00e9 de 17\u00a0ans,<\/strong> qui <strong>dealait<\/strong> selon les t\u00e9moignages sur place, <strong>occupait l\u2019\u00e9tal d\u2019un bouquiniste<\/strong>, sur la place Sainte-Anne. \u00c0 plusieurs reprises, ce dernier lui a demand\u00e9 de quitter son stand et a fini par appeler la police, alors que le <strong>mineur l\u2019insultait et le mena\u00e7ait de mort.<\/strong><\/p>\n<p class=\" wall-content\">Le mis en cause a quitt\u00e9 les lieux au moment o\u00f9 la police a d\u00e9barqu\u00e9 et<strong> a pris la fuite sur sa trottinette<\/strong> dans une \u00ab\u2009esp\u00e8ce de course-poursuite\u2009\u00bb avec les policiers.<\/p>\n<p class=\" wall-content\">Il est finalement <strong>interpell\u00e9 et plac\u00e9 en garde \u00e0 vue.<\/strong> Mais l\u2019affaire est <strong>class\u00e9e sans suite,<\/strong> selon les informations recueillies aupr\u00e8s des forces de l\u2019ordre par actu Rennes.<\/p>\n<p>Vol de carburant dans une soci\u00e9t\u00e9 de transport<\/p>\n<p class=\" wall-content\">Enfin, <strong>dans la nuit du samedi\u00a026 au dimanche 27\u00a0juillet, aux alentours de 4h,<\/strong> la Bac de nuit a interpell\u00e9 un individu en train de <strong>siphonner des r\u00e9servoirs de camions<\/strong> d\u2019une soci\u00e9t\u00e9 de transport, rue Jacqueline-Auriol, \u00e0 Saint-Jacques-de-la-Lande.<\/p>\n<p class=\" wall-content\"><strong>N\u00e9 en 2005,<\/strong> l\u2019auteur du vol allait transporter son butin <strong>dans une camionnette non-assur\u00e9e<\/strong>.<\/p>\n<p class=\" wall-content\">Plac\u00e9 en garde \u00e0 vue, il a \u00e9t\u00e9 <strong>lib\u00e9r\u00e9<\/strong>, il recevra une <strong>ordonnance p\u00e9nale, qui devrait \u00eatre une amende<\/strong>.<\/p>\n<p>\u00ab\u2009Tout le monde est atterr\u00e9 des punitions\u2009\u00bb<\/p>\n<p class=\" wall-content\">Face \u00e0 ces nombreux faits et les suites pr\u00e9vues, une <strong>certaine frustration habite les forces de l\u2019ordre<\/strong> apr\u00e8s ce week-end\u2009: \u00ab\u2009Tout le monde est atterr\u00e9 des punitions qu\u2019ils prennent. <strong>On parle de violences, de l\u00e9g\u00e8res blessures sur un policier, de refus d\u2019obtemp\u00e9rer.<\/strong> Alors, quand on voit ce qu\u2019ils prennent, on se demande ce qu\u2019il faut faire.\u2009\u00bb<\/p>\n<p class=\" wall-content\">Suivez toute l\u2019actualit\u00e9 de vos villes et m\u00e9dias favoris en vous inscrivant \u00e0 <a href=\"https:\/\/moncompte.actu.fr\" title=\"D\u00e9couvez Mon Actu\" rel=\"nofollow noopener\" data-trk=\"{&quot;cta&quot;:{&quot;action&quot;:&quot;https:\\\/\\\/moncompte.actu.fr&quot;,&quot;category&quot;:&quot;mon compte&quot;,&quot;from&quot;:&quot;article footer&quot;,&quot;name&quot;:&quot;Mon actu&quot;,&quot;type&quot;:&quot;cta&quot;}}\" target=\"_blank\">Mon Actu<\/a>.<\/p>\n","protected":false},"excerpt":{"rendered":"Par Brian Le Goff Publi\u00e9 le 28 juil. 2025 \u00e0 13h27 Il y a des week-ends plus marquants&hellip;\n","protected":false},"author":2,"featured_media":279549,"comment_status":"","ping_status":"","sticky":false,"template":"","format":"standard","meta":{"footnotes":""},"categories":[2821],"tags":[1111,11,5702,829,1777,674,118,1011,27,12,1072,2852,584,25],"class_list":{"0":"post-279548","1":"post","2":"type-post","3":"status-publish","4":"format-standard","5":"has-post-thumbnail","7":"category-rennes","8":"tag-actu","9":"tag-actualites","10":"tag-alcool","11":"tag-bretagne","12":"tag-eu","13":"tag-europe","14":"tag-faits-divers","15":"tag-fr","16":"tag-france","17":"tag-news","18":"tag-police","19":"tag-refus-dobtemperer","20":"tag-rennes","21":"tag-republique-francaise"},"share_on_mastodon":{"url":"https:\/\/pubeurope.com\/@fr\/114930855745351507","error":""},"_links":{"self":[{"href":"https:\/\/www.europesays.com\/fr\/wp-json\/wp\/v2\/posts\/279548","targetHints":{"allow":["GET"]}}],"collection":[{"href":"https:\/\/www.europesays.com\/fr\/wp-json\/wp\/v2\/posts"}],"about":[{"href":"https:\/\/www.europesays.com\/fr\/wp-json\/wp\/v2\/types\/post"}],"author":[{"embeddable":true,"href":"https:\/\/www.europesays.com\/fr\/wp-json\/wp\/v2\/users\/2"}],"replies":[{"embeddable":true,"href":"https:\/\/www.europesays.com\/fr\/wp-json\/wp\/v2\/comments?post=279548"}],"version-history":[{"count":0,"href":"https:\/\/www.europesays.com\/fr\/wp-json\/wp\/v2\/posts\/279548\/revisions"}],"wp:featuredmedia":[{"embeddable":true,"href":"https:\/\/www.europesays.com\/fr\/wp-json\/wp\/v2\/media\/279549"}],"wp:attachment":[{"href":"https:\/\/www.europesays.com\/fr\/wp-json\/wp\/v2\/media?parent=279548"}],"wp:term":[{"taxonomy":"category","embeddable":true,"href":"https:\/\/www.europesays.com\/fr\/wp-json\/wp\/v2\/categories?post=279548"},{"taxonomy":"post_tag","embeddable":true,"href":"https:\/\/www.europesays.com\/fr\/wp-json\/wp\/v2\/tags?post=279548"}],"curies":[{"name":"wp","href":"https:\/\/api.w.org\/{rel}","templated":true}]}}