{"id":279550,"date":"2025-07-28T12:27:11","date_gmt":"2025-07-28T12:27:11","guid":{"rendered":"https:\/\/www.europesays.com\/fr\/279550\/"},"modified":"2025-07-28T12:27:11","modified_gmt":"2025-07-28T12:27:11","slug":"strasbourg-ses-legendaires-velos-vous-font-rever-la-poste-vend-des-deux-roues-de-facteurs-reconditionnes","status":"publish","type":"post","link":"https:\/\/www.europesays.com\/fr\/279550\/","title":{"rendered":"Strasbourg. Ses l\u00e9gendaires v\u00e9los vous font r\u00eaver ? La Poste vend des deux-roues de facteurs reconditionn\u00e9s"},"content":{"rendered":"<p>Suite \u00e0 une exp\u00e9rimentation dans trois d\u00e9partements fran\u00e7ais et 1\u00a0500 v\u00e9los vendus, La Poste \u00e9tend la commercialisation de <a href=\"https:\/\/www.dna.fr\/insolite\/2025\/05\/20\/cinq-jours-de-velo-pour-des-facteurs-de-paris-a-strasbourg\" target=\"_blank\" rel=\"nofollow noopener\">v\u00e9los de facteurs<\/a> reconditionn\u00e9s \u00e0 quatre bureaux de poste en Alsace\u00a0: <a href=\"https:\/\/www.dna.fr\/economie\/2025\/06\/16\/la-poste-annonce-la-fermeture-de-deux-nouveaux-bureaux\" target=\"_blank\" rel=\"nofollow noopener\">Strasbourg Fonderie<\/a>, Haguenau Th\u00e9\u00e2tre, Mulhouse Dornach et Colmar Champ de Mars.<\/p>\n<p>La bicyclette \u00e0 assistance \u00e9lectrique a une autonomie de 60 kilom\u00e8tres, est compos\u00e9e \u00e0 70\u00a0% de pi\u00e8ces recycl\u00e9es et garantie deux ans. \u00ab\u00a0Chaque acheteur peut choisir la couleur du v\u00e9lo et les options parmi le panier avant, le porte-b\u00e9b\u00e9 et les sacoches. Le tout pour 1\u00a0490\u00a0euros\u00a0\u00bb, d\u00e9taille David Godart, directeur de secteur de La Poste.<\/p>\n<p>Ce contenu est bloqu\u00e9 car vous n&rsquo;avez pas accept\u00e9 les cookies et autres traceurs.<\/p>\n<p>En cliquant sur \u00ab J\u2019accepte \u00bb, les cookies et autres traceurs seront d\u00e9pos\u00e9s et vous pourrez visualiser les contenus  (<a href=\"\" class=\"consentModule_policy\" target=\"_blank\" title=\"Consulter la politique de protection des donn\u00e9es du fournisseur\">plus d&rsquo;informations<\/a>).<\/p>\n<p>En cliquant sur \u00ab J\u2019accepte tous les cookies \u00bb, vous autorisez des d\u00e9p\u00f4ts de cookies et autres traceurs pour le stockage de vos donn\u00e9es sur nos sites et applications \u00e0 des fins de personnalisation et de ciblage publicitaire.<\/p>\n<p class=\"consentModule_secondaryText\">Vous gardez la possibilit\u00e9 de retirer votre consentement \u00e0 tout moment en consultant notre <a href=\"https:\/\/www.dna.fr\/protection-des-donnees\" target=\"_blank\" title=\"Consulter notre politique de protection des donn\u00e9es\" rel=\"nofollow noopener\">politique de protection des donn\u00e9es<\/a>. <br \/>&#13;<br \/>\n            <a href=\"https:\/\/www.dna.fr\/economie\/2025\/07\/28\/javascript:Didomi.notice.show()\" class=\"consentModule_cmp\" rel=\"nofollow noopener\" target=\"_blank\">G\u00e9rer mes choix<\/a>&#13;\n        <\/p>\n<p>&#13;<br \/>\n                        J&rsquo;accepte&#13;<br \/>\n            J&rsquo;accepte tous les cookies&#13;\n        <\/p>\n<p>Avec 65\u00a0000 facteurs et une dur\u00e9e de vie des v\u00e9los de cinq \u00e0 six ans, il assure que la flotte est loin d\u2019\u00eatre \u00e9puis\u00e9e sachant que \u00ab\u00a0tous les v\u00e9los sont reconditionn\u00e9s dans les ateliers tourangeaux de Nouvelle ligne, filiale de La Poste sp\u00e9cialis\u00e9e dans l\u2019insertion par le travail\u00a0\u00bb.<\/p>\n","protected":false},"excerpt":{"rendered":"Suite \u00e0 une exp\u00e9rimentation dans trois d\u00e9partements fran\u00e7ais et 1\u00a0500 v\u00e9los vendus, La Poste \u00e9tend la commercialisation de&hellip;\n","protected":false},"author":2,"featured_media":279551,"comment_status":"","ping_status":"","sticky":false,"template":"","format":"standard","meta":{"footnotes":""},"categories":[2820],"tags":[1111,11,4406,33,2880,1777,674,107,1011,27,775,12,25,640,2879,2803,216],"class_list":{"0":"post-279550","1":"post","2":"type-post","3":"status-publish","4":"format-standard","5":"has-post-thumbnail","7":"category-strasbourg","8":"tag-actu","9":"tag-actualites","10":"tag-commerce-et-services","11":"tag-economie","12":"tag-edition-strasbourg","13":"tag-eu","14":"tag-europe","15":"tag-fil-info","16":"tag-fr","17":"tag-france","18":"tag-grand-est","19":"tag-news","20":"tag-republique-francaise","21":"tag-strasbourg","22":"tag-strasbourg-ville","23":"tag-transport","24":"tag-vie-des-entreprises"},"share_on_mastodon":{"url":"https:\/\/pubeurope.com\/@fr\/114930859549174586","error":""},"_links":{"self":[{"href":"https:\/\/www.europesays.com\/fr\/wp-json\/wp\/v2\/posts\/279550","targetHints":{"allow":["GET"]}}],"collection":[{"href":"https:\/\/www.europesays.com\/fr\/wp-json\/wp\/v2\/posts"}],"about":[{"href":"https:\/\/www.europesays.com\/fr\/wp-json\/wp\/v2\/types\/post"}],"author":[{"embeddable":true,"href":"https:\/\/www.europesays.com\/fr\/wp-json\/wp\/v2\/users\/2"}],"replies":[{"embeddable":true,"href":"https:\/\/www.europesays.com\/fr\/wp-json\/wp\/v2\/comments?post=279550"}],"version-history":[{"count":0,"href":"https:\/\/www.europesays.com\/fr\/wp-json\/wp\/v2\/posts\/279550\/revisions"}],"wp:featuredmedia":[{"embeddable":true,"href":"https:\/\/www.europesays.com\/fr\/wp-json\/wp\/v2\/media\/279551"}],"wp:attachment":[{"href":"https:\/\/www.europesays.com\/fr\/wp-json\/wp\/v2\/media?parent=279550"}],"wp:term":[{"taxonomy":"category","embeddable":true,"href":"https:\/\/www.europesays.com\/fr\/wp-json\/wp\/v2\/categories?post=279550"},{"taxonomy":"post_tag","embeddable":true,"href":"https:\/\/www.europesays.com\/fr\/wp-json\/wp\/v2\/tags?post=279550"}],"curies":[{"name":"wp","href":"https:\/\/api.w.org\/{rel}","templated":true}]}}