{"id":279564,"date":"2025-07-28T12:34:17","date_gmt":"2025-07-28T12:34:17","guid":{"rendered":"https:\/\/www.europesays.com\/fr\/279564\/"},"modified":"2025-07-28T12:34:17","modified_gmt":"2025-07-28T12:34:17","slug":"un-homme-mis-en-examen-pour-homicide-routier-apres-un-accident-pres-de-lacanau","status":"publish","type":"post","link":"https:\/\/www.europesays.com\/fr\/279564\/","title":{"rendered":"un homme mis en examen pour homicide routier apr\u00e8s un accident pr\u00e8s de Lacanau"},"content":{"rendered":"<p>Le parquet de Bordeaux indique ce lundi avoir mis en examen un trentenaire, qui a perdu le contr\u00f4le de sa voiture dans la nuit de vendredi \u00e0 samedi pr\u00e8s de Lacanau. Son passager est mort dans l\u2019accident.<\/p>\n<p class=\"fig-paragraph\">Le trentenaire qui\u00a0<a href=\"http:\/\/www.lefigaro.fr\/bordeaux\/accident-mortel-la-nuit-de-noel-sur-l-a10-l-automobiliste-drogue-qui-a-tue-une-sexagenaire-et-blesse-une-femme-enceinte-incarcere-20241230\" data-fig-type=\"NewsFlash\" data-gtm-custom-categorie=\"navigation\" data-gtm-custom-action=\"crossclick\" data-gtm-custom-label=\"Contextuel\" data-gtm-event=\"customEventSPE\" data-fig-domain=\"LEFIGARO\" target=\"_blank\" rel=\"noopener\">a perdu le contr\u00f4le de son v\u00e9hicule<\/a>\u00a0pr\u00e8s de Lacanau et provoqu\u00e9\u00a0<a href=\"http:\/\/www.lefigaro.fr\/bordeaux\/deux-ans-et-demi-apres-avoir-tue-deux-femmes-en-foncant-dans-une-maison-avec-sa-voiture-le-conducteur-ecope-d-un-an-ferme-20240314\" data-fig-type=\"NewsFlash\" data-gtm-custom-categorie=\"navigation\" data-gtm-custom-action=\"crossclick\" data-gtm-custom-label=\"Contextuel\" data-gtm-event=\"customEventSPE\" data-fig-domain=\"LEFIGARO\" target=\"_blank\" rel=\"noopener\">la mort de son passager<\/a>, dans la nuit de vendredi \u00e0 samedi, est mis en examen.<\/p>\n<p class=\"fig-paragraph\">L\u2019automobiliste est vis\u00e9 du chef \u00abd\u2019homicide routier\u00bb en raison d\u2019une circonstance aggravante\u00a0: il conduisait en effet\u00a0<a href=\"http:\/\/www.lefigaro.fr\/bordeaux\/enfant-tue-en-mer-a-arcachon-le-pecheur-responsable-de-l-accident-avait-consomme-de-la-cocaine-et-du-cannabis-20250523\" data-fig-type=\"NewsFlash\" data-gtm-custom-categorie=\"navigation\" data-gtm-custom-action=\"crossclick\" data-gtm-custom-label=\"Contextuel\" data-gtm-event=\"customEventSPE\" data-fig-domain=\"LEFIGARO\" target=\"_blank\" rel=\"noopener\">sous l\u2019empire de l\u2019alcool (0,72\u00a0mg d\u2019alcool<\/a>\u00a0par litre de sang expir\u00e9), d\u00e9taille le parquet de Bordeaux dans un communiqu\u00e9 ce lundi.<\/p>\n<p>                                    <a class=\"fig-a11y-skip a11y-hidden\" href=\"#fig-a11y-skip-main-inarticle\"><br \/>\n        Passer la publicit\u00e9<br \/>\n    <\/a><\/p>\n<p class=\"fig-paragraph\">La victime, \u00e2g\u00e9e de 36 ans, a succomb\u00e9 \u00e0 ses blessures rapidement apr\u00e8s l\u2019accident. Le conducteur, lui, est indemne. Il a \u00e9t\u00e9 plac\u00e9 sous contr\u00f4le judiciaire dans l\u2019attente de son jugement, conform\u00e9ment aux r\u00e9quisitions du minist\u00e8re public. Il encourt jusqu\u2019\u00e0 10 ans de prison et 150.000 euros d\u2019amende s\u2019il est reconnu coupable des faits qui lui sont reproch\u00e9s.<\/p>\n","protected":false},"excerpt":{"rendered":"Le parquet de Bordeaux indique ce lundi avoir mis en examen un trentenaire, qui a perdu le contr\u00f4le&hellip;\n","protected":false},"author":2,"featured_media":279565,"comment_status":"","ping_status":"","sticky":false,"template":"","format":"standard","meta":{"footnotes":""},"categories":[2817],"tags":[4376,1111,11,1997,1777,674,1011,27,2683,12,2219,25],"class_list":{"0":"post-279564","1":"post","2":"type-post","3":"status-publish","4":"format-standard","5":"has-post-thumbnail","7":"category-bordeaux","8":"tag-accident-de-la-route","9":"tag-actu","10":"tag-actualites","11":"tag-bordeaux","12":"tag-eu","13":"tag-europe","14":"tag-fr","15":"tag-france","16":"tag-homicide","17":"tag-news","18":"tag-nouvelle-aquitaine","19":"tag-republique-francaise"},"share_on_mastodon":{"url":"https:\/\/pubeurope.com\/@fr\/114930887173269299","error":""},"_links":{"self":[{"href":"https:\/\/www.europesays.com\/fr\/wp-json\/wp\/v2\/posts\/279564","targetHints":{"allow":["GET"]}}],"collection":[{"href":"https:\/\/www.europesays.com\/fr\/wp-json\/wp\/v2\/posts"}],"about":[{"href":"https:\/\/www.europesays.com\/fr\/wp-json\/wp\/v2\/types\/post"}],"author":[{"embeddable":true,"href":"https:\/\/www.europesays.com\/fr\/wp-json\/wp\/v2\/users\/2"}],"replies":[{"embeddable":true,"href":"https:\/\/www.europesays.com\/fr\/wp-json\/wp\/v2\/comments?post=279564"}],"version-history":[{"count":0,"href":"https:\/\/www.europesays.com\/fr\/wp-json\/wp\/v2\/posts\/279564\/revisions"}],"wp:featuredmedia":[{"embeddable":true,"href":"https:\/\/www.europesays.com\/fr\/wp-json\/wp\/v2\/media\/279565"}],"wp:attachment":[{"href":"https:\/\/www.europesays.com\/fr\/wp-json\/wp\/v2\/media?parent=279564"}],"wp:term":[{"taxonomy":"category","embeddable":true,"href":"https:\/\/www.europesays.com\/fr\/wp-json\/wp\/v2\/categories?post=279564"},{"taxonomy":"post_tag","embeddable":true,"href":"https:\/\/www.europesays.com\/fr\/wp-json\/wp\/v2\/tags?post=279564"}],"curies":[{"name":"wp","href":"https:\/\/api.w.org\/{rel}","templated":true}]}}