{"id":279566,"date":"2025-07-28T12:35:10","date_gmt":"2025-07-28T12:35:10","guid":{"rendered":"https:\/\/www.europesays.com\/fr\/279566\/"},"modified":"2025-07-28T12:35:10","modified_gmt":"2025-07-28T12:35:10","slug":"un-homme-est-mort-apres-avoir-ete-percute-par-une-voiture","status":"publish","type":"post","link":"https:\/\/www.europesays.com\/fr\/279566\/","title":{"rendered":"un homme est mort apr\u00e8s avoir \u00e9t\u00e9 percut\u00e9 par une voiture"},"content":{"rendered":"<p>            Par<br \/>\n        <strong><br \/>\n            <a href=\"https:\/\/actu.fr\/auteur\/paul-2\" title=\"Consulter tous les articles de Paul Halbedel\" rel=\"nofollow noopener\" target=\"_blank\">Paul Halbedel<\/a><br \/>\n        <\/strong><\/p>\n<p>        Publi\u00e9 le<\/p>\n<p>            28 juil. 2025 \u00e0 12h44        <\/p>\n<p>Un terrible accident de la route s\u2019est produit dimanche 27 juillet en soir\u00e9e sur la <strong>D813<\/strong> \u00e0 <a href=\"https:\/\/actu.fr\/occitanie\/pompertuzat_31429\" rel=\"nofollow noopener\" target=\"_blank\">Pompertuzat<\/a>, en <a href=\"https:\/\/actu.fr\/occitanie\/haute-garonne_31\" rel=\"nofollow noopener\" target=\"_blank\">Haute-Garonne<\/a>. Vers 23\u2009h\u200930, les secours ont \u00e9t\u00e9 appel\u00e9s apr\u00e8s une <strong>collision survenue entre une voiture et une trottinette<\/strong>, dans cette petite commune situ\u00e9e \u00e0 une vingtaine de kilom\u00e8tres au sud-est de Toulouse.<\/p>\n<p>    <a href=\"https:\/\/www.google.com\/maps\/embed?pb=!1m18!1m12!1m3!1d46308.941393241425!2d1.4787497076073115!3d43.49589246908333!2m3!1f0!2f0!3f0!3m2!1i1024!2i768!4f13.1!3m3!1m2!1s0x12aebfdf7247b7c5%3A0x406f69c2f411810!2s31450%20Pompertuzat!5e0!3m2!1sfr!2sfr!4v1753696372226!5m2!1sfr!2sfr\" title=\"Ouvrie le lien\" rel=\"nofollow noopener\" target=\"_blank\">Cliquez ici pour visualiser le contenu<\/a><\/p>\n<p class=\" wall-content\">\u00ab\u2009Deux fr\u00e8res \u00e9taient sur la trottinette, au niveau d\u2019un feu tricolore. <strong>Ils ont franchi le passage pi\u00e9ton et ont \u00e9t\u00e9 percut\u00e9s par une voiture<\/strong>, dont le conducteur \u00e9tait \u00e2g\u00e9 de 19\u00a0ans\u2009\u00bb, renseigne la gendarmerie. \u00ab\u2009L\u2019accident a eu lieu <strong>sur l\u2019avenue du Lauragais<\/strong>, en face d\u2019Intermarch\u00e9\u2009\u00bb, pr\u00e9cise le Service d\u00e9partemental d\u2019incendie et de secours \u00e0 <a href=\"https:\/\/actu.fr\/voix-du-midi-lauragais\/\" rel=\"nofollow noopener\" target=\"_blank\">Voix du Midi Lauragais<\/a>.<\/p>\n<p>La victime d\u00e9c\u00e8de \u00e0 l\u2019h\u00f4pital<\/p>\n<p class=\" wall-content\">L\u2019un des deux occupants de la trottinette a \u00e9t\u00e9 projet\u00e9 \u00e0 plusieurs m\u00e8tres de l\u2019engin. Pris en charge par les pompiers, il a \u00e9t\u00e9 transport\u00e9 vers l\u2019h\u00f4pital Purpan \u00e0 Toulouse dans un \u00e9tat jug\u00e9 grave par ces derniers. <strong>\u00ab\u2009Il est d\u00e9c\u00e9d\u00e9 dans les services de soins intensifs\u2009\u00bb<\/strong>, informe la gendarmerie au lendemain de l\u2019accident.<\/p>\n<p class=\" wall-content\">Selon nos informations, les deux hommes qui circulaient sur l\u2019engin \u00e0 deux roues \u00e9taient adultes. Celui qui a perdu la vie dans cet accident avait <strong>33\u00a0ans<\/strong>.<\/p>\n<p class=\" wall-content\">Lundi 14\u00a0juillet, <a href=\"https:\/\/actu.fr\/occitanie\/auterive_31033\/grave-accident-de-trottinette-electrique-au-sud-de-toulouse-un-homme-transfere-en-helicoptere-vers-lhopital_62912353.html\" rel=\"nofollow noopener\" target=\"_blank\">un grave accident de trottinette s\u2019\u00e9tait d\u00e9j\u00e0 d\u00e9roul\u00e9 dans le Lauragais<\/a>, \u00e0 Auterive. Gravement bless\u00e9, <strong>un homme de 21\u00a0ans avait d\u00fb \u00eatre h\u00e9liport\u00e9 par le Samu en urgence absolue<\/strong> vers un centre hospitalier toulousain.<\/p>\n<p class=\" wall-content\"><strong>Avec Ana\u00eblle Montagne<\/strong><\/p>\n<p class=\" wall-content\">Suivez toute l\u2019actualit\u00e9 de vos villes et m\u00e9dias favoris en vous inscrivant \u00e0 <a href=\"https:\/\/moncompte.actu.fr\" title=\"D\u00e9couvez Mon Actu\" rel=\"nofollow noopener\" data-trk=\"{&quot;cta&quot;:{&quot;action&quot;:&quot;https:\\\/\\\/moncompte.actu.fr&quot;,&quot;category&quot;:&quot;mon compte&quot;,&quot;from&quot;:&quot;article footer&quot;,&quot;name&quot;:&quot;Mon actu&quot;,&quot;type&quot;:&quot;cta&quot;}}\" target=\"_blank\">Mon Actu<\/a>.<\/p>\n","protected":false},"excerpt":{"rendered":"Par Paul Halbedel Publi\u00e9 le 28 juil. 2025 \u00e0 12h44 Un terrible accident de la route s\u2019est produit&hellip;\n","protected":false},"author":2,"featured_media":279567,"comment_status":"","ping_status":"","sticky":false,"template":"","format":"standard","meta":{"footnotes":""},"categories":[2816],"tags":[119,1111,11,1777,674,118,1011,27,3381,12,2680,1311,25,2312],"class_list":{"0":"post-279566","1":"post","2":"type-post","3":"status-publish","4":"format-standard","5":"has-post-thumbnail","7":"category-toulouse","8":"tag-accident","9":"tag-actu","10":"tag-actualites","11":"tag-eu","12":"tag-europe","13":"tag-faits-divers","14":"tag-fr","15":"tag-france","16":"tag-gendarmerie","17":"tag-news","18":"tag-occitanie","19":"tag-pompiers","20":"tag-republique-francaise","21":"tag-toulouse"},"share_on_mastodon":{"url":"https:\/\/pubeurope.com\/@fr\/114930891082590770","error":""},"_links":{"self":[{"href":"https:\/\/www.europesays.com\/fr\/wp-json\/wp\/v2\/posts\/279566","targetHints":{"allow":["GET"]}}],"collection":[{"href":"https:\/\/www.europesays.com\/fr\/wp-json\/wp\/v2\/posts"}],"about":[{"href":"https:\/\/www.europesays.com\/fr\/wp-json\/wp\/v2\/types\/post"}],"author":[{"embeddable":true,"href":"https:\/\/www.europesays.com\/fr\/wp-json\/wp\/v2\/users\/2"}],"replies":[{"embeddable":true,"href":"https:\/\/www.europesays.com\/fr\/wp-json\/wp\/v2\/comments?post=279566"}],"version-history":[{"count":0,"href":"https:\/\/www.europesays.com\/fr\/wp-json\/wp\/v2\/posts\/279566\/revisions"}],"wp:featuredmedia":[{"embeddable":true,"href":"https:\/\/www.europesays.com\/fr\/wp-json\/wp\/v2\/media\/279567"}],"wp:attachment":[{"href":"https:\/\/www.europesays.com\/fr\/wp-json\/wp\/v2\/media?parent=279566"}],"wp:term":[{"taxonomy":"category","embeddable":true,"href":"https:\/\/www.europesays.com\/fr\/wp-json\/wp\/v2\/categories?post=279566"},{"taxonomy":"post_tag","embeddable":true,"href":"https:\/\/www.europesays.com\/fr\/wp-json\/wp\/v2\/tags?post=279566"}],"curies":[{"name":"wp","href":"https:\/\/api.w.org\/{rel}","templated":true}]}}