{"id":279574,"date":"2025-07-28T12:40:18","date_gmt":"2025-07-28T12:40:18","guid":{"rendered":"https:\/\/www.europesays.com\/fr\/279574\/"},"modified":"2025-07-28T12:40:18","modified_gmt":"2025-07-28T12:40:18","slug":"pourquoi-igor-paixao-et-timothy-weah-nont-pas-encore-signe-a-marseille","status":"publish","type":"post","link":"https:\/\/www.europesays.com\/fr\/279574\/","title":{"rendered":"Pourquoi Igor Paixao et Timothy Weah n&rsquo;ont pas encore sign\u00e9 \u00e0 Marseille"},"content":{"rendered":"<p style=\"text-align: justify;\"><strong>TRANSFERTS \u2013 Annonc\u00e9s depuis plusieurs jours, Igor Paixao et Timothy Weah n\u2019ont toujours pas sign\u00e9 \u00e0 l\u2019OM. Explications.\u00a0<\/strong><\/p>\n<p style=\"text-align: justify;\">L\u2019<strong>Olympique de Marseille<\/strong> tente de finaliser quelques dossiers depuis plusieurs jours, mais se casse les dents dans certains cas. Si <strong>Pierre-Emerick Aubameyang<\/strong> est bien attendu dans la semaine pour parapher un contrat de deux ans, les choses sont plus compliqu\u00e9es pour <strong>Igor<\/strong> <strong>Paixao<\/strong> (Feyenoord) et <strong>Timothy<\/strong> <strong>Weah<\/strong> (Juventus).<\/p>\n<p>Leeds \u00e0 la bagarre avec l\u2019OM pour Igor Paixao<\/p>\n<p style=\"text-align: justify;\">L\u2019<strong>OM<\/strong> a d\u00e9j\u00e0 transmis deux offres au club n\u00e9erlandais pour <strong>Igor<\/strong> <strong>Paixao<\/strong>, 16 et 28 millions d\u2019euros. Mais le <strong>Feyenoord<\/strong> en attend 35 millions d\u2019euros, et a donc repouss\u00e9 les deux premi\u00e8res offensives. Si le Br\u00e9silien a bien un accord avec le club phoc\u00e9en, l\u2019<strong>Olympique de Marseille<\/strong> va devoir revoir sa copie \u00e0 la hausse pour finaliser le dossier.<\/p>\n<p style=\"text-align: justify;\">Dans le m\u00eame temps, Leeds fait le forcing pour signer <strong>Igor<\/strong> <strong>Paixao<\/strong> et a transmis une offre de 32 millions d\u2019euros \u00e0 <strong>Feyenoord<\/strong>, un montant qui se rapproche de la somme demand\u00e9e. Pas d\u2019accord pour le moment avec le club de <strong>Premier<\/strong> <strong>League<\/strong>. L\u2019<strong>Olympique de Marseille<\/strong> doit de son c\u00f4t\u00e9 faire une troisi\u00e8me offre pour tenter de finaliser le dossier. Les deux clubs sont donc au coude \u00e0 coude pour signer l\u2019ailier gauche br\u00e9silien, mais l\u2019<strong>OM<\/strong> aurait sa pr\u00e9f\u00e9rence.<\/p>\n<p>Damien Comolli gourmand pour le transfert de Timothy Weah<\/p>\n<p style=\"text-align: justify;\"><strong>Timothy<\/strong> <strong>Weah<\/strong> est annonc\u00e9 \u00e0 l\u2019<strong>Olympique de Marseille<\/strong> depuis pr\u00e8s d\u2019un mois. Et pour cause, le lat\u00e9ral droit am\u00e9ricain a donn\u00e9 son accord pour un contrat de 5 ans, mais les discussions avec la Juventus sont dans une impasse. Alors que l\u2019<strong>OM<\/strong> est pr\u00eat \u00e0 aligner 15 millions d\u2019euros via un pr\u00eat avec option d\u2019achat obligatoire, la Juventus Turin, et plus pr\u00e9cis\u00e9ment <strong>Damien<\/strong> <strong>Comolli<\/strong> se montreraient gourmands.<\/p>\n<p style=\"text-align: justify;\">L\u2019ancien pr\u00e9sident de Toulouse r\u00e9clame au moins 20 millions d\u2019euros, un montant qui semble sup\u00e9rieur \u00e0 sa valeur marchande. L\u2019agent du joueur a publi\u00e9 un communiqu\u00e9 pour tenter de d\u00e9bloquer la situation dans lequel il charge <strong>Damien<\/strong> <strong>Comolli<\/strong> sans le citer :<\/p>\n<blockquote>\n<p style=\"text-align: justify;\">La Juve est un club fantastique. Le d\u00e9partement sportif est g\u00e9r\u00e9 par trois personnes (Giorgio Chiellini, Fran\u00e7ois Modesto et Damien Comolli). Deux ont la classe et une autre se cherche encore. On ne va pas lui en vouloir pour cela. Deux cherchent des solutions et une personne cr\u00e9e des probl\u00e8mes. Tim Weah, toujours professionnel, a \u00e9t\u00e9 \u00e9cart\u00e9 durant le Mondial des clubs. Cette personne a voulu le forcer \u00e0 aller l\u00e0 o\u00f9 il souhaitait (Nottingham Forest). Aujourd\u2019hui, par vengeance, il demande une fortune et attend une offre de Premier League qui ne viendra pas et ne sera jamais valid\u00e9 par nous.<\/p>\n<\/blockquote>\n<p style=\"text-align: justify;\">Une issue favorable pour un transfert \u00e0 l\u2019<strong>OM<\/strong> est toujours esp\u00e9r\u00e9e et pourrait intervenir dans les jours \u00e0 venir. Mais le club travaille sur d\u2019autres pistes en cas d\u2019\u00e9chec.<\/p>\n<p>\u00c0 ce sujet<br \/>\n<a href=\"https:\/\/dicodusport.fr\/blog\/mercato-om-2025-2026-le-tableau-complet-des-transferts-arrivees-et-departs\/\" class=\"vlp-link\" title=\"Mercato OM 2025-2026 : Le tableau complet des transferts, arriv\u00e9es et d\u00e9parts\" target=\"_blank\" rel=\"noopener\"><img loading=\"lazy\" decoding=\"async\" style=\"max-width: 792px;\" width=\"792\" height=\"445\" class=\"attachment-800x445 size-800x445 perfmatters-lazy\" alt=\"Mercato OM 2025-2026 Le tableau complet des transferts, arriv\u00e9es et d\u00e9parts\" src=\"https:\/\/www.europesays.com\/fr\/wp-content\/uploads\/2025\/06\/Mercato-OM-2025-2026-Le-tableau-complet-des-transferts-arrivees-et-departs.png\"  data-\/><\/p>\n<p>Mercato OM 2025-2026 : Le tableau complet des transferts, arriv\u00e9es et d\u00e9parts<\/p>\n<p>TRANSFERTS OM &#8211; Retrouvez tous les mouvements de l&rsquo;Olympique de Marseille pour l&rsquo;intersaison 2025 en Ligue 1. Arriv\u00e9es, d\u00e9part, pr\u00eats, transferts d\u00e9finitifs, ne ratez rien du mercato estival.\u00a0<\/p>\n<p>Lire l&rsquo;article<\/p>\n<p>dicodusport.fr<\/p>\n","protected":false},"excerpt":{"rendered":"TRANSFERTS \u2013 Annonc\u00e9s depuis plusieurs jours, Igor Paixao et Timothy Weah n\u2019ont toujours pas sign\u00e9 \u00e0 l\u2019OM. Explications.\u00a0&hellip;\n","protected":false},"author":2,"featured_media":279575,"comment_status":"","ping_status":"","sticky":false,"template":"","format":"standard","meta":{"footnotes":""},"categories":[2814],"tags":[1111,11,2113,1777,674,1011,27,884,23100,12,1176,882,25],"class_list":{"0":"post-279574","1":"post","2":"type-post","3":"status-publish","4":"format-standard","5":"has-post-thumbnail","7":"category-marseille","8":"tag-actu","9":"tag-actualites","10":"tag-breve","11":"tag-eu","12":"tag-europe","13":"tag-fr","14":"tag-france","15":"tag-marseille","16":"tag-mercato-football","17":"tag-news","18":"tag-olympique-de-marseille","19":"tag-provence-alpes-cote-dazur","20":"tag-republique-francaise"},"share_on_mastodon":{"url":"https:\/\/pubeurope.com\/@fr\/114930910924529648","error":""},"_links":{"self":[{"href":"https:\/\/www.europesays.com\/fr\/wp-json\/wp\/v2\/posts\/279574","targetHints":{"allow":["GET"]}}],"collection":[{"href":"https:\/\/www.europesays.com\/fr\/wp-json\/wp\/v2\/posts"}],"about":[{"href":"https:\/\/www.europesays.com\/fr\/wp-json\/wp\/v2\/types\/post"}],"author":[{"embeddable":true,"href":"https:\/\/www.europesays.com\/fr\/wp-json\/wp\/v2\/users\/2"}],"replies":[{"embeddable":true,"href":"https:\/\/www.europesays.com\/fr\/wp-json\/wp\/v2\/comments?post=279574"}],"version-history":[{"count":0,"href":"https:\/\/www.europesays.com\/fr\/wp-json\/wp\/v2\/posts\/279574\/revisions"}],"wp:featuredmedia":[{"embeddable":true,"href":"https:\/\/www.europesays.com\/fr\/wp-json\/wp\/v2\/media\/279575"}],"wp:attachment":[{"href":"https:\/\/www.europesays.com\/fr\/wp-json\/wp\/v2\/media?parent=279574"}],"wp:term":[{"taxonomy":"category","embeddable":true,"href":"https:\/\/www.europesays.com\/fr\/wp-json\/wp\/v2\/categories?post=279574"},{"taxonomy":"post_tag","embeddable":true,"href":"https:\/\/www.europesays.com\/fr\/wp-json\/wp\/v2\/tags?post=279574"}],"curies":[{"name":"wp","href":"https:\/\/api.w.org\/{rel}","templated":true}]}}