{"id":279586,"date":"2025-07-28T12:47:19","date_gmt":"2025-07-28T12:47:19","guid":{"rendered":"https:\/\/www.europesays.com\/fr\/279586\/"},"modified":"2025-07-28T12:47:19","modified_gmt":"2025-07-28T12:47:19","slug":"le-chateau-du-ry-chazerat-un-puits-de-sciences","status":"publish","type":"post","link":"https:\/\/www.europesays.com\/fr\/279586\/","title":{"rendered":"le ch\u00e2teau du Ry-Chazerat, un puits de sciences"},"content":{"rendered":"<p>C\u2019est une demeure qui respire le calme et la s\u00e9r\u00e9nit\u00e9 situ\u00e9e au c\u0153ur de la campagne montmorillonnaise\u00a0: le ch\u00e2teau du Ry-Chazerat, devenu propri\u00e9t\u00e9 de l\u2019Acad\u00e9mie des sciences \u00e0 la fin du 19e\u00a0si\u00e8cle.<\/p>\n<p>Ce magnifique ch\u00e2teau \u00e9tait exceptionnellement ouvert \u00e0 la visite mardi 22\u00a0juillet 2025. B\u00e9atrice Guyonnet, cheffe de projet Pays d\u2019art et d\u2019histoire \u00e0 la communaut\u00e9 de communes Vienne et Gartempe (CCVG), a fait les honneurs de la b\u00e2tisse aux visiteurs tomb\u00e9s sous le charme du lieu. Elle \u00e9tait accompagn\u00e9e par Patrice Pinot, jardinier-gardien depuis 2012, qui veille avec grand soin au fleurissement des abords et \u00e0 l\u2019entretien du parc.<\/p>\n<p>\u00ab\u00a0On lui doit les plans du canal de Panama\u00a0\u00bb<\/p>\n<p>\u00ab Le ch\u00e2teau tire son nom d\u2019un petit ruisseau qui coule \u00e0 proximit\u00e9, et de la famille de Chazerat qui le poss\u00e9dait au 15e\u00a0si\u00e8cle, \u00e9poque \u00e0 laquelle il a \u00e9t\u00e9 \u00e9difi\u00e9\u00a0pour en faire un site d\u00e9fensif\u00a0\u00bb, a indiqu\u00e9 la guide. Le ch\u00e2teau a \u00e9t\u00e9 profond\u00e9ment modifi\u00e9 par la suite, le corps de logis ayant \u00e9t\u00e9 sur\u00e9lev\u00e9 et dot\u00e9 de deux pavillons d\u2019angle. Mais de nombreuses traces du b\u00e2timent primitif sont encore visibles dans ce qui est d\u00e9sormais la cave et qui \u00e9tait \u00e0 l\u2019origine le rez-de-chauss\u00e9e. Une tourelle d\u2019angle est \u00e9galement encore visible sur la fa\u00e7ade.<\/p>\n<p><img alt=\"L\u2019int\u00e9rieur du ch\u00e2teau \u00e9tait exceptionnellement ouvert\" loading=\"lazy\" width=\"980\" height=\"573\" decoding=\"async\" data-nimg=\"1\" class=\"img-responsive spinner-show\" style=\"color:transparent;background-size:cover;background-position:50% 50%;background-repeat:no-repeat;background-image:url(&quot;data:image\/svg+xml;charset=utf-8,%3Csvg xmlns='http:\/\/www.w3.org\/2000\/svg' viewBox='0 0 980 573'%3E%3Cfilter id='b' color-interpolation-filters='sRGB'%3E%3CfeGaussianBlur stdDeviation='20'\/%3E%3CfeColorMatrix values='1 0 0 0 0 0 1 0 0 0 0 0 1 0 0 0 0 0 100 -1' result='s'\/%3E%3CfeFlood x='0' y='0' width='100%25' height='100%25'\/%3E%3CfeComposite operator='out' in='s'\/%3E%3CfeComposite in2='SourceGraphic'\/%3E%3CfeGaussianBlur stdDeviation='20'\/%3E%3C\/filter%3E%3Cimage width='100%25' height='100%25' x='0' y='0' preserveAspectRatio='none' style='filter: url(%23b);' href='https:\/\/images.lanouvellerepublique.fr\/image\/upload\/t_88w\/f_auto\/688760b6ca8ab5d5358b45a8.jpg'\/%3E%3C\/svg%3E&quot;)\"   src=\"https:\/\/www.europesays.com\/fr\/wp-content\/uploads\/2025\/07\/688760b6ca8ab5d5358b45a8.jpg\"\/><\/p>\n<p style=\"background-color:#F2F2F2;padding:5px;margin-top:0px;margin-bottom:10px\">L\u2019int\u00e9rieur du ch\u00e2teau \u00e9tait exceptionnellement ouvert<br \/> \u00a9 Photo NR-CP<\/p>\n<p>B\u00e9atrice Guyonnet a tour \u00e0 tour \u00e9voqu\u00e9 les familles qui se sont succ\u00e9d\u00e9 \u00e0 la t\u00eate de cette propri\u00e9t\u00e9 qui compte encore de nos jours un peu plus de 1.100 hectares et qui formait un fief d\u00e9pendant du seigneur de la Trimouille.<\/p>\n<p>Mais elle a fait la part belle \u00e0 Adolphe Godin de L\u00e9pinay, originaire de Corr\u00e8ze, qui devint propri\u00e9taire du ch\u00e2teau au 19e\u00a0si\u00e8cle apr\u00e8s en avoir h\u00e9rit\u00e9. Polytechnicien et dipl\u00f4m\u00e9 des Ponts et chauss\u00e9es, celui-ci a men\u00e9 une brillante carri\u00e8re d\u2019ing\u00e9nieur, notamment dans l\u2019am\u00e9nagement des voies ferr\u00e9es.<\/p>\n<p>\u00ab On lui doit les plans du canal de Panama qui ont \u00e9t\u00e9 finalement retenus apr\u00e8s l\u2019\u00e9chec d\u2019un premier projet et la reprise du chantier par les Am\u00e9ricains, a rappel\u00e9 B\u00e9atrice Guyonnet. Mais mort en 1898, Godin de L\u00e9pinay n\u2019a pas vu la r\u00e9alisation de son projet, le canal \u00e9tant inaugur\u00e9 en 1914.\u00a0\u00bb<\/p>\n<p>Au Ry-Chazerat, il r\u00e9alise de nombreux travaux et fait construire des fours \u00e0 chaux. Il cr\u00e9e \u00e9galement un \u00e9tang dans le parc dans lequel il fait planter des essences exotiques tels que les cypr\u00e8s chauves ou des orangers des Osages encore visibles de nos jours. D\u00e9c\u00e9d\u00e9 sans enfant, il l\u00e8gue par testament \u00e0 l\u2019Acad\u00e9mie des sciences cette belle propri\u00e9t\u00e9 \u00e0 la condition que celle-ci ne soit pas d\u00e9membr\u00e9e apr\u00e8s avoir travers\u00e9 les si\u00e8cles.<\/p>\n<p>Prochaines visites\u00a0: ch\u00e2teau (int\u00e9rieur et ext\u00e9rieur), lieu-dit \u00ab\u00a0le Ry\u00a0\u00bb, \u00e0 Journet\u00a0: mardi 12\u00a0ao\u00fbt \u00e0 10\u00a0h et mardi 26\u00a0ao\u00fbt \u00e0 14\u00a0h\u00a030. Domaine (Fours \u00e0 chaux, logis de la Roche et ext\u00e9rieur du ch\u00e2teau)\u00a0: mardi 26\u00a0ao\u00fbt \u00e0 10\u00a0h. Sur inscription au 05.49.91.11.96.<\/p>\n","protected":false},"excerpt":{"rendered":"C\u2019est une demeure qui respire le calme et la s\u00e9r\u00e9nit\u00e9 situ\u00e9e au c\u0153ur de la campagne montmorillonnaise\u00a0: le&hellip;\n","protected":false},"author":2,"featured_media":279587,"comment_status":"","ping_status":"","sticky":false,"template":"","format":"standard","meta":{"footnotes":""},"categories":[1888],"tags":[1392,11,9332,1777,674,1011,27,41891,27663,12,626,2551,25,39,1584,36216],"class_list":{"0":"post-279586","1":"post","2":"type-post","3":"status-publish","4":"format-standard","5":"has-post-thumbnail","7":"category-paris","8":"tag-a-la-une-local","9":"tag-actualites","10":"tag-centrepresse","11":"tag-eu","12":"tag-europe","13":"tag-fr","14":"tag-france","15":"tag-journet","16":"tag-montmorillon","17":"tag-news","18":"tag-paris","19":"tag-patrimoine","20":"tag-republique-francaise","21":"tag-sciences-et-technologies","22":"tag-vienne","23":"tag-vienne-et-gartempe"},"share_on_mastodon":{"url":"https:\/\/pubeurope.com\/@fr\/114930938507803313","error":""},"_links":{"self":[{"href":"https:\/\/www.europesays.com\/fr\/wp-json\/wp\/v2\/posts\/279586","targetHints":{"allow":["GET"]}}],"collection":[{"href":"https:\/\/www.europesays.com\/fr\/wp-json\/wp\/v2\/posts"}],"about":[{"href":"https:\/\/www.europesays.com\/fr\/wp-json\/wp\/v2\/types\/post"}],"author":[{"embeddable":true,"href":"https:\/\/www.europesays.com\/fr\/wp-json\/wp\/v2\/users\/2"}],"replies":[{"embeddable":true,"href":"https:\/\/www.europesays.com\/fr\/wp-json\/wp\/v2\/comments?post=279586"}],"version-history":[{"count":0,"href":"https:\/\/www.europesays.com\/fr\/wp-json\/wp\/v2\/posts\/279586\/revisions"}],"wp:featuredmedia":[{"embeddable":true,"href":"https:\/\/www.europesays.com\/fr\/wp-json\/wp\/v2\/media\/279587"}],"wp:attachment":[{"href":"https:\/\/www.europesays.com\/fr\/wp-json\/wp\/v2\/media?parent=279586"}],"wp:term":[{"taxonomy":"category","embeddable":true,"href":"https:\/\/www.europesays.com\/fr\/wp-json\/wp\/v2\/categories?post=279586"},{"taxonomy":"post_tag","embeddable":true,"href":"https:\/\/www.europesays.com\/fr\/wp-json\/wp\/v2\/tags?post=279586"}],"curies":[{"name":"wp","href":"https:\/\/api.w.org\/{rel}","templated":true}]}}