{"id":279588,"date":"2025-07-28T12:48:17","date_gmt":"2025-07-28T12:48:17","guid":{"rendered":"https:\/\/www.europesays.com\/fr\/279588\/"},"modified":"2025-07-28T12:48:17","modified_gmt":"2025-07-28T12:48:17","slug":"mercato-psg-lucas-chevalier-a-paris-des-la-semaine-prochaine","status":"publish","type":"post","link":"https:\/\/www.europesays.com\/fr\/279588\/","title":{"rendered":"Mercato PSG\u00a0: Lucas Chevalier \u00e0 Paris d\u00e8s la semaine prochaine\u00a0?"},"content":{"rendered":"<p class=\"paragraph text_align_left lp-f-body-02\">Activ\u00e9e depuis plusieurs mois, <a href=\"https:\/\/www.leparisien.fr\/sports\/football\/ligue-1\/mercato-psg-le-gardien-de-lille-lucas-chevalier-veut-rejoindre-paris-donnarumma-pousse-dehors-26-07-2025-JWYLBR6KWJEHTDP3H6GNO7SIGU.php\" rel=\"nofollow noopener\" target=\"_blank\">la piste menant \u00e0 Lucas Chevalier (23 ans) s\u2019acc\u00e9l\u00e8re s\u00e9rieusement au PSG.<\/a> Alors que la prolongation de Gianluigi Donnarumma est gel\u00e9e, faute d\u2019accord entre les deux parties, le club parisien a pris langue avec le gardien de Lille pour anticiper un possible d\u00e9part de l\u2019Italien, sous contrat jusqu\u2019en 2026. Luis Campos le conna\u00eet bien pour lui avoir fait signer son premier contrat professionnel au Losc et le visualise comme le candidat id\u00e9al pour occuper les cages \u00e0 la place du portier transalpin.<\/p>\n<p class=\"paragraph text_align_left lp-f-body-02\">L\u2019apport de <a href=\"https:\/\/www.leparisien.fr\/sports\/football\/psg\/mercato-le-psg-se-lance-sur-la-piste-lucas-chevalier-la-prolongation-de-donnarumma-en-suspens-31-01-2025-BLSFKT37SJFFZDMJOZ5KOV2BAM.php\" rel=\"nofollow noopener\" target=\"_blank\">Lucas Chevalier<\/a> a d\u00e9j\u00e0 \u00e9t\u00e9 valid\u00e9 par Luis Enrique qui a pu s\u2019entretenir en personne avec le gardien num\u00e9ro de 2 de l\u2019\u00e9quipe de France pour lui expliquer ses attentes. En coulisses, les dirigeants des deux clubs sont en contacts depuis plusieurs jours afin de trouver un terrain d\u2019entente. <\/p>\n<p class=\"paragraph text_align_left lp-f-body-02\">De source lilloise, il faudrait un peu plus de 40 millions d\u2019euros pour convaincre Olivier L\u00e9tang de c\u00e9der son gardien titulaire alors qu\u2019il ne cache pas son ambition de monter une \u00e9quipe taill\u00e9e pour jouer les premiers r\u00f4les en Ligue Europa cette saison. Des pistes ont \u00e9t\u00e9 activ\u00e9es par Lille, notamment \u00e0 l\u2019\u00e9tranger, pour anticiper son d\u00e9part.<\/p>\n<p>Lille travaille d\u00e9j\u00e0 \u00e0 son remplacement<\/p>\n<p class=\"paragraph text_align_left lp-f-body-02\">En attendant que les \u00e9changes aboutissent entre Lille et le PSG, Lucas Chevalier, tr\u00e8s emball\u00e9 par une signature chez les champions d\u2019Europe, a pris ce lundi matin la direction d\u2019Iserlohn, au sud-est de Dortmund, pour participer \u00e0 un stage de pr\u00e9saison en Allemagne avec les Dogues, du 28 juillet au 2 ao\u00fbt. <\/p>\n<p class=\"paragraph text_align_left lp-f-body-02\">L\u2019\u00e9quipe entra\u00een\u00e9e par <a href=\"https:\/\/www.leparisien.fr\/sports\/football\/ligue-des-champions\/bruno-genesio-le-coach-qui-a-fait-tomber-ancelotti-et-guardiola-apres-ses-discours-tu-te-sens-invincible-03-10-2024-EYSKKZLBJRBNBOGT2LEPDT75GE.php\" target=\"_self\" rel=\"nofollow noopener\">Bruno G\u00e9n\u00e9sio <\/a>doit rencontrer le Borussia Dortmund, quart de finaliste de la derni\u00e8re \u00e9dition de la Coupe du monde des clubs, samedi 2 ao\u00fbt, \u00e0 17 heures, avant de rentrer en France. Une derni\u00e8re tourn\u00e9e avant de dire au revoir \u00e0 son club formateur pour le gardien tricolore ? Ce week-end, un certain optimisme r\u00e9gnait autour du transfert de Lucas Chevalier<a href=\"https:\/\/www.leparisien.fr\/sports\/football\/psg\/\" rel=\"nofollow noopener\" target=\"_blank\"> au PSG<\/a>. Preuve, peut-\u00eatre, que les discussions progressent, le jeune gardien Thomas Sajous (17 ans) a \u00e9t\u00e9 appel\u00e9 en renfort par le staff lillois pour accompagner l\u2019\u00e9quipe cette semaine.<\/p>\n<p class=\"paragraph text_align_left lp-f-body-02\">Comme expliqu\u00e9 sur notre site, tout pourrait aller vite, puisque Paris nourrit l\u2019ambition de le faire signer avant la reprise de l\u2019entra\u00eenement pr\u00e9vue la semaine prochaine (6 ao\u00fbt) au Campus de Poissy. Si les d\u00e9lais de finalisation le permettent, il n\u2019y aurait rien de surprenant \u00e0 le voir se d\u00e9placer \u00e0 Udine (Italie) pour la Supercoupe d\u2019Europe contre Tottenham, le 13 ao\u00fbt prochain. Reste \u00e0 savoir si Donnarumma sera encore un joueur du PSG \u00e0 cette date.<\/p>\n<p class=\"paragraph text_align_left lp-f-body-02\">Alors que le dossier Chevalier appara\u00eet comme prioritaire, l\u2019avenir du portier transalpin semble s\u2019\u00e9crire loin de Paris. La r\u00e8gle \u00e9tait simple : soit il prolonge, soit il part. Un accord n\u2019ayant pu \u00eatre trouv\u00e9 et le dossier de son rempla\u00e7ant plac\u00e9 en haut de la pile, les prochains jours s\u2019annoncent mouvement\u00e9s chez les gardiens.<\/p>\n","protected":false},"excerpt":{"rendered":"Activ\u00e9e depuis plusieurs mois, la piste menant \u00e0 Lucas Chevalier (23 ans) s\u2019acc\u00e9l\u00e8re s\u00e9rieusement au PSG. Alors que&hellip;\n","protected":false},"author":2,"featured_media":279589,"comment_status":"","ping_status":"","sticky":false,"template":"","format":"standard","meta":{"footnotes":""},"categories":[1888],"tags":[11,1777,674,63,1011,27,12,626,93,25,60],"class_list":{"0":"post-279588","1":"post","2":"type-post","3":"status-publish","4":"format-standard","5":"has-post-thumbnail","7":"category-paris","8":"tag-actualites","9":"tag-eu","10":"tag-europe","11":"tag-football","12":"tag-fr","13":"tag-france","14":"tag-news","15":"tag-paris","16":"tag-psg","17":"tag-republique-francaise","18":"tag-sports"},"share_on_mastodon":{"url":"https:\/\/pubeurope.com\/@fr\/114930942186344263","error":""},"_links":{"self":[{"href":"https:\/\/www.europesays.com\/fr\/wp-json\/wp\/v2\/posts\/279588","targetHints":{"allow":["GET"]}}],"collection":[{"href":"https:\/\/www.europesays.com\/fr\/wp-json\/wp\/v2\/posts"}],"about":[{"href":"https:\/\/www.europesays.com\/fr\/wp-json\/wp\/v2\/types\/post"}],"author":[{"embeddable":true,"href":"https:\/\/www.europesays.com\/fr\/wp-json\/wp\/v2\/users\/2"}],"replies":[{"embeddable":true,"href":"https:\/\/www.europesays.com\/fr\/wp-json\/wp\/v2\/comments?post=279588"}],"version-history":[{"count":0,"href":"https:\/\/www.europesays.com\/fr\/wp-json\/wp\/v2\/posts\/279588\/revisions"}],"wp:featuredmedia":[{"embeddable":true,"href":"https:\/\/www.europesays.com\/fr\/wp-json\/wp\/v2\/media\/279589"}],"wp:attachment":[{"href":"https:\/\/www.europesays.com\/fr\/wp-json\/wp\/v2\/media?parent=279588"}],"wp:term":[{"taxonomy":"category","embeddable":true,"href":"https:\/\/www.europesays.com\/fr\/wp-json\/wp\/v2\/categories?post=279588"},{"taxonomy":"post_tag","embeddable":true,"href":"https:\/\/www.europesays.com\/fr\/wp-json\/wp\/v2\/tags?post=279588"}],"curies":[{"name":"wp","href":"https:\/\/api.w.org\/{rel}","templated":true}]}}