{"id":27959,"date":"2025-04-16T00:22:19","date_gmt":"2025-04-16T00:22:19","guid":{"rendered":"https:\/\/www.europesays.com\/fr\/27959\/"},"modified":"2025-04-16T00:22:19","modified_gmt":"2025-04-16T00:22:19","slug":"tensions-france-algerie-paris-replique-en-expulsant-a-son-tour-12-agents-algeriens","status":"publish","type":"post","link":"https:\/\/www.europesays.com\/fr\/27959\/","title":{"rendered":"Tensions France-Alg\u00e9rie : Paris r\u00e9plique en expulsant \u00e0 son tour 12 agents alg\u00e9riens"},"content":{"rendered":"<p>L&rsquo;Alg\u00e9rie a d\u00e9cid\u00e9 de renvoyer douze fonctionnaires fran\u00e7ais en repr\u00e9sailles \u00e0 des interpellations conduites en France.Paris r\u00e9plique ce mardi et annonce \u00ab\u00a0l&rsquo;expulsion de douze agents servant dans le r\u00e9seau consulaire et diplomatique alg\u00e9rien en France\u00a0\u00bb.Emmanuel Macron a \u00e9galement appel\u00e9 les autorit\u00e9s alg\u00e9riennes \u00e0 \u00ab\u00a0faire preuve de responsabilit\u00e9\u00a0\u00bb, selon l&rsquo;\u00c9lys\u00e9e.<\/p>\n<p data-module=\"article-paragraph\" class=\"jsx-362436225 Paragraph\">Le ministre des Affaires \u00e9trang\u00e8res <a href=\"https:\/\/www.tf1info.fr\/politique\/crise-avec-l-algerie-l-expulsion-de-fonctionnaires-francais-ne-sera-pas-sans-consequences-previent-jean-noel-barrot-2365187.html\" target=\"_blank\" rel=\"noopener\">Jean-No\u00ebl Barrot<\/a> avait menac\u00e9 Alger de \u00ab\u00a0mesures similaires\u00a0\u00bb s&rsquo;il ne revenait pas sur son choix <a href=\"https:\/\/www.tf1info.fr\/international\/direct-algerie-tensions-france-alger-expulse-12-agents-de-l-ambassade-francais-nouvelle-crise-entre-les-deux-pays-2364928.html\" target=\"_blank\" rel=\"noopener\">d&rsquo;expulser douze fonctionnaires fran\u00e7ais<\/a> de son territoire, une r\u00e9action \u00e0 des interpellations conduites en France dans le cadre d&rsquo;une <a href=\"https:\/\/www.tf1info.fr\/international\/inadmissible-nouveau-coup-de-froid-entre-alger-et-paris-apres-l-arrestation-d-un-agent-consulaire-algerien-affaire-amir-boukhors-2364818.html\" target=\"_blank\" rel=\"noopener\">enqu\u00eate judiciaire<\/a>. C&rsquo;est d\u00e9sormais chose faite. L&rsquo;\u00c9lys\u00e9e a annonc\u00e9 ce mardi 15 avril que \u00ab\u00a0la France proc\u00e9dera sym\u00e9triquement \u00e0 l\u2019expulsion de douze agents servant dans le r\u00e9seau consulaire et diplomatique alg\u00e9rien en France\u00a0\u00bb.<\/p>\n<p data-module=\"article-paragraph\" class=\"jsx-362436225 Paragraph Paragraph__End\">En parall\u00e8le, Emmanuel Macron a pris la d\u00e9cision de \u00ab\u00a0rappeler pour consultations l&rsquo;ambassadeur de France \u00e0 Alger, M. St\u00e9phane Romatet\u00a0\u00bb, pr\u00e9cise le communiqu\u00e9 de presse de l&rsquo;\u00c9lys\u00e9e. Selon une source diplomatique, les douze agents fran\u00e7ais expuls\u00e9s d&rsquo;Alg\u00e9rie sont en route pour la France, dans les d\u00e9lais impos\u00e9s par l&rsquo;Alg\u00e9rie. Les agents alg\u00e9riens disposent \u00e0 leur tour d&rsquo;un d\u00e9lai de 48 heures pour quitter la France.<\/p>\n<p>\u00ab\u00a0Une d\u00e9gradation brutale de nos relations bilat\u00e9rales\u00a0\u00bb<\/p>\n<p data-module=\"article-paragraph\" class=\"jsx-362436225 Paragraph\">\u00ab\u00a0La France prend note avec consternation de la d\u00e9cision des autorit\u00e9s alg\u00e9riennes d&rsquo;expulser douze agents diplomatiques servant aupr\u00e8s de notre ambassade \u00e0 Alger\u00a0\u00bb, d\u00e9plore la pr\u00e9sidence fran\u00e7aise, qui juge \u00ab\u00a0injustifi\u00e9e et incompr\u00e9hensible\u00a0\u00bb la d\u00e9cision d&rsquo;Alger, laquelle \u00ab\u00a0m\u00e9connait les r\u00e8gles \u00e9l\u00e9mentaires de nos proc\u00e9dures judiciaires\u00a0\u00bb.<\/p>\n<p data-module=\"article-paragraph\" class=\"jsx-362436225 Paragraph Paragraph__End\">\u00ab\u00a0Les autorit\u00e9s alg\u00e9riennes prennent la responsabilit\u00e9 d&rsquo;une d\u00e9gradation brutale de nos relations bilat\u00e9rales\u00a0\u00bb, peut-on \u00e9galement lire dans le communiqu\u00e9. Un d\u00e9but d&rsquo;accalmie avait pourtant \u00e9t\u00e9 constat\u00e9 lors de <a href=\"https:\/\/www.tf1info.fr\/international\/jean-noel-barrot-a-alger-ce-dimanche-6-avril-pour-incarner-la-reprise-du-dialogue-entre-la-france-et-l-algerie-2363428.html\" target=\"_blank\" rel=\"noopener\">la visite de Jean-No\u00ebl Barrot \u00e0 Alger<\/a>, d\u00e9placement devant incarner la reprise du dialogue entre la France et l&rsquo;Alg\u00e9rie. \u00ab\u00a0Le dialogue, toujours, mais pas \u00e0 sens unique\u00a0\u00bb, a d&rsquo;ailleurs \u00e9crit ce mardi sur X le ministre des Affaires \u00e9trang\u00e8res, qui avait affirm\u00e9 dans la matin\u00e9e que la France r\u00e9pondrait \u00ab\u00a0avec la plus grande fermet\u00e9\u00a0\u00bb, si l&rsquo;Alg\u00e9rie faisait le \u00ab\u00a0choix de l&rsquo;escalade\u00a0\u00bb.<\/p>\n<blockquote data-testid=\"EmbedTwitter\" id=\"tweet-1912185143680213319-:Rm6ij9n7a6:\" class=\"jsx-aeff1a1c40f54d7a twitter-tweet flex justify-center items-center\"><p>Les autorit\u00e9s alg\u00e9riennes ont choisi l\u2019escalade : nous r\u00e9pliquons comme annonc\u00e9. En r\u00e9ponse \u00e0 leur d\u00e9cision injustifi\u00e9e et incompr\u00e9hensible, nous expulsons 12 agents alg\u00e9riens et rappelons pour consultations notre ambassadeur. Le dialogue, toujours, mais pas \u00e0 sens unique. \u2014 Jean-No\u00ebl Barrot (@jnbarrot)  April 15, 2025<\/p><\/blockquote>\n<p>Une reprise du dialogue souhait\u00e9e<\/p>\n<p data-module=\"article-paragraph\" class=\"jsx-362436225 Paragraph Paragraph__End\">C&rsquo;est dans un \u00ab\u00a0contexte difficile\u00a0\u00bb que \u00ab\u00a0la France d\u00e9fendra ses int\u00e9r\u00eats et continuera d\u2019exiger de l&rsquo;Alg\u00e9rie qu&rsquo;elle respecte pleinement ses obligations \u00e0 son \u00e9gard, s&rsquo;agissant tout particuli\u00e8rement de notre s\u00e9curit\u00e9 nationale et de la coop\u00e9ration en mati\u00e8re migratoire\u00a0\u00bb, mentionne le communiqu\u00e9 de l&rsquo;\u00c9lys\u00e9e, dont les \u00ab\u00a0exigences vont avec l&rsquo;ambition que la France continuera d&rsquo;avoir pour ses relations avec l&rsquo;Alg\u00e9rie, compte tenu de ses int\u00e9r\u00eats, de son histoire et des liens humains existants entre nos deux pays\u00a0\u00bb.<\/p>\n<ul class=\"jsx-658110588 ReadMoreArticle__List flex flex-column\">\n<li class=\"jsx-658110588\"><a href=\"https:\/\/www.tf1info.fr\/politique\/video-crise-france-algerie-tf1-eric-coquerel-appelle-a-ce-que-les-deux-presidents-se-reparlent-tout-de-suite-2364945.html\" rel=\"noopener\" class=\"jsx-4233824444 Link flex\" target=\"_blank\"><img decoding=\"async\" src=\"https:\/\/www.europesays.com\/fr\/wp-content\/uploads\/2025\/04\/eric-coquerel-tf1-mars-2025-458e34-0@1x.jpeg\" alt=\"Lire aussi\" loading=\"lazy\" importance=\"low\" fetchpriority=\"low\" class=\"\" copyright=\"TF1\"\/>\n<p class=\"jsx-658110588 ReadMoreArticle__Title\">Lire aussi<\/p>\n<p class=\"jsx-658110588\">Crise avec l&rsquo;Alg\u00e9rie : sur TF1, Eric Coquerel appelle \u00e0 \u00ab\u00a0ce que les deux pr\u00e9sidents se reparlent tout de suite\u00a0\u00bb<\/p>\n<p><\/a><\/li>\n<\/ul>\n<p data-module=\"article-paragraph\" class=\"jsx-362436225 Paragraph Paragraph__End\">\u00ab\u00a0L\u2019int\u00e9r\u00eat m\u00eame de la France et de l\u2019Alg\u00e9rie est de reprendre le dialogue\u00a0\u00bb, poursuit l&rsquo;\u00c9lys\u00e9e. Le communiqu\u00e9 souligne en outre qu&rsquo;Emmanuel Macron \u00ab\u00a0appelle les autorit\u00e9s alg\u00e9riennes \u00e0 faire preuve de responsabilit\u00e9 dans le cadre du dialogue exigeant et constructif engag\u00e9 <a href=\"https:\/\/www.tf1info.fr\/international\/tensions-france-algerie-emmanuel-macron-et-abdelmadjid-tebboune-relancent-la-relation-entre-leurs-deux-pays-2362507.html\" target=\"_blank\" rel=\"noopener\">le 31 mars dernier avec le pr\u00e9sident alg\u00e9rien<\/a>\u00ab\u00a0.<\/p>\n<p>N.K<\/p>\n","protected":false},"excerpt":{"rendered":"L&rsquo;Alg\u00e9rie a d\u00e9cid\u00e9 de renvoyer douze fonctionnaires fran\u00e7ais en repr\u00e9sailles \u00e0 des interpellations conduites en France.Paris r\u00e9plique ce&hellip;\n","protected":false},"author":2,"featured_media":21680,"comment_status":"","ping_status":"","sticky":false,"template":"","format":"standard","meta":{"footnotes":""},"categories":[1888],"tags":[1111,1928,11,1927,15,1921,1073,1777,674,1011,27,1922,2121,12,1926,626,1925,25,133,1920],"class_list":{"0":"post-27959","1":"post","2":"type-post","3":"status-publish","4":"format-standard","5":"has-post-thumbnail","7":"category-paris","8":"tag-actu","9":"tag-actu-paris","10":"tag-actualites","11":"tag-actualites-paris","12":"tag-algerie","13":"tag-article-video","14":"tag-emmanuel-macron","15":"tag-eu","16":"tag-europe","17":"tag-fr","18":"tag-france","19":"tag-info","20":"tag-jean-noel-barrot","21":"tag-news","22":"tag-news-paris","23":"tag-paris","24":"tag-paris-news","25":"tag-republique-francaise","26":"tag-video","27":"tag-video-international"},"share_on_mastodon":{"url":"https:\/\/pubeurope.com\/@fr\/114344791412078534","error":""},"_links":{"self":[{"href":"https:\/\/www.europesays.com\/fr\/wp-json\/wp\/v2\/posts\/27959","targetHints":{"allow":["GET"]}}],"collection":[{"href":"https:\/\/www.europesays.com\/fr\/wp-json\/wp\/v2\/posts"}],"about":[{"href":"https:\/\/www.europesays.com\/fr\/wp-json\/wp\/v2\/types\/post"}],"author":[{"embeddable":true,"href":"https:\/\/www.europesays.com\/fr\/wp-json\/wp\/v2\/users\/2"}],"replies":[{"embeddable":true,"href":"https:\/\/www.europesays.com\/fr\/wp-json\/wp\/v2\/comments?post=27959"}],"version-history":[{"count":0,"href":"https:\/\/www.europesays.com\/fr\/wp-json\/wp\/v2\/posts\/27959\/revisions"}],"wp:featuredmedia":[{"embeddable":true,"href":"https:\/\/www.europesays.com\/fr\/wp-json\/wp\/v2\/media\/21680"}],"wp:attachment":[{"href":"https:\/\/www.europesays.com\/fr\/wp-json\/wp\/v2\/media?parent=27959"}],"wp:term":[{"taxonomy":"category","embeddable":true,"href":"https:\/\/www.europesays.com\/fr\/wp-json\/wp\/v2\/categories?post=27959"},{"taxonomy":"post_tag","embeddable":true,"href":"https:\/\/www.europesays.com\/fr\/wp-json\/wp\/v2\/tags?post=27959"}],"curies":[{"name":"wp","href":"https:\/\/api.w.org\/{rel}","templated":true}]}}