{"id":279590,"date":"2025-07-28T12:49:12","date_gmt":"2025-07-28T12:49:12","guid":{"rendered":"https:\/\/www.europesays.com\/fr\/279590\/"},"modified":"2025-07-28T12:49:12","modified_gmt":"2025-07-28T12:49:12","slug":"premier-point-de-la-saison-pour-mrezigue","status":"publish","type":"post","link":"https:\/\/www.europesays.com\/fr\/279590\/","title":{"rendered":"Premier point de la saison pour Mrezigue"},"content":{"rendered":"<p><strong\/><\/p>\n<p><strong>Suite \u00e0 sa d\u00e9faite inaugurale en Russie Premier Liga<br \/>\nface au Spartak Moscou (1-1), le Dinamo Makhachkala affrontait<br \/>\nOrenburg avec ambition.\u00a0<\/strong><\/p>\n<p><strong>Sans Mohamed Azzi, d\u00e9j\u00e0 suspendu suite \u00e0 une<br \/>\naccumulation de cartons<\/strong>, le Dinamo se d\u00e9pla\u00e7ait, pour la<br \/>\nseconde fois cons\u00e9cutive, et cette fois sur le terrain<br \/>\nd&rsquo;Orenburg.<\/p>\n<p>Arm\u00e9 d\u00a0\u00bb<strong>un Houssem Eddine Mrezigue toujours indispensable<br \/>\nau milieu de terrain et par cons\u00e9quent titulaire<\/strong>, le<br \/>\nDinamo a d&rsquo;abord ouvert le score gr\u00e2ce \u00e0 Hosseinnejad, qui profite<br \/>\nd&rsquo;une erreur de relance adverse pour ouvrir la marque juste apr\u00e8s<br \/>\nle retour des vestiaires (0-1, 49&prime;).<\/p>\n<p>Malheureusement pour Mrezigue et ses co\u00e9quipiers, Orenburg<br \/>\n\u00e9galisera \u00e0 un quart d&rsquo;heure de la fin du match (1-1, 74&prime;), les<br \/>\nprivant ainsi de leur premi\u00e8re victoire de la saison. <strong>Un<br \/>\npetit point en deux matchs pour Makhachkala<\/strong>, qui devra se<br \/>\nressaisir d\u00e8s mercredi \u00e0 domicile en Coupe de Russie, face \u00e0<br \/>\nPari.<\/p>\n<p style=\"text-align: right;\">DZfoot<\/p>\n","protected":false},"excerpt":{"rendered":"Suite \u00e0 sa d\u00e9faite inaugurale en Russie Premier Liga face au Spartak Moscou (1-1), le Dinamo Makhachkala affrontait&hellip;\n","protected":false},"author":2,"featured_media":279591,"comment_status":"","ping_status":"","sticky":false,"template":"","format":"standard","meta":{"footnotes":""},"categories":[1591],"tags":[11,1887,12,1885,1886,132],"class_list":{"0":"post-279590","1":"post","2":"type-post","3":"status-publish","4":"format-standard","5":"has-post-thumbnail","7":"category-russie","8":"tag-actualites","9":"tag-federation-de-russie","10":"tag-news","11":"tag-russia","12":"tag-russian-federation","13":"tag-russie"},"share_on_mastodon":{"url":"https:\/\/pubeurope.com\/@fr\/114930946114448714","error":""},"_links":{"self":[{"href":"https:\/\/www.europesays.com\/fr\/wp-json\/wp\/v2\/posts\/279590","targetHints":{"allow":["GET"]}}],"collection":[{"href":"https:\/\/www.europesays.com\/fr\/wp-json\/wp\/v2\/posts"}],"about":[{"href":"https:\/\/www.europesays.com\/fr\/wp-json\/wp\/v2\/types\/post"}],"author":[{"embeddable":true,"href":"https:\/\/www.europesays.com\/fr\/wp-json\/wp\/v2\/users\/2"}],"replies":[{"embeddable":true,"href":"https:\/\/www.europesays.com\/fr\/wp-json\/wp\/v2\/comments?post=279590"}],"version-history":[{"count":0,"href":"https:\/\/www.europesays.com\/fr\/wp-json\/wp\/v2\/posts\/279590\/revisions"}],"wp:featuredmedia":[{"embeddable":true,"href":"https:\/\/www.europesays.com\/fr\/wp-json\/wp\/v2\/media\/279591"}],"wp:attachment":[{"href":"https:\/\/www.europesays.com\/fr\/wp-json\/wp\/v2\/media?parent=279590"}],"wp:term":[{"taxonomy":"category","embeddable":true,"href":"https:\/\/www.europesays.com\/fr\/wp-json\/wp\/v2\/categories?post=279590"},{"taxonomy":"post_tag","embeddable":true,"href":"https:\/\/www.europesays.com\/fr\/wp-json\/wp\/v2\/tags?post=279590"}],"curies":[{"name":"wp","href":"https:\/\/api.w.org\/{rel}","templated":true}]}}