{"id":279602,"date":"2025-07-28T12:55:16","date_gmt":"2025-07-28T12:55:16","guid":{"rendered":"https:\/\/www.europesays.com\/fr\/279602\/"},"modified":"2025-07-28T12:55:16","modified_gmt":"2025-07-28T12:55:16","slug":"tu-meritais-ce-titre-moi-jai-eu-de-la-chance-declare-de-minaur-a-davidovich-fokina","status":"publish","type":"post","link":"https:\/\/www.europesays.com\/fr\/279602\/","title":{"rendered":"\u00ab Tu m\u00e9ritais ce titre, moi, j\u2019ai eu de la chance \u00bb, d\u00e9clare de Minaur \u00e0 Davidovich Fokina"},"content":{"rendered":"<p>                <img decoding=\"async\" src=\"https:\/\/www.europesays.com\/fr\/wp-content\/uploads\/2025\/07\/iDQI.jpg\" alt=\"\u00ab Tu m\u00e9ritais ce titre, moi, j\u2019ai eu de la chance \u00bb, d\u00e9clare de Minaur \u00e0 Davidovich Fokina\"\/><\/p>\n<p>Alejandro Davidovich Fokina a \u00e9chou\u00e9 ce dimanche pour la 4e fois en finale d\u2019un tournoi ATP. \u00c0 Washington, l\u2019Espagnol a \u00e9t\u00e9 battu par Alex de Minaur, malgr\u00e9 3 balles de match.<\/p>\n<p>Pour le moment, il figure dans cette liste de 4 joueurs avec Jerzy Janowicz, Hyeon Chung et Henrik Holm \u00e0 avoir \u00e9t\u00e9 Top 20 sans gagner le moindre titre ATP.<\/p>\n<p>Lors de son discours durant la c\u00e9r\u00e9monie des troph\u00e9es, de Minaur a admis : \u00ab Alejandro, tu es trop fort pour ne pas remporter un titre. \u00c7a va arriver.<\/p>\n<p><strong>Aujourd\u2019hui, tu le m\u00e9ritais, moi, j\u2019ai eu de la chance. Tu es un sacr\u00e9 comp\u00e9titeur et un sacr\u00e9 joueur.<\/strong><\/p>\n<p><strong>Personne sur le circuit ne veut te jouer. Ce n&rsquo;est pas encore fini ! \u00bb<\/strong><\/p>\n","protected":false},"excerpt":{"rendered":"Alejandro Davidovich Fokina a \u00e9chou\u00e9 ce dimanche pour la 4e fois en finale d\u2019un tournoi ATP. \u00c0 Washington,&hellip;\n","protected":false},"author":2,"featured_media":279603,"comment_status":"","ping_status":"","sticky":false,"template":"","format":"standard","meta":{"footnotes":""},"categories":[1586],"tags":[11,1777,674,1779,1011,27,12,25,1778,364],"class_list":{"0":"post-279602","1":"post","2":"type-post","3":"status-publish","4":"format-standard","5":"has-post-thumbnail","7":"category-europe","8":"tag-actualites","9":"tag-eu","10":"tag-europe","11":"tag-european-union","12":"tag-fr","13":"tag-france","14":"tag-news","15":"tag-republique-francaise","16":"tag-ue","17":"tag-union-europeenne"},"share_on_mastodon":{"url":"https:\/\/pubeurope.com\/@fr\/114930969730051682","error":""},"_links":{"self":[{"href":"https:\/\/www.europesays.com\/fr\/wp-json\/wp\/v2\/posts\/279602","targetHints":{"allow":["GET"]}}],"collection":[{"href":"https:\/\/www.europesays.com\/fr\/wp-json\/wp\/v2\/posts"}],"about":[{"href":"https:\/\/www.europesays.com\/fr\/wp-json\/wp\/v2\/types\/post"}],"author":[{"embeddable":true,"href":"https:\/\/www.europesays.com\/fr\/wp-json\/wp\/v2\/users\/2"}],"replies":[{"embeddable":true,"href":"https:\/\/www.europesays.com\/fr\/wp-json\/wp\/v2\/comments?post=279602"}],"version-history":[{"count":0,"href":"https:\/\/www.europesays.com\/fr\/wp-json\/wp\/v2\/posts\/279602\/revisions"}],"wp:featuredmedia":[{"embeddable":true,"href":"https:\/\/www.europesays.com\/fr\/wp-json\/wp\/v2\/media\/279603"}],"wp:attachment":[{"href":"https:\/\/www.europesays.com\/fr\/wp-json\/wp\/v2\/media?parent=279602"}],"wp:term":[{"taxonomy":"category","embeddable":true,"href":"https:\/\/www.europesays.com\/fr\/wp-json\/wp\/v2\/categories?post=279602"},{"taxonomy":"post_tag","embeddable":true,"href":"https:\/\/www.europesays.com\/fr\/wp-json\/wp\/v2\/tags?post=279602"}],"curies":[{"name":"wp","href":"https:\/\/api.w.org\/{rel}","templated":true}]}}