{"id":279610,"date":"2025-07-28T12:59:21","date_gmt":"2025-07-28T12:59:21","guid":{"rendered":"https:\/\/www.europesays.com\/fr\/279610\/"},"modified":"2025-07-28T12:59:21","modified_gmt":"2025-07-28T12:59:21","slug":"johnny-keefer-triomphe-dumont-de-chassart-sur-le-reculoir","status":"publish","type":"post","link":"https:\/\/www.europesays.com\/fr\/279610\/","title":{"rendered":"Johnny Keefer triomphe, Dumont de Chassart sur le reculoir"},"content":{"rendered":"<p>\t\t\t\t\t\t<img width=\"770\" height=\"556\" src=\"https:\/\/www.europesays.com\/fr\/wp-content\/uploads\/2025\/06\/afp__20250601__2218119650__v2__highres__unchealthchampionshippresentedbystitch2025fi-770x556.jpg\" class=\"img-responsive wp-post-image\" alt=\"\" decoding=\"async\" fetchpriority=\"high\"  \/>\t\t\t\t\t<\/p>\n<p>\t\t\t\t\t\t Partager cet article <\/p>\n<p class=\"screen-reader-text juiz_sps_maybe_hidden_text\">Partager la publication \u00ab\u00a0Johnny Keefer triomphe, Dumont de Chassart sur le reculoir\u00a0\u00bb<\/p>\n<p><strong>Johnny Keefer d\u00e9croche le troph\u00e9e \u00e0 Glenview gr\u00e2ce \u00e0 une r\u00e9gularit\u00e9 exceptionnelle, tandis que le Belge Adrien Dumont de Chassart (photo) n\u2019a pas am\u00e9lior\u00e9 ses chances de d\u00e9crocher une carte du PGA Tour en terminant 62e.<\/strong><\/p>\n<p>\t\t\t\t\t<a id=\"178042\" href=\"https:\/\/leclub-golf.com\/fr\/actualites\/team-sud-ouest-vs-team-sud-est-le-duel-de-lete?utm_source=golf+planete&amp;utm_medium=referral&amp;utm_campaign=team+sud&amp;utm_id=team+sud_golf+planete_referral_banner\" target=\"_blank\" rel=\"sponsorised nofollow noopener\"><img decoding=\"async\" src=\"data:image\/svg+xml,%3Csvg%20xmlns=\" http:=\"\" class=\"img-responsive\" alt=\"\" data-lazy-src=\"https:\/\/www.europesays.com\/fr\/wp-content\/uploads\/2025\/07\/leclubgolf-e08-duel-teams-1170x275-1.png\"\/><\/a><\/p>\n<p>Auteur d\u2019un jeu offensif toute la semaine, <strong>Johnny Keefer<\/strong> avait d\u00e9j\u00e0 battu son record personnel avec un 61 lors du troisi\u00e8me tour du <strong>NV5 Invitational<\/strong> mais il s\u2019est fait un peu peur lors de la derni\u00e8re journ\u00e9e\u00a0: parti avec quatre coups d\u2019avance, il a conc\u00e9d\u00e9 deux bogeys d\u2019affil\u00e9e au 5 et au 6, mais il s\u2019est bien repris pour devancer de deux longueurs son compatriote <strong>Jeffrey Kang<\/strong>, auteur d\u2019une carte de 65 ponctu\u00e9e de cinq birdies et un eagle au 18.\u00a0<\/p>\n<p><a href=\"https:\/\/www.pgatour.com\/korn-ferry-tour\/tournaments\/2025\/nv5-invitational\/H2025131\/leaderboard\" rel=\"nofollow noopener\" target=\"_blank\">Le classement complet<\/a><\/p>\n<p>D\u00e9j\u00e0 vainqueur du <strong>Veritex Bank Championship<\/strong> en avril, il prend ainsi la t\u00eate du <a href=\"https:\/\/www.pgatour.com\/korn-ferry-tour\/tournaments\/2025\/nv5-invitational\/H2025131\/pointslist\" rel=\"nofollow noopener\" target=\"_blank\">classement du <strong>Korn Ferry Tour<\/strong><\/a>.<\/p>\n<p>\t\t\t\t<img loading=\"lazy\" decoding=\"async\" src=\"data:image\/svg+xml,%3Csvg%20xmlns=\" http:=\"\" attributionsrc=\"\" border=\"0\" height=\"1\" width=\"1\" alt=\"Advertisement\" data-lazy-src=\"https:\/\/www.europesays.com\/fr\/wp-content\/uploads\/2025\/06\/B33661776.421948095;dc_trk_aid=614321628;dc_trk_cid=235413172;ord=[timestamp];dc_lat=;dc_rdid=;tag_f.gif\"\/><\/p>\n<p>\t\t\t\t\t<a id=\"174697\" href=\"https:\/\/ad.doubleclick.net\/ddm\/trackclk\/N6600.3770024GOLFPLANATE\/B33661776.421948095;dc_trk_aid=614321628;dc_trk_cid=235413172;dc_lat=;dc_rdid=;tag_for_child_directed_treatment=;tfua=;gdpr=${GDPR};gdpr_consent=${GDPR_CONSENT_755};ltd=;dc_tdv=1\" target=\"_blank\" rel=\"sponsorised nofollow noopener\"><img decoding=\"async\" src=\"data:image\/svg+xml,%3Csvg%20xmlns=\" http:=\"\" class=\"img-responsive\" alt=\"\" data-lazy-src=\"https:\/\/www.europesays.com\/fr\/wp-content\/uploads\/2025\/06\/amundi-e01-retraite-2506-1170x275-1.jpg\"\/><\/a><br \/>\nDumont de Chassart souffle le chaud et le froid<\/p>\n<p>Le Belge <strong>Adrien Dumont de Chassart<\/strong>, qui avait bondi de 36 places au leaderboard gr\u00e2ce \u00e0 un superbe 63 (-8) samedi, a malheureusement jou\u00e9 10 coups de plus lors du dernier tour pour prendre en perdre 37. Apr\u00e8s avoir enregistr\u00e9 trois birdies sur les cinq premiers trous, il a conc\u00e9d\u00e9 trois bogeys et un double pour une carte de 73 (+2).<\/p>\n<p><strong>J\u00e9r\u00e9my Gandon <\/strong>avait rat\u00e9 le cut apr\u00e8s avoir enregistr\u00e9 la semaine derni\u00e8re <a href=\"https:\/\/www.golfplanete.com\/actualites\/jeremy-gandon-et-adrien-dumont-de-chassart-enregistrent-un-nouveau-top-10\/\" rel=\"nofollow noopener\" target=\"_blank\">son premier top 10 sur le Korn Ferry Tour<\/a> plus de trois mois apr\u00e8s sa victoire au <strong>Club Car Championship<\/strong>. D\u00e9sormais 13e de <a href=\"https:\/\/www.pgatour.com\/korn-ferry-tour\/tournaments\/2025\/nv5-invitational\/H2025131\/pointslist\" rel=\"nofollow noopener\" target=\"_blank\">l\u2019Ordre du m\u00e9rite<\/a>, le Dr\u00f4mois peut encore esp\u00e9rer d\u00e9crocher une carte sur<strong> le PGA Tour, <\/strong>puisque les 20 premiers non-exempt\u00e9s l\u2019obtiennent automatiquement. 5e la semaine pass\u00e9e, Adrien Dumont de Chassart pointe \u00e0 la 23e place.<\/p>\n<p>\t\t\t\t\t<a id=\"178017\" href=\"https:\/\/www.formigolf.fr\/voyage-pays~jardin-de-tecina-4etoiles-la-gomera~75~canaries\" target=\"_blank\" rel=\"sponsorised nofollow noopener\"><img decoding=\"async\" src=\"data:image\/svg+xml,%3Csvg%20xmlns=\" http:=\"\" class=\"img-responsive\" alt=\"\" data-lazy-src=\"https:\/\/www.europesays.com\/fr\/wp-content\/uploads\/2025\/07\/formigolf-e07-canaries-gomera-1170x275-1.gif\"\/><\/a><br \/>\nLe leaderboard<\/p>\n<p><img loading=\"lazy\" decoding=\"async\" class=\"aligncenter wp-image-181075 size-full\" src=\"data:image\/svg+xml,%3Csvg%20xmlns=\" http:=\"\" alt=\"\" width=\"775\" height=\"603\" data-lazy- data-lazy- data-lazy-src=\"https:\/\/www.europesays.com\/fr\/wp-content\/uploads\/2025\/07\/nv5-tour-4.jpg\"\/><\/p>\n<p>\t\t\t\t\t<a id=\"181043\" href=\"https:\/\/www.garmin.com\/fr-FR\/c\/sports-fitness\/golf-gps-devices-smartwatches\/\" target=\"_blank\" rel=\"sponsorised nofollow noopener\"><img decoding=\"async\" src=\"data:image\/svg+xml,%3Csvg%20xmlns=\" http:=\"\" class=\"img-responsive\" alt=\"\" data-lazy-src=\"https:\/\/www.europesays.com\/fr\/wp-content\/uploads\/2025\/06\/garmin-e01-serie-approach-1170x275-1.jpeg\"\/><\/a><\/p>\n<p>\u00a9 Grant Halverson\/Getty Images\/AFP<\/p>\n","protected":false},"excerpt":{"rendered":"Partager cet article Partager la publication \u00ab\u00a0Johnny Keefer triomphe, Dumont de Chassart sur le reculoir\u00a0\u00bb Johnny Keefer d\u00e9croche&hellip;\n","protected":false},"author":2,"featured_media":145724,"comment_status":"","ping_status":"","sticky":false,"template":"","format":"standard","meta":{"footnotes":""},"categories":[1418],"tags":[1011,27,1472,60],"class_list":{"0":"post-279610","1":"post","2":"type-post","3":"status-publish","4":"format-standard","5":"has-post-thumbnail","7":"category-golf","8":"tag-fr","9":"tag-france","10":"tag-golf","11":"tag-sports"},"share_on_mastodon":{"url":"https:\/\/pubeurope.com\/@fr\/114930985454951228","error":""},"_links":{"self":[{"href":"https:\/\/www.europesays.com\/fr\/wp-json\/wp\/v2\/posts\/279610","targetHints":{"allow":["GET"]}}],"collection":[{"href":"https:\/\/www.europesays.com\/fr\/wp-json\/wp\/v2\/posts"}],"about":[{"href":"https:\/\/www.europesays.com\/fr\/wp-json\/wp\/v2\/types\/post"}],"author":[{"embeddable":true,"href":"https:\/\/www.europesays.com\/fr\/wp-json\/wp\/v2\/users\/2"}],"replies":[{"embeddable":true,"href":"https:\/\/www.europesays.com\/fr\/wp-json\/wp\/v2\/comments?post=279610"}],"version-history":[{"count":0,"href":"https:\/\/www.europesays.com\/fr\/wp-json\/wp\/v2\/posts\/279610\/revisions"}],"wp:featuredmedia":[{"embeddable":true,"href":"https:\/\/www.europesays.com\/fr\/wp-json\/wp\/v2\/media\/145724"}],"wp:attachment":[{"href":"https:\/\/www.europesays.com\/fr\/wp-json\/wp\/v2\/media?parent=279610"}],"wp:term":[{"taxonomy":"category","embeddable":true,"href":"https:\/\/www.europesays.com\/fr\/wp-json\/wp\/v2\/categories?post=279610"},{"taxonomy":"post_tag","embeddable":true,"href":"https:\/\/www.europesays.com\/fr\/wp-json\/wp\/v2\/tags?post=279610"}],"curies":[{"name":"wp","href":"https:\/\/api.w.org\/{rel}","templated":true}]}}