{"id":279611,"date":"2025-07-28T13:00:24","date_gmt":"2025-07-28T13:00:24","guid":{"rendered":"https:\/\/www.europesays.com\/fr\/279611\/"},"modified":"2025-07-28T13:00:24","modified_gmt":"2025-07-28T13:00:24","slug":"apres-une-belle-annee-sur-les-terrains-ce-club-de-beach-volley-se-reve-en-plus-grand","status":"publish","type":"post","link":"https:\/\/www.europesays.com\/fr\/279611\/","title":{"rendered":"apr\u00e8s une belle ann\u00e9e sur les terrains, ce club de beach-volley se r\u00eave en plus grand"},"content":{"rendered":"<p>            Par<br \/>\n        <strong><br \/>\n            <a href=\"https:\/\/actu.fr\/auteur\/redaction-lerepublique\" title=\"Consulter tous les articles de R\u00e9daction La R\u00e9publique de Seine et Marne\" target=\"_blank\" rel=\"noopener\">R\u00e9daction La R\u00e9publique de Seine et Marne<\/a><br \/>\n        <\/strong><\/p>\n<p>        Publi\u00e9 le<\/p>\n<p>            27 juil. 2025 \u00e0 9h55        <\/p>\n<p>C\u2019est \u00ab le \u00bb sport d\u2019\u00e9t\u00e9 et de plage par excellence. Le<b> Beach-Volley<\/b>, qui a reconquis ses lettres de noblesse sportives depuis les <a href=\"https:\/\/actu.fr\/tag\/jo-paris-2024\" target=\"_blank\" rel=\"noopener\">Jeux olympiques de Paris 2024<\/a>, l\u2019\u00e9t\u00e9 dernier, attire de plus en plus. Un constat que le pr\u00e9sident du <b>Green-Beach 77<\/b> de <a href=\"https:\/\/actu.fr\/ile-de-france\/saint-fargeau-ponthierry_77407\" target=\"_blank\" rel=\"noopener\">Saint-Fargeau-Ponthierry<\/a> (<b>Seine-et-Marne<\/b>) a pu faire. Il t\u00e9moigne.<\/p>\n<p>Une ann\u00e9e marqu\u00e9e par de bons r\u00e9sultats<\/p>\n<p class=\" wall-content\"><b>Le 21 juin 2025<\/b>, avant de c\u00e9l\u00e9brer la musique, ils \u00e9taient <b>plus de 70<\/b> \u00e0 \u00eatre venus \u00e0 la base de loisirs de <b>Seine-\u00c9cole<\/b>, pour le Paddy-beach-volley, le tournoi annuel du club, et ceci d\u00e8s le matin. Un r\u00e9sultat qui s\u00e9duit <b>le pr\u00e9sident du club, J\u00e9r\u00f4me Dubuisson<\/b>. \u00ab C\u2019est notre tournoi annuel, ouvert \u00e0 tous, que l\u2019on organise avant les vacances d\u2019\u00e9t\u00e9, pr\u00e9cise-t-il. C\u2019est avant tout un moment plaisir, aussi bien pour celles et ceux qui pratiquent le beach en loisirs qu\u2019en mode comp\u00e9tition. Une seule obligation, avoir a minima une fille par \u00e9quipe dans une rencontre en 4\u00d74 (4 membres par \u00e9quipe, N.D.L.R.). Pour le reste, c\u2019est l\u2019esprit d\u00e9tente qui prime, avec musique et barbecue. Mais nous sommes reconnus, nous avons des participants qui viennent <b>de Montereau comme d\u2019\u00c9tampes<\/b> \u00bb.<\/p>\n<blockquote class=\"ac-article-quote wall-content\">\n<p>Nous sommes reconnus, nous avons des participants qui viennent de Montereau comme d\u2019\u00c9tampes.<\/p>\n<p>J\u00e9r\u00f4me Dubuisson, pr\u00e9sident du Green-Beach 77<\/p><\/blockquote>\n<p class=\" wall-content\">Un message tr\u00e8s bien re\u00e7u, au regard du nombre de participants et de l\u2019ambiance autour des terrains et qui font que le pr\u00e9sident envisage l\u2019avenir entre optimisme et appr\u00e9hension pour l\u2019\u00e9ventuel agrandissement du club. \u00ab L<b>\u2018effet Paris 2024<\/b> a \u00e9t\u00e9 r\u00e9v\u00e9lateur pour beaucoup de jeunes du secteur, ajoute-t-il. Ils ont soit d\u00e9couvert ce sport, soit eu envie de le vivre autrement que par les matchs de plage l\u2019\u00e9t\u00e9. Depuis le d\u00e9but de saison, nous avons eu <b>35 jeunes, filles et gar\u00e7ons des cat\u00e9gories U15 \u00e0 U18<\/b>, qui ont particip\u00e9 aux qualifications en coupe de France et des filles en U15 qui sont arriv\u00e9es cinqui\u00e8mes au championnat \u00cele-de-France, c\u2019est plut\u00f4t prometteur \u00bb.<\/p>\n<p>Vers un agrandissement ?<\/p>\n<p class=\" wall-content\">Alors du c\u00f4t\u00e9 du club, on se met \u00e0 r\u00eaver d\u2019un agrandissement de la structure en rajoutant quatre terrains. \u00ab Nous avons pr\u00e9par\u00e9 notre projet, un descriptif des op\u00e9rations, des travaux \u00e0 engager, de l\u2019am\u00e9nagement. Tout cela \u00e0 un co\u00fbt, li\u00e9 principalement au prix du sable qui r\u00e9pond \u00e0 des crit\u00e8res tr\u00e8s sp\u00e9cifiques \u00bb, pr\u00e9cise J\u00e9r\u00f4me Dubuisson.<\/p>\n<p class=\" wall-content\">Car le projet n\u2019est pas seulement d\u2019accueillir plus de monde, mais de pouvoir <b>\u00eatre \u00e9tape du championnat de France<\/b>. Voire plus haut. \u00ab Nous avons tout argument\u00e9 pour pouvoir recevoir les phases des diff\u00e9rents championnats qui g\u00e9n\u00e9reront des <b>retomb\u00e9es \u00e9conomiques sur le bassin de vie<\/b>. Pour l\u2019instant notre dossier est en mairie, on croise les doigts et on attend une r\u00e9ponse \u00bb.<\/p>\n<p class=\" wall-content\">Et si, de votre c\u00f4t\u00e9, vous souhaitez essayer ce sport, le club organise chaque mercredi, \u00e0 partir de 18 h, un tournoi amical ouvert \u00e0 tous, individuel ou \u00e9quipe, avec une participation de 2\u00a0euros par personne. Le tournoi s\u2019adapte en fonction du niveau et du nombre de participants. \u00c0 vos marques\u2026<\/p>\n<p>Contact et renseignements sur urlr.me\/TW5xQN ou \u00e0 <a href=\"https:\/\/actu.fr\/cdn-cgi\/l\/email-protection\" class=\"__cf_email__\" data-cfemail=\"53342136363d313632303b646413343e323a3f7d303c3e\" target=\"_blank\" rel=\"noopener\">[email\u00a0protected]<\/a>.<\/p>\n<p class=\" wall-content\">Suivez toute l\u2019actualit\u00e9 de vos villes et m\u00e9dias favoris en vous inscrivant \u00e0 <a href=\"https:\/\/moncompte.actu.fr\" title=\"D\u00e9couvez Mon Actu\" rel=\"nofollow noopener\" data-trk=\"{&quot;cta&quot;:{&quot;action&quot;:&quot;https:\\\/\\\/moncompte.actu.fr&quot;,&quot;category&quot;:&quot;mon compte&quot;,&quot;from&quot;:&quot;article footer&quot;,&quot;name&quot;:&quot;Mon actu&quot;,&quot;type&quot;:&quot;cta&quot;}}\" target=\"_blank\">Mon Actu<\/a>.<\/p>\n","protected":false},"excerpt":{"rendered":"Par R\u00e9daction La R\u00e9publique de Seine et Marne Publi\u00e9 le 27 juil. 2025 \u00e0 9h55 C\u2019est \u00ab le&hellip;\n","protected":false},"author":2,"featured_media":279612,"comment_status":"","ping_status":"","sticky":false,"template":"","format":"standard","meta":{"footnotes":""},"categories":[1417],"tags":[1011,27,7941,104,60,1470,1469],"class_list":{"0":"post-279611","1":"post","2":"type-post","3":"status-publish","4":"format-standard","5":"has-post-thumbnail","7":"category-volley","8":"tag-fr","9":"tag-france","10":"tag-jo-paris-2024","11":"tag-societe","12":"tag-sports","13":"tag-volley","14":"tag-volleyball"},"share_on_mastodon":{"url":"https:\/\/pubeurope.com\/@fr\/114930989427829261","error":""},"_links":{"self":[{"href":"https:\/\/www.europesays.com\/fr\/wp-json\/wp\/v2\/posts\/279611","targetHints":{"allow":["GET"]}}],"collection":[{"href":"https:\/\/www.europesays.com\/fr\/wp-json\/wp\/v2\/posts"}],"about":[{"href":"https:\/\/www.europesays.com\/fr\/wp-json\/wp\/v2\/types\/post"}],"author":[{"embeddable":true,"href":"https:\/\/www.europesays.com\/fr\/wp-json\/wp\/v2\/users\/2"}],"replies":[{"embeddable":true,"href":"https:\/\/www.europesays.com\/fr\/wp-json\/wp\/v2\/comments?post=279611"}],"version-history":[{"count":0,"href":"https:\/\/www.europesays.com\/fr\/wp-json\/wp\/v2\/posts\/279611\/revisions"}],"wp:featuredmedia":[{"embeddable":true,"href":"https:\/\/www.europesays.com\/fr\/wp-json\/wp\/v2\/media\/279612"}],"wp:attachment":[{"href":"https:\/\/www.europesays.com\/fr\/wp-json\/wp\/v2\/media?parent=279611"}],"wp:term":[{"taxonomy":"category","embeddable":true,"href":"https:\/\/www.europesays.com\/fr\/wp-json\/wp\/v2\/categories?post=279611"},{"taxonomy":"post_tag","embeddable":true,"href":"https:\/\/www.europesays.com\/fr\/wp-json\/wp\/v2\/tags?post=279611"}],"curies":[{"name":"wp","href":"https:\/\/api.w.org\/{rel}","templated":true}]}}