{"id":279613,"date":"2025-07-28T13:01:09","date_gmt":"2025-07-28T13:01:09","guid":{"rendered":"https:\/\/www.europesays.com\/fr\/279613\/"},"modified":"2025-07-28T13:01:09","modified_gmt":"2025-07-28T13:01:09","slug":"quelle-equipe-type-pour-le-stade-francais-la-saison-prochaine","status":"publish","type":"post","link":"https:\/\/www.europesays.com\/fr\/279613\/","title":{"rendered":"quelle \u00e9quipe type pour le Stade Fran\u00e7ais la saison prochaine\u00a0?"},"content":{"rendered":"<p>            Par<br \/>\n        <strong><br \/>\n            <a href=\"https:\/\/actu.fr\/auteur\/anthony-assemat\" title=\"Consulter tous les articles de Anthony Assemat\" target=\"_blank\" rel=\"noopener\">Anthony Assemat<\/a><br \/>\n        <\/strong><\/p>\n<p>        Publi\u00e9 le<\/p>\n<p>            28 juil. 2025 \u00e0 12h07        <\/p>\n<p>Maintenu sur le fil lors de la derni\u00e8re journ\u00e9e, les Parisiens veulent tourner la page d\u2019une saison cauchemardesque pour retrouver les sommets. Voici l\u2019\u00e9quipe type du Stade Fran\u00e7ais.<\/p>\n<p>Les arriv\u00e9es : le meneur Kerr-Barlow, le pari Vili<\/p>\n<p class=\" wall-content\">\u00ab\u00a0Annus horribilis\u00a0\u00bb, ann\u00e9e cauchemardesque, le t\u00eate \u00e0 l\u2019envers\u2026 Les qualificatifs ne manquent pas pour \u00e9voquer<a href=\"https:\/\/actu.fr\/sports\/rugby\/pro\/la-bonne-operation-pour-paris-toulon-chute-encore-resultats-et-debrief-de-la-24e-journee-de-top-14_62651235.html\" target=\"_blank\" rel=\"noopener\"> la saison 2024-2025 du Stade Fran\u00e7ais<\/a>. Des Parisiens qui restaient pourtant sur une demi-finale (perdue d\u2019un rien face \u00e0 l\u2019UBB) assortie de certitudes dans le jeu. Mais la saison derni\u00e8re, rien n\u2019a fonctionn\u00e9 et les Soldats Roses, friables mentalement, ont trembl\u00e9 jusqu\u2019au bout pour assurer leur maintien, finissant juste devant le barragiste Perpignan.<\/p>\n<p class=\" wall-content\">Pour rebondir, les Parisiens n\u2019ont pas pour autant chamboul\u00e9 leur effectif ni cass\u00e9 la tirelire, mais plut\u00f4t fait des paris qu\u2019ils esp\u00e8rent gagnants. A la m\u00eal\u00e9e, l\u2019ancien guide n\u00e9o-z\u00e9landais de La Rochelle <strong>Tawera Kerr-Barlow<\/strong> a toujours bon pied bon oeil \u00e0 34 ans. Son exp\u00e9rience sera b\u00e9n\u00e9fique et il apportera un mental qui a beaucoup manqu\u00e9 aux Parisiens dans les moments difficiles la saison pass\u00e9e.<\/p>\n<p class=\" wall-content\">Au centre, Paris fonde beaucoup d\u2019espoirs sur <strong>Noah N\u00e9n\u00e9.<\/strong> Pr\u00eat\u00e9 en Pro D2 \u00e0 Dax la saison derni\u00e8re, il a montr\u00e9 de tr\u00e8s belles aptitudes (3 essais en 14 matchs). <strong>Un potentiel qui a convaincu le s\u00e9lectionneur des Bleus Fabien Galthi\u00e9<\/strong> de l\u2019appeler dans le groupe \u00e9largi de 42 joueurs pour le premier match du Tournoi 2025 face aux Gallois.<\/p>\n<p class=\" wall-content\">L\u2019autre recrue \u00e0 ce poste est un \u00e9ternel espoir qui n\u2019a pas franchi le cap. <strong>Tani Vili<\/strong> (24 ans, 1,87 m pour 112 kg), form\u00e9 \u00e0 Clermont, poss\u00e8de un potentiel certain mais il n\u2019a pas vraiment r\u00e9ussi \u00e0 s\u2019imposer comme un titulaire indiscutable apr\u00e8s ses passages \u00e0 Clermont, Bordeaux et Vannes. Il arrive \u00e0 Paris dans un secteur d\u00e9j\u00e0 bien pourvu avec les Joe Marchant, <a href=\"https:\/\/actu.fr\/ile-de-france\/paris_75056\/je-suis-parisien-le-club-m-a-fait-grandir-deux-joueurs-affichent-leur-devotion-pour-le-stade-francais_62642012.html\" target=\"_blank\" rel=\"noopener\">J\u00e9r\u00e9my Ward<\/a> et Julien Delbouis. A lui de forcer son destin.<\/p>\n<p class=\" wall-content\"><strong>Les arriv\u00e9es :\u00a0<\/strong><\/p>\n<p class=\" wall-content\"><strong>-Tawera Kerr-Barlow<\/strong> (demi de m\u00eal\u00e9e, La Rochelle)<br \/><strong>\u2013 Tani Vili<\/strong> (centre, Vannes)<br \/><strong>\u2013 Thierry Pa\u00efva<\/strong> (pilier, La Rochelle)<br \/><strong>\u2013 Iakopo Mapu<\/strong> (3e ligne, Northampton)<br \/><strong>\u2013 Noah N\u00e9n\u00e9<\/strong> (centre, Dax en retour de pr\u00eat)<\/p>\n<p>Les d\u00e9parts : Van der Mescht va manquer\u2026<\/p>\n<p class=\" wall-content\">Arch\u00e9type du joueur sud-africain puissant et besogneux, le deuxi\u00e8me ligne <strong>JJ Van der Mescht<\/strong> (26 ans) am\u00e8nera sa densit\u00e9 \u00e0 Northampton, en championnat d\u2019Angleterre, la saison prochaine. Van der Mescht, c\u2019est 87 matchs avec les Roses en quatre saisons. Assur\u00e9ment un vide qu\u2019il va falloir combler pour <a href=\"https:\/\/actu.fr\/ile-de-france\/paris_75056\/ca-fait-du-bien-aux-joueurs-une-nouveaute-au-stade-francais-pour-viser-le-maintien-en-top-14_62641195.html\" target=\"_blank\" rel=\"noopener\">le collectif coach\u00e9 par Paul Gustard.<\/a><\/p>\n<p class=\" wall-content\">Malgr\u00e9 cette saison indigne de son statut, le Stade Fran\u00e7ais n\u2019a pourtant pas connu une impressionnante vague de d\u00e9parts. On retiendra la retraite de l\u2019Argentin <strong>Francisco Gomez Kodela<\/strong> (40 ans) et le d\u00e9part \u00e0 Grenoble du talentueux ailier portugais<strong> Raffaele Costa Storti<\/strong>, qui ne s\u2019est pas impos\u00e9 dans la Capitale et dont on recherche la confirmation apr\u00e8s deux saisons r\u00e9ussies \u00e0 B\u00e9ziers, d\u00e9j\u00e0 en Pro D2 (de 2022 \u00e0 2024). Quant au centre anglais Joe Marchant et \u00e0 l\u2019ouvreur<a href=\"https:\/\/actu.fr\/ile-de-france\/paris_75056\/j-etais-tres-emu-de-le-voir-louis-carbonel-compatit-avec-ce-toulousain-avant-stade-francais-toulouse_62533596.html\" target=\"_blank\" rel=\"noopener\"> Louis Carbonel<\/a> (qui \u00e9tait annonc\u00e9 de retour \u00e0 Toulon), ils seront bien Parisiens la saison prochaine.<\/p>\n<p class=\" wall-content\"><strong>Les d\u00e9parts :\u00a0<\/strong><\/p>\n<p class=\" wall-content\"><strong>-JJ Van der Mescht<\/strong> (2e ligne, Northampton)<br \/><strong>\u2013 Raffaelle Costa Storti<\/strong> (ailier, Grenoble)<br \/><strong>\u2013 Francisco Gomez Kodela<\/strong> (pilier, retraite)<br \/><strong>\u2013 Luka Petriashvili<\/strong> (pilier, Nevers)<\/p>\n<p>L\u2019objectif : retrouver les sommets<\/p>\n<p class=\" wall-content\">M\u00eame si le monde du Top 14 tourne principalement autour de Toulouse, Bordeaux et La Rochelle ces derni\u00e8res saisons, voir le Stade Fran\u00e7ais terminer \u00e0 la 12e place est une anomalie. La demie de 2024 devait \u00eatre la premi\u00e8re pierre d\u2019un retour durable des Roses au premier plan, alors que les derniers titres majeurs sont une Challenge Cup (2017) et surtout un Bouclier de Brennus, il y a d\u00e9j\u00e0 10 ans (2015).<\/p>\n<p class=\" wall-content\">Que peuvent esp\u00e9rer les Parisiens la saison prochaine ? <strong>La stabilit\u00e9 de l\u2019effectif pourrait \u00eatre un atout<\/strong>. En cas de bon d\u00e9part, et si ce groupe, qui n\u2019\u00e9tait pas habitu\u00e9 \u2013 ni programm\u00e9 \u2013 la saison pass\u00e9e \u00e0 jouer le maintien, retrouve la confiance, cela peut tourner dans le bon sens. N\u2019oublions pas que Paris est la seule \u00e9quipe \u00e0 avoir battu Northampton en Coupe d\u2019Europe, avant que les hommes de Pollock ne tombent en finale face \u00e0 l\u2019UBB. Les cinq premi\u00e8res journ\u00e9es, avec notamment Montauban, Pau, Perpignan et Lyon, donneront le curseur de la saison, entre maintien et course au Top 6.<\/p>\n<p><strong>L\u2019\u00e9quipe type du Stade Fran\u00e7ais<\/strong><\/p>\n<p class=\" wall-content\">C\u2019est une \u00e9quipe pratiquement inchang\u00e9e du Stade Fran\u00e7ais qui s\u2019avancera sur la ligne de d\u00e9part, alors que Kerr-Barlow devrait logiquement prendre la barre en 9. Un retour important est \u00e0 noter : celui de Mathieu Hirigoyen en 3e ligne. Bless\u00e9 quasiment toute la saison derni\u00e8re, son retour en fin de saison avait fait du bien. Paris aura besoin de son soldat, qui a prolong\u00e9 son contrat dans la Capitale.<\/p>\n<p class=\" wall-content\">On aura un oeil sur la saison de L\u00e9o Barr\u00e9 \u00e0 l\u2019arri\u00e8re, apr\u00e8s sa tourn\u00e9e d\u2019\u00e9t\u00e9 manqu\u00e9e en Nouvelle-Z\u00e9lande, et sur le rebond de Louis Carbonel \u00e0 l\u2019ouverture. Enfin, la belle saison 2023-2024 des Roses avait repos\u00e9 sur une m\u00eal\u00e9e intraitable et des fondamentaux solides. La renaissance parisienne devra forc\u00e9ment passer par cette \u00e9tape.<\/p>\n<p class=\" wall-content\"><strong>Le XV type du Stade Fran\u00e7ais :<\/strong> Barr\u00e9 ; Marchant, Ward, Delbouis, Ezeala ; (o) Henry, (m) Kerr-Barlow ; Briatte, Tanga (ou Macalou), Halaifonua ; Pesenti, Gabrillagues ; P. Alo-Emile, Nicotera (Ou Peyresblanques), Pa\u00efva.<\/p>\n<p class=\" wall-content\">Suivez toute l\u2019actualit\u00e9 de vos villes et m\u00e9dias favoris en vous inscrivant \u00e0 <a href=\"https:\/\/moncompte.actu.fr\" title=\"D\u00e9couvez Mon Actu\" rel=\"nofollow noopener\" data-trk=\"{&quot;cta&quot;:{&quot;action&quot;:&quot;https:\\\/\\\/moncompte.actu.fr&quot;,&quot;category&quot;:&quot;mon compte&quot;,&quot;from&quot;:&quot;article footer&quot;,&quot;name&quot;:&quot;Mon actu&quot;,&quot;type&quot;:&quot;cta&quot;}}\" target=\"_blank\">Mon Actu<\/a>.<\/p>\n<ul class=\"ac-article-tag wall-content\">\n<li><a href=\"https:\/\/actu.fr\/tag\/stade-francais\" data-trk=\"{&quot;cta&quot;:{&quot;action&quot;:&quot;Stade Fran\\u00e7ais&quot;,&quot;category&quot;:&quot;tag&quot;,&quot;from&quot;:&quot;article footer&quot;,&quot;name&quot;:&quot;Stade Fran\\u00e7ais&quot;,&quot;type&quot;:&quot;cta&quot;}}\" target=\"_blank\" rel=\"noopener\">#Stade Fran\u00e7ais<\/a><\/li>\n<li><a href=\"https:\/\/actu.fr\/tag\/transferts-rugby\" data-trk=\"{&quot;cta&quot;:{&quot;action&quot;:&quot;Transferts rugby&quot;,&quot;category&quot;:&quot;tag&quot;,&quot;from&quot;:&quot;article footer&quot;,&quot;name&quot;:&quot;Transferts rugby&quot;,&quot;type&quot;:&quot;cta&quot;}}\" target=\"_blank\" rel=\"noopener\">#Transferts rugby<\/a><\/li>\n<\/ul>\n","protected":false},"excerpt":{"rendered":"Par Anthony Assemat Publi\u00e9 le 28 juil. 2025 \u00e0 12h07 Maintenu sur le fil lors de la derni\u00e8re&hellip;\n","protected":false},"author":2,"featured_media":279614,"comment_status":"","ping_status":"","sticky":false,"template":"","format":"standard","meta":{"footnotes":""},"categories":[1416],"tags":[1011,27,479,1468,60,2558,478,477],"class_list":{"0":"post-279613","1":"post","2":"type-post","3":"status-publish","4":"format-standard","5":"has-post-thumbnail","7":"category-rugby","8":"tag-fr","9":"tag-france","10":"tag-rugby","11":"tag-rugby-football","12":"tag-sports","13":"tag-stade-francais","14":"tag-top-14","15":"tag-transferts-rugby"},"share_on_mastodon":{"url":"https:\/\/pubeurope.com\/@fr\/114930993357473069","error":""},"_links":{"self":[{"href":"https:\/\/www.europesays.com\/fr\/wp-json\/wp\/v2\/posts\/279613","targetHints":{"allow":["GET"]}}],"collection":[{"href":"https:\/\/www.europesays.com\/fr\/wp-json\/wp\/v2\/posts"}],"about":[{"href":"https:\/\/www.europesays.com\/fr\/wp-json\/wp\/v2\/types\/post"}],"author":[{"embeddable":true,"href":"https:\/\/www.europesays.com\/fr\/wp-json\/wp\/v2\/users\/2"}],"replies":[{"embeddable":true,"href":"https:\/\/www.europesays.com\/fr\/wp-json\/wp\/v2\/comments?post=279613"}],"version-history":[{"count":0,"href":"https:\/\/www.europesays.com\/fr\/wp-json\/wp\/v2\/posts\/279613\/revisions"}],"wp:featuredmedia":[{"embeddable":true,"href":"https:\/\/www.europesays.com\/fr\/wp-json\/wp\/v2\/media\/279614"}],"wp:attachment":[{"href":"https:\/\/www.europesays.com\/fr\/wp-json\/wp\/v2\/media?parent=279613"}],"wp:term":[{"taxonomy":"category","embeddable":true,"href":"https:\/\/www.europesays.com\/fr\/wp-json\/wp\/v2\/categories?post=279613"},{"taxonomy":"post_tag","embeddable":true,"href":"https:\/\/www.europesays.com\/fr\/wp-json\/wp\/v2\/tags?post=279613"}],"curies":[{"name":"wp","href":"https:\/\/api.w.org\/{rel}","templated":true}]}}