{"id":279615,"date":"2025-07-28T13:02:10","date_gmt":"2025-07-28T13:02:10","guid":{"rendered":"https:\/\/www.europesays.com\/fr\/279615\/"},"modified":"2025-07-28T13:02:10","modified_gmt":"2025-07-28T13:02:10","slug":"jessaie-de-le-convaincre-de-passer-plus-de-semaines-avec-moi-declare-zverev-sur-sa-collaboration-avec-toni-nadal","status":"publish","type":"post","link":"https:\/\/www.europesays.com\/fr\/279615\/","title":{"rendered":"\u00ab J\u2019essaie de le convaincre de passer plus de semaines avec moi \u00bb, d\u00e9clare Zverev sur sa collaboration avec Toni Nadal"},"content":{"rendered":"<p>                <img decoding=\"async\" src=\"https:\/\/www.europesays.com\/fr\/wp-content\/uploads\/2025\/07\/wROr.jpg\" alt=\"\u00ab J\u2019essaie de le convaincre de passer plus de semaines avec moi \u00bb, d\u00e9clare Zverev sur sa collaboration avec Toni Nadal\"\/><\/p>\n<p><strong>Alexander Zverev est revenu sur le temps qu\u2019il a pass\u00e9 \u00e0 la Rafa Nadal Academy sous la houlette de Toni Nadal.<\/strong><\/p>\n<p>En conf\u00e9rence de presse, l\u2019Allemand a d\u00e9clar\u00e9 vouloir passer plus de temps avec l\u2019oncle de Rafa, mais ce dernier ne dispose, pour le moment, pas assez de temps pour lui.<\/p>\n<p>Il d\u00e9clare : \u00ab C&rsquo;\u00e9tait incroyable d&rsquo;\u00eatre \u00e0 Majorque. J&rsquo;y ai pass\u00e9 une dizaine de jours, j&rsquo;ai travaill\u00e9 dur et j&rsquo;ai vraiment appr\u00e9ci\u00e9.<\/p>\n<p>Je pense que Toni a appr\u00e9ci\u00e9 aussi. J&rsquo;essaie de le convaincre de passer plus de semaines avec moi, on verra bien, mais c&rsquo;est quelqu&rsquo;un de tr\u00e8s occup\u00e9.<\/p>\n<p>De plus, il a beaucoup d&rsquo;engagements et de r\u00e9unions pr\u00e9vus cette ann\u00e9e, donc je ne sais pas si vous le verrez souvent cette ann\u00e9e, car il est d\u00e9j\u00e0 engag\u00e9 sur de nombreux \u00e9v\u00e9nements.<\/p>\n<p>Mais nous discutons sans doute d&rsquo;une \u00e9ventuelle collaboration, et oui, je pourrai probablement donner plus d&rsquo;informations dans quelques semaines, quand nous en saurons plus.<\/p>\n<p><strong>Mais oui, j&rsquo;ai vraiment appr\u00e9ci\u00e9 mon s\u00e9jour l\u00e0-bas. \u00bb<\/strong><\/p>\n","protected":false},"excerpt":{"rendered":"Alexander Zverev est revenu sur le temps qu\u2019il a pass\u00e9 \u00e0 la Rafa Nadal Academy sous la houlette&hellip;\n","protected":false},"author":2,"featured_media":279616,"comment_status":"","ping_status":"","sticky":false,"template":"","format":"standard","meta":{"footnotes":""},"categories":[1415],"tags":[1011,27,60,1467],"class_list":{"0":"post-279615","1":"post","2":"type-post","3":"status-publish","4":"format-standard","5":"has-post-thumbnail","7":"category-tennis","8":"tag-fr","9":"tag-france","10":"tag-sports","11":"tag-tennis"},"share_on_mastodon":{"url":"https:\/\/pubeurope.com\/@fr\/114930997235325971","error":""},"_links":{"self":[{"href":"https:\/\/www.europesays.com\/fr\/wp-json\/wp\/v2\/posts\/279615","targetHints":{"allow":["GET"]}}],"collection":[{"href":"https:\/\/www.europesays.com\/fr\/wp-json\/wp\/v2\/posts"}],"about":[{"href":"https:\/\/www.europesays.com\/fr\/wp-json\/wp\/v2\/types\/post"}],"author":[{"embeddable":true,"href":"https:\/\/www.europesays.com\/fr\/wp-json\/wp\/v2\/users\/2"}],"replies":[{"embeddable":true,"href":"https:\/\/www.europesays.com\/fr\/wp-json\/wp\/v2\/comments?post=279615"}],"version-history":[{"count":0,"href":"https:\/\/www.europesays.com\/fr\/wp-json\/wp\/v2\/posts\/279615\/revisions"}],"wp:featuredmedia":[{"embeddable":true,"href":"https:\/\/www.europesays.com\/fr\/wp-json\/wp\/v2\/media\/279616"}],"wp:attachment":[{"href":"https:\/\/www.europesays.com\/fr\/wp-json\/wp\/v2\/media?parent=279615"}],"wp:term":[{"taxonomy":"category","embeddable":true,"href":"https:\/\/www.europesays.com\/fr\/wp-json\/wp\/v2\/categories?post=279615"},{"taxonomy":"post_tag","embeddable":true,"href":"https:\/\/www.europesays.com\/fr\/wp-json\/wp\/v2\/tags?post=279615"}],"curies":[{"name":"wp","href":"https:\/\/api.w.org\/{rel}","templated":true}]}}