{"id":279619,"date":"2025-07-28T13:05:20","date_gmt":"2025-07-28T13:05:20","guid":{"rendered":"https:\/\/www.europesays.com\/fr\/279619\/"},"modified":"2025-07-28T13:05:20","modified_gmt":"2025-07-28T13:05:20","slug":"la-liste-des-grands-prix-avec-un-sprint-f1-pour-2026-a-fuite","status":"publish","type":"post","link":"https:\/\/www.europesays.com\/fr\/279619\/","title":{"rendered":"La liste des Grands Prix avec un Sprint F1 pour 2026 a fuit\u00e9"},"content":{"rendered":"<p class=\"mt-5\">Le Grand Prix des Pays-Bas pourrait avoir accidentellement \u2013 ou d\u00e9lib\u00e9r\u00e9ment \u2013 r\u00e9v\u00e9l\u00e9 les circuits des six courses sprint de la Formule 1 en 2026.<\/p>\n<p class=\"mt-5\"><a class=\"text-red-600 hover:underline hover:text-red-800 dark:text-inherit dark:underline dark:hover:text-red-500\" href=\"https:\/\/motorsport.nextgen-auto.com\/fr\/formule-1\/officiel-la-f1-devoile-son-calendrier-2026-madrid-confirme-imola-ecarte,200096.html\" rel=\"nofollow noopener\" target=\"_blank\">La FIA et la Formule 1 ont d\u00e9j\u00e0 r\u00e9v\u00e9l\u00e9 le calendrier de l\u2019ann\u00e9e prochaine<\/a> il y a quelques semaines mais, comme c\u2019est l\u2019habitude maintenant, les noms des Grands Prix qui accueilleront des Sprints font toujours l\u2019objet d\u2019une autre annonce, plus tard dans l\u2019ann\u00e9e.<\/p>\n<p class=\"mt-5\">Une publication, d\u00e9sormais supprim\u00e9e, du compte officiel de Zandvoort sur les r\u00e9seaux sociaux indiqait que le Canada, la Chine, Zandvoort, Silverstone, Miami et Singapour accueilleraient des week-ends sprint la saison prochaine.<\/p>\n<p class=\"mt-5\">La publication a rapidement disparu, mais il \u00e9tait trop tard et la fuite s\u2019est r\u00e9pandue.<\/p>\n<p class=\"mt-5\">Si la nouvelle \u00e9tait confirm\u00e9e, cela marquerait un bouleversement du calendrier des sprints, avec de nouveaux ajouts comme Singapour, le Canada et Zandvoort, et seulement deux circuits \u2013 Shanghai et Miami \u2013 conserv\u00e9s \u00e0 l\u2019identique de 2025. Spa-Francorchamps, qui a accueilli un Sprint d\u00e9cevant ce week-end, ne le fera donc pas l\u2019an prochain.<\/p>\n<p class=\"mt-5\">La F1 n\u2019a pas confirm\u00e9 la liste, mais la publication supprim\u00e9e concorde avec les pr\u00e9visions selon lesquelles le nombre d\u2019\u00e9preuves de sprint restera \u00e0 six en 2026.<\/p>\n<p class=\"mt-5\">Les courses sprint, introduites en 2021 pour attirer les jeunes et les fans plus occasionnels, restent impopulaires aupr\u00e8s de nombreux pilotes et traditionalistes. Ce format supprime une s\u00e9ance d\u2019essais compl\u00e8te et comprime le week-end de course, mais incite \u00e9galement les pilotes \u00e0 la prudence en raison de la proximit\u00e9 des qualifications peu apr\u00e8s la petite course de 100 kilom\u00e8tres.<\/p>\n<p class=\"mt-5\">Le sprint de Spa le week-end dernier en \u00e9tait un parfait exemple. Malgr\u00e9 une course serr\u00e9e en t\u00eate, peu de d\u00e9passements ont eu lieu.<\/p>\n<p class=\"mt-5\">\u00ab\u00a0Il ne se passe pas grand-chose,\u00a0\u00bb a admis Lando Norris. \u00ab\u00a0Je ne suis pas trop fan des courses sprint, je pr\u00e9f\u00e8re \u00e9videmment gagner les courses principales.\u00a0\u00bb<\/p>\n<p class=\"mt-5\">Oscar Piastri, parti en pole position, a partag\u00e9 ce sentiment\u00a0: \u00ab\u00a0Ce n\u2019est que le sprint. Les points importants sont demain.\u00a0\u00bb<\/p>\n<p class=\"mt-5\">Max Verstappen, vainqueur du sprint, l\u2019a d\u00e9crit comme \u00ab\u00a015 tours de qualification\u00a0\u00bb juste pour conserver sa position. \u00ab\u00a0On garde les voitures plus rapides derri\u00e8re, donc il faut rouler au-del\u00e0 de la limite. La gestion des pneus n\u2019est pas un probl\u00e8me.\u00a0\u00bb<\/p>\n","protected":false},"excerpt":{"rendered":"Le Grand Prix des Pays-Bas pourrait avoir accidentellement \u2013 ou d\u00e9lib\u00e9r\u00e9ment \u2013 r\u00e9v\u00e9l\u00e9 les circuits des six courses&hellip;\n","protected":false},"author":2,"featured_media":279620,"comment_status":"","ping_status":"","sticky":false,"template":"","format":"standard","meta":{"footnotes":""},"categories":[1412],"tags":[1451,1452,1453,1454,1455,1011,27,60],"class_list":{"0":"post-279619","1":"post","2":"type-post","3":"status-publish","4":"format-standard","5":"has-post-thumbnail","7":"category-f1","8":"tag-f1","9":"tag-formula-1","10":"tag-formula1","11":"tag-formule-1","12":"tag-formule1","13":"tag-fr","14":"tag-france","15":"tag-sports"},"share_on_mastodon":{"url":"https:\/\/pubeurope.com\/@fr\/114931009024712442","error":""},"_links":{"self":[{"href":"https:\/\/www.europesays.com\/fr\/wp-json\/wp\/v2\/posts\/279619","targetHints":{"allow":["GET"]}}],"collection":[{"href":"https:\/\/www.europesays.com\/fr\/wp-json\/wp\/v2\/posts"}],"about":[{"href":"https:\/\/www.europesays.com\/fr\/wp-json\/wp\/v2\/types\/post"}],"author":[{"embeddable":true,"href":"https:\/\/www.europesays.com\/fr\/wp-json\/wp\/v2\/users\/2"}],"replies":[{"embeddable":true,"href":"https:\/\/www.europesays.com\/fr\/wp-json\/wp\/v2\/comments?post=279619"}],"version-history":[{"count":0,"href":"https:\/\/www.europesays.com\/fr\/wp-json\/wp\/v2\/posts\/279619\/revisions"}],"wp:featuredmedia":[{"embeddable":true,"href":"https:\/\/www.europesays.com\/fr\/wp-json\/wp\/v2\/media\/279620"}],"wp:attachment":[{"href":"https:\/\/www.europesays.com\/fr\/wp-json\/wp\/v2\/media?parent=279619"}],"wp:term":[{"taxonomy":"category","embeddable":true,"href":"https:\/\/www.europesays.com\/fr\/wp-json\/wp\/v2\/categories?post=279619"},{"taxonomy":"post_tag","embeddable":true,"href":"https:\/\/www.europesays.com\/fr\/wp-json\/wp\/v2\/tags?post=279619"}],"curies":[{"name":"wp","href":"https:\/\/api.w.org\/{rel}","templated":true}]}}