{"id":279623,"date":"2025-07-28T13:07:15","date_gmt":"2025-07-28T13:07:15","guid":{"rendered":"https:\/\/www.europesays.com\/fr\/279623\/"},"modified":"2025-07-28T13:07:15","modified_gmt":"2025-07-28T13:07:15","slug":"girondins-je-narrive-pas-a-sentir-du-potentiel-dans-ce-recrutement","status":"publish","type":"post","link":"https:\/\/www.europesays.com\/fr\/279623\/","title":{"rendered":"Girondins : \u00ab\u00a0Je n&rsquo;arrive pas \u00e0 sentir du potentiel dans ce recrutement\u00a0\u00bb"},"content":{"rendered":"<p>\n    28\/07 &#8211; 12:01 | Il y a<br \/>\n    3 heures\n  <\/p>\n<p><strong>Sp\u00e9cialiste du jeu et du mercato sur WebGirondins, Jonathan d&rsquo;Agostino, a donn\u00e9 son analyse du profil du nouveau gardien de but des Girondins de Bordeaux, David Agossa (22 ans, 1,87m). Destin\u00e9 \u00e0 \u00eatre gardien de but num\u00e9ro deux derri\u00e8re Jan Hoekstra, le profil d&rsquo;Agossa ne s\u00e9duit pas. Explications.<\/strong><\/p>\n<p><img decoding=\"async\" src=\"https:\/\/www.europesays.com\/fr\/wp-content\/uploads\/2025\/07\/671_880e20bba78d2d9a59caed190142259a.jpg\" alt=\"Girondins : &quot;Je n'arrive pas \u00e0 sentir du potentiel dans ce recrutement&quot;\" class=\"img-responsive mt-3\"\/><\/p>\n<p class=\"text-center mb-3\" style=\"font-size: 14px\">\u00a9 Iconsport<\/p>\n<p style=\"text-align: justify;\">\u00c9coutez ses propos ou lisez-les :<\/p>\n<p style=\"text-align: justify;\">\u00a0<\/p>\n<p><strong>\u00ab\u00a0Vous allez voir ses gestes peu acad\u00e9miques\u00a0\u00bb<\/strong><\/p>\n<p style=\"text-align: justify;\">Jonathan d&rsquo;Agostino dans le <a href=\"https:\/\/www.youtube.com\/watch?v=gHLMwoxZfB8\" target=\"_blank\" rel=\"noopener\">Talk sur WebGirondins<\/a> : \u00ab\u00a0Il \u00e9tait \u00e0 Gueugnon la saison derni\u00e8re. Des r\u00e9sum\u00e9s de matchs de Gueugnon sont disponibles en vid\u00e9o. Il est arriv\u00e9 en seconde partie de saison pour essayer de sauver les meubles. \u00c7a n&rsquo;a pas fonctionn\u00e9, regardez les rencontres, vous allez voir ses gestes peu acad\u00e9miques. On ne sent pas toujours la maitrise de ses mouvements. Ce n&rsquo;est pas tr\u00e8s rassurant. Il ne sort pas souvent et son positionnement sur la ligne n&rsquo;est pas s\u00e9curisant. Il a quand m\u00eame une bonne d\u00e9tente et un jeu au pied correct malgr\u00e9 des terrains compliqu\u00e9s. Je ne m&rsquo;attends pas \u00e0 voir ce joueur sur le terrain (en N2). Je n&rsquo;arrive pas \u00e0 sentir du potentiel dans ce recrutement. Quand tu vois qu&rsquo;il a du mal sur la plupart des frappes \u00e0 capter un ballon en une fois, \u00e7a me pose question. Tu recrutes un gardien qui a besoin d&rsquo;\u00eatre form\u00e9, mais tu n&rsquo;as pas d&rsquo;entraineur des gardiens pour le moment.\u00a0\u00bb<\/p>\n<p style=\"text-align: justify;\">\u00a0<\/p>\n<p>\u00c0 lire sur ce sujet &gt;&gt;\u00a0<strong><a href=\"https:\/\/www.webgirondins.com\/actualite-mercato-girondins-jan-hoekstra-avait-un-gros-potentiel-et-devra-etre-encadre-129867\" target=\"_blank\" rel=\"noopener\">\u00ab\u00a0Jan Hoekstra avait un gros potentiel et devra \u00eatre encadr\u00e9\u00a0\u00bb<\/a><\/strong><\/p>\n<p>\u00a0<\/p>\n<p>    <a href=\"https:\/\/www.webgirondins.com\/actualites-categorie-transferts-1\" target=\"_blank\" rel=\"noopener\">#Transferts<\/a><\/p>\n<p>  COMMENTAIRES<br \/>\n  ()<\/p>\n","protected":false},"excerpt":{"rendered":"28\/07 &#8211; 12:01 | Il y a 3 heures Sp\u00e9cialiste du jeu et du mercato sur WebGirondins, Jonathan&hellip;\n","protected":false},"author":2,"featured_media":279624,"comment_status":"","ping_status":"","sticky":false,"template":"","format":"standard","meta":{"footnotes":""},"categories":[1410],"tags":[39332,14172,1020,15200,1997,1446,8842,7687,63,1011,27,8772,1987,14171,1434,4565,13131,41887,7099,41893,9937,60,5238],"class_list":{"0":"post-279623","1":"post","2":"type-post","3":"status-publish","4":"format-standard","5":"has-post-thumbnail","7":"category-football","8":"tag-agossa","9":"tag-agostino","10":"tag-analyse","11":"tag-arrive","12":"tag-bordeaux","13":"tag-dans","14":"tag-david","15":"tag-donne","16":"tag-football","17":"tag-fr","18":"tag-france","19":"tag-gardien","20":"tag-girondins","21":"tag-jonathan","22":"tag-mercato","23":"tag-nouveau","24":"tag-potentiel","25":"tag-profil","26":"tag-recrutement","27":"tag-sentir","28":"tag-specialiste","29":"tag-sports","30":"tag-webgirondins"},"share_on_mastodon":{"url":"https:\/\/pubeurope.com\/@fr\/114931016958041868","error":""},"_links":{"self":[{"href":"https:\/\/www.europesays.com\/fr\/wp-json\/wp\/v2\/posts\/279623","targetHints":{"allow":["GET"]}}],"collection":[{"href":"https:\/\/www.europesays.com\/fr\/wp-json\/wp\/v2\/posts"}],"about":[{"href":"https:\/\/www.europesays.com\/fr\/wp-json\/wp\/v2\/types\/post"}],"author":[{"embeddable":true,"href":"https:\/\/www.europesays.com\/fr\/wp-json\/wp\/v2\/users\/2"}],"replies":[{"embeddable":true,"href":"https:\/\/www.europesays.com\/fr\/wp-json\/wp\/v2\/comments?post=279623"}],"version-history":[{"count":0,"href":"https:\/\/www.europesays.com\/fr\/wp-json\/wp\/v2\/posts\/279623\/revisions"}],"wp:featuredmedia":[{"embeddable":true,"href":"https:\/\/www.europesays.com\/fr\/wp-json\/wp\/v2\/media\/279624"}],"wp:attachment":[{"href":"https:\/\/www.europesays.com\/fr\/wp-json\/wp\/v2\/media?parent=279623"}],"wp:term":[{"taxonomy":"category","embeddable":true,"href":"https:\/\/www.europesays.com\/fr\/wp-json\/wp\/v2\/categories?post=279623"},{"taxonomy":"post_tag","embeddable":true,"href":"https:\/\/www.europesays.com\/fr\/wp-json\/wp\/v2\/tags?post=279623"}],"curies":[{"name":"wp","href":"https:\/\/api.w.org\/{rel}","templated":true}]}}