{"id":279627,"date":"2025-07-28T13:09:15","date_gmt":"2025-07-28T13:09:15","guid":{"rendered":"https:\/\/www.europesays.com\/fr\/279627\/"},"modified":"2025-07-28T13:09:15","modified_gmt":"2025-07-28T13:09:15","slug":"franck-cazenave-inspire-par-le-ciel-et-locean","status":"publish","type":"post","link":"https:\/\/www.europesays.com\/fr\/279627\/","title":{"rendered":"Franck Cazenave, inspir\u00e9 par le ciel et l\u2019oc\u00e9an"},"content":{"rendered":"<p>Franck Cazenave pourrait presque parachuter ses toiles depuis les baies vitr\u00e9es de son atelier jusque sur le parvis du centre Bellevue. Son espace de travail, nid de go\u00e9land, en surplomb de l\u2019\u00e9difice o\u00f9 il vient d\u2019accrocher 30 tableaux, le place chaque jour au centre des \u00e9l\u00e9ments qu\u2019il affectionne.<\/p>\n<p>\u00ab\u00a0Le lieu est tout petit mais il permet une r\u00e9flexion quotidienne sur la lumi\u00e8re. C\u2019est souvent abstrait, organique, presque animiste\u2026\u00a0\u00bb souligne celui qui, depuis 2014, recueille l\u2019eau de l\u2019oc\u00e9an pour les m\u00e9langer \u00e0 ses pigments\u2026 \u00ab\u00a0L\u2019eau, c\u2019est sacr\u00e9. J\u2019y fais attention. Je r\u00e9fl\u00e9chis au cycle de l\u2019eau. Et n\u2019oublions pas que les pr\u00e9cipitations se forment \u00e0 partir de l\u2019eau de l\u2019oc\u00e9an. Depuis 2022, je r\u00e9colte la pluie dans un seau, sur mon balcon. Certains arrosent leurs plantes avec, moi j\u2019arrose mes peintures\u00a0!\u00a0\u00bb Celles-ci poussent donc, cette saison dans de larges toiles, avec des couleurs intenses et des ramifications coralliennes\u2026<\/p>\n<p>L\u2019exposition, intitul\u00e9e \u00ab\u00a0Ciel Oc\u00e9an\u00a0\u00bb se tiendra du 29\u00a0juillet au 15\u00a0ao\u00fbt. Trente toiles sont accroch\u00e9es\u00a0: des grands voire tr\u00e8s grands formats aux teintes franches, avec une pr\u00e9dilection pour les bleus et les jaunes, mix\u00e9es sans \u00eatre m\u00e9lang\u00e9es et travaill\u00e9es en relief dans la masse ou d\u00e9ploy\u00e9es en d\u00e9licats pointill\u00e9s.<\/p>\n<p>M\u00e9diation et musique<\/p>\n<p>Au Bellevue d\u00e9j\u00e0, il avait r\u00e9uni au printemps 2023, une trentaine d\u2019artistes biarrots avec en fil rouge la devise de Biarritz \u00ab\u00a0J\u2019ai pour moi les vents, les astres et la mer\u00a0\u00bb. Accompagn\u00e9 alors par le service culture de la Ville, il avait con\u00e7u un programme de m\u00e9diation tr\u00e8s complet et tr\u00e8s suivi.<\/p>\n<blockquote><p>Je r\u00e9colte la pluie dans un seau, sur mon balcon. Certains arrosent leurs plantes avec, moi j\u2019arrose mes peintures\u00a0!<\/p><\/blockquote>\n<p>\u00ab\u00a0J\u2019ai tellement appr\u00e9ci\u00e9 ce partage, des moments d\u2019\u00e9change avec toutes les g\u00e9n\u00e9rations\u00a0! Pour cette nouvelle exposition, je r\u00e9it\u00e8re\u00a0\u00bb. La ville est remerci\u00e9e pour son soutien mais cette fois, le montage est priv\u00e9 et s\u2019appuie sur l\u2019expertise de Argia.com, du consultant Edward Silhol. \u00ab\u00a0Tout est gratuit parce que je ne con\u00e7ois pas de montrer des \u0153uvres autrement. Il y a des visites guid\u00e9es, pour adultes ou pour enfant, des ateliers photos, dessins, conf\u00e9rences, performances\u2026 La musique est aussi bien pr\u00e9sente\u00a0\u00bb. Pour cette partie, Franck Cazenave s\u2019est associ\u00e9 \u00e0 son ami disquaire et DJ Mathieu Parisot. Une s\u00e9lection de 12 albums sera diffus\u00e9e au long, selon les moments et les ambiances recherch\u00e9es.<\/p>\n<p>L\u2019artiste a \u00e9galement r\u00e9activ\u00e9 l\u2019association du Txiki festival, dont il est membre fondateur\u00a0: de 2013 \u00e0 2020, soit 7 \u00e9ditions durant, il d\u00e9roulait un riche programme d\u2019\u00e9ducation \u00e0 l\u2019image. \u00ab\u00a0Je tiens \u00e0 cette dimension, d\u2019autant que l\u2019image, la photo notamment, est d\u00e9sormais un terrain pour l\u2019intelligence artificielle. J\u2019aimerais que la peinture reste un territoire pr\u00e9serv\u00e9\u00a0!\u00a0\u00bb<\/p>\n<p>        <img decoding=\"async\" id=\"25393361\" src=\"https:\/\/www.europesays.com\/fr\/wp-content\/uploads\/2025\/07\/20250727175549-mvimg225727164857.jpg\" alt=\"Jeux de couleurs en s\u00e9ries.\" itemprop=\"contentURL\"\/><\/p>\n<p>    Jeux de couleurs en s\u00e9ries.<\/p>\n<p>Bertrand Lap\u00e8gue\/SO<\/p>\n<p>\u00ab\u00a0Je ne suis pas un artiste \u00e9co-engag\u00e9. Tout mon travail vient en fait de l\u2019observation de la nature qui, ici reste g\u00e9n\u00e9reuse, pr\u00e9cieuse\u2026\u00a0\u00bb Et de rappeler les beaux livres qu\u2019il a \u00e9dit\u00e9s, notamment sur les tamaris, arbres sculpt\u00e9s par le vent qui jalonnent ses promenades quotidiennes. \u00ab\u00a0Le vivant, c\u2019est le sacre de la m\u00e9tamorphose\u00a0!\u00a0\u00bb<\/p>\n<p>Du mardi 29\u00a0juillet au vendredi 15\u00a0ao\u00fbt. Ouvert tous les jours de 11 \u00e0 18 heures, sauf le dimanche. Entr\u00e9e libre. Visites guid\u00e9es de l\u2019exposition par l\u2019artiste (30\u00a0min, gratuit) pour les enfants les 1er, 6, 11, 14\u00a0ao\u00fbt, \u00e0 11 heures. Pour les adultes, les 1er, 8, 15\u00a0ao\u00fbt \u00e0 15 heures. Programme complet sur <a href=\"https:\/\/ciel-ocean.com\/\" target=\"_blank\" rel=\"nofollow noopener\">ciel-ocean.com<\/a><\/p>\n","protected":false},"excerpt":{"rendered":"Franck Cazenave pourrait presque parachuter ses toiles depuis les baies vitr\u00e9es de son atelier jusque sur le parvis&hellip;\n","protected":false},"author":2,"featured_media":279628,"comment_status":"","ping_status":"","sticky":false,"template":"","format":"standard","meta":{"footnotes":""},"categories":[1358],"tags":[1348,1384,1385,1386,58,59,1011,27],"class_list":{"0":"post-279627","1":"post","2":"type-post","3":"status-publish","4":"format-standard","5":"has-post-thumbnail","7":"category-arts-et-design","8":"tag-arts","9":"tag-arts-and-design","10":"tag-arts-et-design","11":"tag-design","12":"tag-divertissement","13":"tag-entertainment","14":"tag-fr","15":"tag-france"},"share_on_mastodon":{"url":"https:\/\/pubeurope.com\/@fr\/114931024953571381","error":""},"_links":{"self":[{"href":"https:\/\/www.europesays.com\/fr\/wp-json\/wp\/v2\/posts\/279627","targetHints":{"allow":["GET"]}}],"collection":[{"href":"https:\/\/www.europesays.com\/fr\/wp-json\/wp\/v2\/posts"}],"about":[{"href":"https:\/\/www.europesays.com\/fr\/wp-json\/wp\/v2\/types\/post"}],"author":[{"embeddable":true,"href":"https:\/\/www.europesays.com\/fr\/wp-json\/wp\/v2\/users\/2"}],"replies":[{"embeddable":true,"href":"https:\/\/www.europesays.com\/fr\/wp-json\/wp\/v2\/comments?post=279627"}],"version-history":[{"count":0,"href":"https:\/\/www.europesays.com\/fr\/wp-json\/wp\/v2\/posts\/279627\/revisions"}],"wp:featuredmedia":[{"embeddable":true,"href":"https:\/\/www.europesays.com\/fr\/wp-json\/wp\/v2\/media\/279628"}],"wp:attachment":[{"href":"https:\/\/www.europesays.com\/fr\/wp-json\/wp\/v2\/media?parent=279627"}],"wp:term":[{"taxonomy":"category","embeddable":true,"href":"https:\/\/www.europesays.com\/fr\/wp-json\/wp\/v2\/categories?post=279627"},{"taxonomy":"post_tag","embeddable":true,"href":"https:\/\/www.europesays.com\/fr\/wp-json\/wp\/v2\/tags?post=279627"}],"curies":[{"name":"wp","href":"https:\/\/api.w.org\/{rel}","templated":true}]}}