{"id":279629,"date":"2025-07-28T13:10:10","date_gmt":"2025-07-28T13:10:10","guid":{"rendered":"https:\/\/www.europesays.com\/fr\/279629\/"},"modified":"2025-07-28T13:10:10","modified_gmt":"2025-07-28T13:10:10","slug":"les-meilleurs-romans-de-ken-follett","status":"publish","type":"post","link":"https:\/\/www.europesays.com\/fr\/279629\/","title":{"rendered":"Les meilleurs romans de Ken Follett"},"content":{"rendered":"<p>V\u00e9ritable roi du roman historique, Ken Follett \u00e9crit avec une exceptionnelle r\u00e9gularit\u00e9 des best-sellers du genre depuis quatre d\u00e9cennies. Son cru 2025, Le Cercle des jours le voit embrasser les temps pr\u00e9historiques, avec un r\u00e9cit autour de la \u00ab construction \u00bb des pierres de Stonehenge. Une nouvelle p\u00e9riode, pour celui qui s\u2019est surtout distingu\u00e9 avec ses cycles m\u00e9di\u00e9vaux ou modernes.<\/p>\n<p>                            <strong>L\u2019Arme \u00e0 l\u2019\u0153il (1978)<\/strong><\/p>\n<p>Durant la Seconde Guerre mondiale, les Alli\u00e9s mirent au point une gigantesque campagne d\u2019intoxication visant \u00e0 faire croire aux Allemands que le D\u00e9barquement s\u2019effectuerait dans le Pas-de-Calais. Voil\u00e0 pour l\u2019Histoire. Dans la fiction, un jeune auteur britannique inventa le personnage de Die Nadel, un espion allemand sur le point de d\u00e9couvrir la supercherie, et de pr\u00e9venir Hitler de changer ses plans de d\u00e9fense. <strong><a href=\"https:\/\/www.fnac.com\/o11390618\/L-Arme-a-l-oeil\/w-4\" target=\"_blank\" rel=\"noopener\">L\u2019Arme \u00e0 l\u2019\u0153il<\/a> <\/strong>raconte la traque de ce redoutable agent secret, dans un <a href=\"https:\/\/www.fnac.com\/s20\/Roman-et-Nouvelles\" target=\"_blank\" rel=\"noopener\">roman<\/a> d\u2019espionnage de facture classique, mais aux rebondissements dignes d\u2019un <a href=\"https:\/\/www.fnac.com\/n2869\/Roman-Policier-et-Thriller\/Le-thriller\" target=\"_blank\" rel=\"noopener\">thriller<\/a>. De quoi montrer, d\u00e8s le troisi\u00e8me <a href=\"https:\/\/www.fnac.com\/livre.asp\" target=\"_blank\" rel=\"noopener\">livre<\/a>, une aptitude inou\u00efe de la part de <a href=\"https:\/\/www.fnac.com\/Ken-Follett\/ia89679\" target=\"_blank\" rel=\"noopener\">Ken Follett<\/a> quant \u00e0 l\u2019\u00e9criture de best-sellers inspir\u00e9s de l\u2019Histoire.<\/p>\n<p><strong class=\"small\">En stock<\/strong><\/p>\n<p>        Acheter sur Fnac.com<\/p>\n<p><strong>S\u00e9rie\u00a0Les Piliers de la Terre (1989-2023)<\/strong><br \/>\n<strong>Les Piliers de la Terre<\/strong><\/p>\n<p>Apr\u00e8s avoir multipli\u00e9 les r\u00e9cits d\u2019espionnage tout au long des ann\u00e9es 1980, Ken Follett met en chantier, \u00e0 la fin de la d\u00e9cennie, le livre qui lui fera prendre une autre dimension\u00a0: <a href=\"https:\/\/www.fnac.com\/se105559\/Les-Piliers-De-La-Terre\" target=\"_blank\" rel=\"noopener\">Les Piliers de la Terre<\/a>. Pav\u00e9 d\u2019un millier de pages (dans la traduction fran\u00e7aise), \u00e0 la narration multiple, cette saga en un seul volume conte un demi-si\u00e8cle d\u2019histoire de la ville fictive de Kingsbridge, dans l\u2019Angleterre du XIIe si\u00e8cle. Entre des brigands, des tailleurs de pierre, des eccl\u00e9siastiques, des comtes et m\u00eame des rois (et reines), la focalisation bascule d\u2019un personnage \u00e0 l\u2019autre, au cours d\u2019un r\u00e9cit o\u00f9 Ken Follett distille \u00e0 la fois sa pr\u00e9cision historique \u2013 notamment sur tout ce qui concerne l\u2019arriv\u00e9e de l\u2019architecture gothique en Angleterre et sur les luttes entre baronnies et royaut\u00e9 \u2013 et son sens du romanesque. Captivant de bout en bout, ce futur best-seller a baign\u00e9 les lecteurs des ann\u00e9es 1990 dans une ambiance m\u00e9di\u00e9vale loin des clich\u00e9s\u00a0: <strong><a href=\"https:\/\/www.fnac.com\/o10337359\/Les-Piliers-de-la-terre\/w-4\" target=\"_blank\" rel=\"noopener\">Les Piliers de la Terre<\/a> <\/strong>montre un Moyen-\u00c2ge civilis\u00e9, avec des enjeux de pouvoirs aussi bien spirituels qu\u2019\u00e9conomiques et des personnages f\u00e9minins loin d\u2019\u00eatre cantonn\u00e9s \u00e0 l\u2019arri\u00e8re-plan.<\/p>\n<p><strong class=\"small\">En stock<\/strong><\/p>\n<p>        Acheter sur Fnac.com<\/p>\n<p><strong>Un monde sans fin<\/strong><\/p>\n<p>Suite lointaine des Piliers de la Terre (elle est parue 19 ans apr\u00e8s), <strong><a href=\"https:\/\/www.fnac.com\/o8951810\/Un-monde-sans-fin\/w-4\" target=\"_blank\" rel=\"noopener\">Un monde sans fin<\/a><\/strong> d\u00e9crit les existences d\u2019une demi-douzaine de personnages dans la campagne anglaise du XIVe si\u00e8cle. Plus dark, plus intimiste, cette suite continue cependant certains enjeux du premier tome, en particulier la volont\u00e9 des eccl\u00e9siastiques d\u2019\u00e9tendre leur pouvoir s\u00e9culier, ainsi que la naissance d\u2019un esprit de corporation chez les artisans. Encore une fois b\u00e2ti par un \u00e9crivain s\u00fbr de son fait, Un monde sans fin r\u00e9ussit \u00e0 s\u2019inscrire dans les pas des Piliers de la Terre sans tomber dans la redite.<\/p>\n<p><strong class=\"small\">En stock<\/strong><\/p>\n<p>        Acheter sur Fnac.com<\/p>\n<p><strong>Une colonne de feu<\/strong><\/p>\n<p>Apr\u00e8s le Moyen-\u00c2ge, la ville de Kingsbridge continue son \u00e9pop\u00e9e fictive \u00e0 la sortie d\u2019<strong><a href=\"https:\/\/www.fnac.com\/o9938085\/Une-colonne-de-feu\/w-4\" target=\"_blank\" rel=\"noopener\">Une colonne de feu<\/a><\/strong>\u00a0: paru en 2017, le troisi\u00e8me volet des Piliers de la Terre se d\u00e9roule \u00e0 la charni\u00e8re du XVIe et du XVIIe si\u00e8cle britannique. Ken Follett r\u00e9ussit \u00e0 faire de l\u2019histoire de cette petite cit\u00e9 et de ses habitants un reflet de l\u2019\u00e9volution de l\u2019Angleterre. Au travers de lointains descendants des protagonistes des premiers tomes, on suit ici les conflits religieux qui divisent le Royaume-Uni et la France, le d\u00e9veloppement de la bourgeoisie et l\u2019expansion maritime de l\u2019\u00e9conomie europ\u00e9enne, sans que Follett ne renonce \u00e0 inclure l\u2019intimit\u00e9 des personnages dans ce canevas historique. Il y a deux ans, l\u2019auteur a repris le m\u00eame proc\u00e9d\u00e9 pour d\u00e9peindre la vie de l\u2019Angleterre, cette fois au XVIIIe si\u00e8cle et au d\u00e9but du XIXe, avec <a href=\"https:\/\/www.fnac.com\/o11472168\/Les-armes-de-la-lumiere\/w-4\" target=\"_blank\" rel=\"noopener\">Les Armes de la lumi\u00e8re<\/a>.<\/p>\n<p><strong class=\"small\">En stock<\/strong><\/p>\n<p>        Acheter sur Fnac.com<\/p>\n<p><strong class=\"small\">En stock<\/strong><\/p>\n<p>        Acheter sur Fnac.com<\/p>\n<p><strong>Le Cr\u00e9puscule et l\u2019Aube<\/strong><\/p>\n<p>Apr\u00e8s les suites, le prequel\u00a0: en 2020, Ken Follett donnait un aper\u00e7u de la r\u00e9gion de Kingsbridge avant Les Piliers de la Terre. <strong><a href=\"https:\/\/www.fnac.com\/o11410957\/Le-crepuscule-et-l-aube\/w-4\" target=\"_blank\" rel=\"noopener\">Le Cr\u00e9puscule et l\u2019Aube<\/a><\/strong> rappelle les liens tr\u00e8s directs qui unissent l\u2019histoire de l\u2019Angleterre \u00e0 l\u2019\u00e9pop\u00e9e viking, tant la menace des conqu\u00e9rants nordiques plane tout au long de ce r\u00e9cit haletant, et toujours aussi finement document\u00e9.<\/p>\n<p><strong class=\"small\">En stock<\/strong><\/p>\n<p>        Acheter sur Fnac.com<\/p>\n<p><strong>La Marque de Windfield (1993)<\/strong><\/p>\n<p>En marge de ses <a href=\"https:\/\/www.fnac.com\/s1913\/Roman-et-Nouvelles\/Roman-historique\" target=\"_blank\" rel=\"noopener\">romans historiques<\/a> m\u00e9di\u00e9vaux, Ken Follett n\u2019a pas d\u00e9laiss\u00e9 le suspense\u00a0: il a m\u00eame fusionn\u00e9 intrigue de thriller et contexte pr\u00e9cis (l\u2019Angleterre victorienne), le temps de <strong><a href=\"https:\/\/www.fnac.com\/o11393226\/La-Marque-de-Windfield\/w-4\" target=\"_blank\" rel=\"noopener\">La Marque de Windfield<\/a><\/strong>, un roman d\u2019alc\u00f4ve qui suit diff\u00e9rents anciens \u00e9l\u00e8ves d\u2019un coll\u00e8ge qui vont vivre des destins vari\u00e9s au gr\u00e9 des r\u00e9ussites ou des \u00e9checs \u00e9conomiques et affectifs de leurs familles\u2026 Mais aussi de leurs actes. Romanesque et bouleversant, une des \u0153uvres cultes et \u00ab\u00a0hors-s\u00e9rie\u00a0\u00bb du ma\u00eetre anglais.<\/p>\n<p><strong class=\"small\">En stock<\/strong><\/p>\n<p>        Acheter sur Fnac.com<\/p>\n<p><strong>S\u00e9rie Le Si\u00e8cle (2010-2014)<\/strong><br \/>\n<strong>La Chute des g\u00e9ants<\/strong><\/p>\n<p>Avec sa s\u00e9rie <a href=\"https:\/\/www.fnac.com\/se10783\/Le-siecle\" target=\"_blank\" rel=\"noopener\">Le Si\u00e8cle<\/a>, Ken Follett a cherch\u00e9 \u00e0 instaurer la dynamique des Piliers de la Terre dans une \u00e9poque totalement diff\u00e9rente, le XXe si\u00e8cle. Le premier tome, <strong><a href=\"https:\/\/www.fnac.com\/o11389806\/La-chute-des-geants-le-siecle-1\/w-4\" target=\"_blank\" rel=\"noopener\">La Chute des g\u00e9ants<\/a><\/strong>, nous permet de d\u00e9couvrir diff\u00e9rentes familles, dont on va suivre les aventures sur trois tomes. Les uns, russes, conna\u00eetront la r\u00e9volution d\u2019Octobre, puis le stalinisme, tandis que d\u2019autres, au Pays de Galles, en Allemagne, aux \u00c9tats-Unis, vivent les cons\u00e9quences de la Premi\u00e8re Guerre mondiale\u2026 D\u2019un chapitre \u00e0 l\u2019autre, Ken Follett multiplie les interactions entre ces familles, que l\u2019Histoire va bient\u00f4t faire se croiser, au gr\u00e9 des exils et des p\u00e9rils.<\/p>\n<p><strong class=\"small\">En stock<\/strong><\/p>\n<p>        Acheter sur Fnac.com<\/p>\n<p><strong>L\u2019Hiver du monde<\/strong><\/p>\n<p>Deuxi\u00e8me tome du Si\u00e8cle, <strong><a href=\"https:\/\/www.fnac.com\/o7953855\/L-hiver-du-monde-le-siecle-2\/w-4\" target=\"_blank\" rel=\"noopener\">L\u2019Hiver du monde<\/a><\/strong> d\u00e9peint la marche \u00e0 la guerre, la mont\u00e9e du nazisme et, la Seconde Guerre mondiale \u00e0 la m\u00eame \u00e9chelle que La Chute des g\u00e9ants. D\u2019un pays \u00e0 l\u2019autre, les diff\u00e9rents protagonistes du premier volet et leurs descendants \u00e9voluent dans des pays en pleine d\u00e9liquescence. Le roman appara\u00eet comme une histoire civile (et parfois militaire) des ann\u00e9es 1930-1940.<\/p>\n<p><strong class=\"small\">En stock<\/strong><\/p>\n<p>        Acheter sur Fnac.com<\/p>\n<p><strong>Aux portes de l\u2019\u00e9ternit\u00e9<\/strong><\/p>\n<p>Suite et fin du Si\u00e8cle, <strong><a href=\"https:\/\/www.fnac.com\/o11390044\/Aux-portes-de-l-eternite-siecle-3\/w-4\" target=\"_blank\" rel=\"noopener\">Aux portes de l\u2019\u00e9ternit\u00e9<\/a> <\/strong>embrasse les probl\u00e9matiques politiques et soci\u00e9tales de la deuxi\u00e8me moiti\u00e9 du XXe si\u00e8cle. La guerre froide, l\u2019\u00e9mancipation raciale, le p\u00e9ril atomique et bient\u00f4t la chute du Mur ont diff\u00e9rentes cons\u00e9quences pour l\u2019arbre g\u00e9n\u00e9alogique touffu de la saga de Ken Follett, qui s\u2019\u00e9largit encore \u00e0 l\u2019occasion de cette conclusion g\u00e9niale.<\/p>\n<p><strong class=\"small\">En stock<\/strong><\/p>\n<p>        Acheter sur Fnac.com<\/p>\n<p><strong>Le Cercle des jours (2025)<\/strong><\/p>\n<p>\u00c9v\u00e9nement de la rentr\u00e9e litt\u00e9raire 2025, <strong><a href=\"https:\/\/www.fnac.com\/o11484695\/Le-Cercle-des-jours\/w-4\" target=\"_blank\" rel=\"noopener\">Le Cercle des jours<\/a><\/strong> voit Ken Follett retrouver le sch\u00e9ma des Piliers de la terre (un roman autour de la construction d\u2019un monument) mais cette fois \u00e0 la Pr\u00e9histoire. Suivant le parcours d\u2019un tailleur de silex et de la fille d\u2019un \u00e9leveur, au temps du n\u00e9olithique, le r\u00e9cit entend expliquer par la fiction un grand myst\u00e8re\u00a0: les pierres de Stonehenge, \u00e9rig\u00e9es il y a 5000 ans, par une civilisation dont on ignore bien des \u00e9l\u00e9ments\u2026 L\u2019occasion de boucler la boucle pour l\u2019auteur historique du si\u00e8cle\u00a0!<\/p>\n","protected":false},"excerpt":{"rendered":"V\u00e9ritable roi du roman historique, Ken Follett \u00e9crit avec une exceptionnelle r\u00e9gularit\u00e9 des best-sellers du genre depuis quatre&hellip;\n","protected":false},"author":2,"featured_media":279630,"comment_status":"","ping_status":"","sticky":false,"template":"","format":"standard","meta":{"footnotes":""},"categories":[1357],"tags":[1379,58,59,1011,27,41894,2003,1380,41895,1650],"class_list":{"0":"post-279629","1":"post","2":"type-post","3":"status-publish","4":"format-standard","5":"has-post-thumbnail","7":"category-livres","8":"tag-books","9":"tag-divertissement","10":"tag-entertainment","11":"tag-fr","12":"tag-france","13":"tag-ken-follett","14":"tag-livre","15":"tag-livres","16":"tag-roman-historique","17":"tag-selection"},"share_on_mastodon":{"url":"https:\/\/pubeurope.com\/@fr\/114931028723707820","error":""},"_links":{"self":[{"href":"https:\/\/www.europesays.com\/fr\/wp-json\/wp\/v2\/posts\/279629","targetHints":{"allow":["GET"]}}],"collection":[{"href":"https:\/\/www.europesays.com\/fr\/wp-json\/wp\/v2\/posts"}],"about":[{"href":"https:\/\/www.europesays.com\/fr\/wp-json\/wp\/v2\/types\/post"}],"author":[{"embeddable":true,"href":"https:\/\/www.europesays.com\/fr\/wp-json\/wp\/v2\/users\/2"}],"replies":[{"embeddable":true,"href":"https:\/\/www.europesays.com\/fr\/wp-json\/wp\/v2\/comments?post=279629"}],"version-history":[{"count":0,"href":"https:\/\/www.europesays.com\/fr\/wp-json\/wp\/v2\/posts\/279629\/revisions"}],"wp:featuredmedia":[{"embeddable":true,"href":"https:\/\/www.europesays.com\/fr\/wp-json\/wp\/v2\/media\/279630"}],"wp:attachment":[{"href":"https:\/\/www.europesays.com\/fr\/wp-json\/wp\/v2\/media?parent=279629"}],"wp:term":[{"taxonomy":"category","embeddable":true,"href":"https:\/\/www.europesays.com\/fr\/wp-json\/wp\/v2\/categories?post=279629"},{"taxonomy":"post_tag","embeddable":true,"href":"https:\/\/www.europesays.com\/fr\/wp-json\/wp\/v2\/tags?post=279629"}],"curies":[{"name":"wp","href":"https:\/\/api.w.org\/{rel}","templated":true}]}}