{"id":279631,"date":"2025-07-28T13:11:11","date_gmt":"2025-07-28T13:11:11","guid":{"rendered":"https:\/\/www.europesays.com\/fr\/279631\/"},"modified":"2025-07-28T13:11:11","modified_gmt":"2025-07-28T13:11:11","slug":"investissement-projet-de-longue-haleine","status":"publish","type":"post","link":"https:\/\/www.europesays.com\/fr\/279631\/","title":{"rendered":"investissement, projet de longue haleine &#8230;"},"content":{"rendered":"<p>EN BREF<\/p>\n<ul class=\"bloc_resume_post_list\">\n<li>Pascal Soetens, connu comme Pascal le grand fr\u00e8re, se<br \/>\nr\u00e9invente \u00e0 55 ans en ouvrant une salle de sport en<br \/>\nfamille.<\/li>\n<li>La salle Neo Form propose des cours encadr\u00e9s, misant sur<br \/>\nla motivation par le d\u00e9passement de soi.<\/li>\n<li>Pascal Soetens reste actif m\u00e9diatiquement, apparaissant<br \/>\ndans des \u00e9missions humoristiques.<\/li>\n<\/ul>\n<p>L\u00a0\u00bbhomme qui murmurait \u00e0 l&rsquo;oreille des ados. On parle bien de<br \/>\nPascal Soetens alias <a href=\"https:\/\/www.telestar.fr\/tele_realite\/pascal-le-grand-frere-bientot-de-retour-pascal-soetens-confirme-avoir-ete-contacte-par-une-chaine-1719229\" target=\"_blank\" rel=\"noopener\"><br \/>\nPascal le grand fr\u00e8re<\/a>. Pendant plus de 20 ans,<br \/>\n<a href=\"https:\/\/www.telestar.fr\/people\/pascal-soetens-poste-un-rare-cliche-de-sa-mere-confinee-dans-un-ehpad-501480\" target=\"_blank\" rel=\"noopener\"><br \/>\ncet \u00e9ducateur sportif<\/a> s&rsquo;est frott\u00e9 aux jeunes les plus<br \/>\nr\u00e9calcitrants pour les remettre sur le droit chemin. Exit l&rsquo;\u00e9cole<br \/>\nMontessori pour calmer les temp\u00eates \u00e9motionnelles, <strong>la<br \/>\nm\u00e9thode Soetens<\/strong> ressemble davantage \u00e0 celle des darons des<br \/>\nann\u00e9es 90. De la poigne, du sport, du dialogue en mode<br \/>\n<strong>r\u00e8glement de compte<\/strong> dans une Fury Room. Alors que<br \/>\ndevient ce <a href=\"https:\/\/www.telestar.fr\/tele-realite\/super-nanny\/sylvie-jenaly-pas-du-tout-intrusive-super-nanny-leve-le-voile-sur-sa-vie-de-famille-812576\" target=\"_blank\" rel=\"noopener\"><br \/>\nSuper Nanny<\/a> version <strong>ado (ultra)<br \/>\nrebelle<\/strong> ?<\/p>\n<p data-start=\"263\" data-end=\"1275\"><a href=\"https:\/\/www.telestar.fr\/people\/j-ai-cette-souffrance-qui-est-en-moi-pascal-soetens-evoque-pour-la-premiere-fois-401851\" target=\"_blank\" rel=\"noopener\"><br \/>\nPascal Soetens<\/a> n\u2019a rien perdu de son punch. \u00c0 55 ans, l&rsquo;ancien<br \/>\nanimateur remonte sur le ring\u2026 mais cette fois pour se consacrer \u00e0<br \/>\nsa <strong>nouvelle salle de sport<\/strong>. Oubliez les cris dans<br \/>\nles foyers en d\u00e9tresse : c\u2019est d\u00e9sormais entre murs fra\u00eechement<br \/>\ncarrel\u00e9s qu\u2019il pousse au d\u00e9passement. Dans sa nouvelle salle<br \/>\nbaptis\u00e9e Neo Form, situ\u00e9e<br \/>\n\u00e0 Saint-Maximin (Oise), il promet un concept fort : uniquement<br \/>\n<strong>des cours encadr\u00e9s<\/strong>. \u00ab\u00a0J\u2019ai remarqu\u00e9 que <strong>les gens aiment qu\u2019on leur<br \/>\ncrie dessus<\/strong>. \u00c7a les motive !\u00a0\u00bb, explique-t-il au<br \/>\nParisien, fid\u00e8le \u00e0 son style muscl\u00e9 mais bienveillant.<\/p>\n<p>Pascal Soetens : un projet familial<\/p>\n<p data-start=\"1316\" data-end=\"2468\">Trois espaces sont pr\u00e9vus dans<br \/>\nce lieu encore en travaux, mais motus : Pascal Soetens veut m\u00e9nager<br \/>\nla surprise. Ce local de 405 m\u00b2, trouv\u00e9 apr\u00e8s <strong>deux ans de<br \/>\nrecherches<\/strong> et <strong>quelques d\u00e9ceptions<\/strong>, n\u2019a<br \/>\npas \u00e9t\u00e9 un coup de c\u0153ur imm\u00e9diat. \u00ab\u00a0Au d\u00e9part, <strong>ce n\u2019\u00e9tait pas un coup de c\u0153ur<\/strong>\u2026<br \/>\nmais quand j\u2019ai vu la superficie\u2026\u00a0\u00bb, avoue-t-il. La suite ? Un<br \/>\naccord avec le propri\u00e9taire et une envie f\u00e9roce de transformer le<br \/>\nb\u00e9ton brut en temple de sueur.<\/p>\n<p data-start=\"1316\" data-end=\"2468\">Dans ce chantier o\u00f9 l\u2019odeur du<br \/>\nciment r\u00e8gne encore, Pascal voit plus loin que les sacs de colle et<br \/>\nles murs bruts. Car ce projet, c\u2019est avant tout <strong>une<br \/>\nhistoire de famille<\/strong>. \u00ab\u00a0C\u2019est une aventure familiale. On est trois passionn\u00e9s de<br \/>\nsport\u00a0\u00bb, confie celui qui s\u2019appr\u00eate \u00e0 travailler main dans la<br \/>\nmain avec <a href=\"https:\/\/www.telestar.fr\/people\/photos-pascal-soetens-pose-avec-ses-deux-fils-et-leurs-cheries-419996\" target=\"_blank\" rel=\"noopener\"><br \/>\nses deux fils<\/a>. Ensemble, ils poseront les fondations d\u2019un lieu<br \/>\nqui refl\u00e8te leurs valeurs : <strong>d\u00e9passement de soi,<br \/>\nsolidarit\u00e9<\/strong>, et bonne humeur. L\u2019ambition est simple :<br \/>\naccueillir jusqu\u2019\u00e0 100 personnes en simultan\u00e9.<\/p>\n<p>Pascal Soetens : toujours \u00e0 l\u2019\u00e9cran,<br \/>\nmais autrement<\/p>\n<p data-start=\"2512\" data-end=\"3558\">S\u2019il ne fait plus de descentes<br \/>\nsurprise dans les salons familiaux en crise, Pascal Soetens n\u2019a pas<br \/>\ntotalement quitt\u00e9 la sc\u00e8ne m\u00e9diatique. Il garde <strong>un pied<br \/>\ndans la t\u00e9l\u00e9<\/strong>, mais en touriste d\u00e9complex\u00e9. On l\u2019a<br \/>\nr\u00e9cemment aper\u00e7u dans <a href=\"https:\/\/www.telestar.fr\/serie_tv\/lol-qui-rit-sort-prime-video-clara-luciani-michou-le-casting-de-la-version-speciale-devoile-1724445\" target=\"_blank\" rel=\"noopener\"><br \/>\nLOL : qui rit, sort<br \/>\n!<\/a> sur Prime Video, transform\u00e9 en <strong>Pascal le<br \/>\n\u00ab\u00a0Gland Fr\u00e8re\u00a0\u00bb<\/strong>, perruque ridicule et cape de pluie<br \/>\n\u00e0 l\u2019appui (Merci <a href=\"https:\/\/www.telestar.fr\/people\/nee-sous-giscard-qui-est-camille-chamoux-76267\" target=\"_blank\" rel=\"noopener\"><br \/>\nCamille Chamoux<\/a> !). Un clin d&rsquo;\u0153il \u00e0 son pass\u00e9, et<br \/>\n<strong>beaucoup d\u2019autod\u00e9rision<\/strong>.<\/p>\n<p data-start=\"2512\" data-end=\"3558\">Et ce n\u2019est pas la premi\u00e8re<br \/>\nfois que sa notori\u00e9t\u00e9 vient cogner \u00e0 la porte de ses salles :<br \/>\n\u00ab\u00a0Une fois, une dame a appel\u00e9<br \/>\nen disant : &lsquo;J\u2019ai des probl\u00e8mes avec mon fils, <strong>est-ce que<br \/>\nPascal est l\u00e0 ?<\/strong>&lsquo;\u00a0\u00bb, rigole-t-il. Sa r\u00e9ponse ? Droit au<br \/>\nbut : \u00ab\u00a0<strong>Amenez-le,<br \/>\nmais il fera du sport !\u00a0\u00bb<\/strong>. Toujours l\u00e0 pour aider,<br \/>\nmais d\u00e9sormais avec halt\u00e8res et punching-ball. L\u2019ouverture de<br \/>\nNeo Form est pr\u00e9vue<br \/>\nd\u2019ici la fin de l\u2019ann\u00e9e. Et si certains pensaient qu\u2019il \u00e9tait<br \/>\nhors-jeu, Pascal Soetens prouve qu\u2019il est plus que jamais dans la<br \/>\ncourse.<\/p>\n","protected":false},"excerpt":{"rendered":"EN BREF Pascal Soetens, connu comme Pascal le grand fr\u00e8re, se r\u00e9invente \u00e0 55 ans en ouvrant une&hellip;\n","protected":false},"author":2,"featured_media":279632,"comment_status":"","ping_status":"","sticky":false,"template":"","format":"standard","meta":{"footnotes":""},"categories":[1356],"tags":[548,58,59,1011,27,41896,12047,252,1364],"class_list":{"0":"post-279631","1":"post","2":"type-post","3":"status-publish","4":"format-standard","5":"has-post-thumbnail","7":"category-television","8":"tag-article-simple","9":"tag-divertissement","10":"tag-entertainment","11":"tag-fr","12":"tag-france","13":"tag-pascal-le-grand-frere","14":"tag-pascal-soetens","15":"tag-television","16":"tag-tv"},"share_on_mastodon":{"url":"https:\/\/pubeurope.com\/@fr\/114931032736764180","error":""},"_links":{"self":[{"href":"https:\/\/www.europesays.com\/fr\/wp-json\/wp\/v2\/posts\/279631","targetHints":{"allow":["GET"]}}],"collection":[{"href":"https:\/\/www.europesays.com\/fr\/wp-json\/wp\/v2\/posts"}],"about":[{"href":"https:\/\/www.europesays.com\/fr\/wp-json\/wp\/v2\/types\/post"}],"author":[{"embeddable":true,"href":"https:\/\/www.europesays.com\/fr\/wp-json\/wp\/v2\/users\/2"}],"replies":[{"embeddable":true,"href":"https:\/\/www.europesays.com\/fr\/wp-json\/wp\/v2\/comments?post=279631"}],"version-history":[{"count":0,"href":"https:\/\/www.europesays.com\/fr\/wp-json\/wp\/v2\/posts\/279631\/revisions"}],"wp:featuredmedia":[{"embeddable":true,"href":"https:\/\/www.europesays.com\/fr\/wp-json\/wp\/v2\/media\/279632"}],"wp:attachment":[{"href":"https:\/\/www.europesays.com\/fr\/wp-json\/wp\/v2\/media?parent=279631"}],"wp:term":[{"taxonomy":"category","embeddable":true,"href":"https:\/\/www.europesays.com\/fr\/wp-json\/wp\/v2\/categories?post=279631"},{"taxonomy":"post_tag","embeddable":true,"href":"https:\/\/www.europesays.com\/fr\/wp-json\/wp\/v2\/tags?post=279631"}],"curies":[{"name":"wp","href":"https:\/\/api.w.org\/{rel}","templated":true}]}}