{"id":279633,"date":"2025-07-28T13:12:10","date_gmt":"2025-07-28T13:12:10","guid":{"rendered":"https:\/\/www.europesays.com\/fr\/279633\/"},"modified":"2025-07-28T13:12:10","modified_gmt":"2025-07-28T13:12:10","slug":"marc-lavoine-tout-ce-que-je-deteste-renaud-et-gainsbourg-prennent-une-balle-perdue-du-chanteur","status":"publish","type":"post","link":"https:\/\/www.europesays.com\/fr\/279633\/","title":{"rendered":"Marc Lavoine : \u00ab\u00a0Tout ce que je d\u00e9teste\u00a0\u00bb, Renaud et Gainsbourg prennent une balle perdue du chanteur"},"content":{"rendered":"<p>Marc Lavoine est un chanteur qui a marqu\u00e9 plus d\u2019une g\u00e9n\u00e9ration.<br \/>\nR\u00e9v\u00e9l\u00e9 gr\u00e2ce \u00e0 <a href=\"https:\/\/www.closermag.fr\/people\/marc-lavoine-a-quoi-ressemblait-il-a-ses-debuts-3527351\" target=\"_blank\" rel=\"noopener\"><br \/>\nson titre \u201cElle a les yeux revolver\u201d, en 1985,<\/a> il reste<br \/>\naujourd\u2019hui une ic\u00f4ne de la chanson fran\u00e7aise. Mais comme beaucoup<br \/>\nde personnes, le p\u00e8re de quatre enfants a connu une phase beaucoup<br \/>\nplus sombre et a plong\u00e9 dans l\u2019alcool. Tout <a href=\"https:\/\/www.closermag.fr\/people\/renaud-lalcoolisme-ca-ma-ruine-les-rares-confidences-du-chanteur-sur-son-hygiene-de-vie-3349400\" target=\"_blank\" rel=\"noopener\"><br \/>\ncomme Renaud<\/a> et Gainsbourg, c\u2019est aujourd\u2019hui un sujet dont il<br \/>\nparle sans tabou. Il l\u2019\u00e9voque notamment dans son nouveau livre<br \/>\n\u201cQuand arrivent les chevaux\u201d.<\/p>\n<p>Malgr\u00e9 cette similitude avec les deux autres chanteurs, il<br \/>\nrefuse d\u2019\u00eatre compar\u00e9 \u00e0 eux. Il le fait bien savoir.<\/p>\n<p>Marc Lavoine refuse d\u2019\u00eatre compar\u00e9 \u00e0 ces deux artistes.<\/p>\n<p>Si le nouvel ouvrage du <a href=\"https:\/\/www.closermag.fr\/people\/adriana-karembeu-et-marc-lavoine-a-la-tete-dune-adorable-famille-recomposee-ces-cliches-touchants-3558045\" target=\"_blank\" rel=\"noopener\"><br \/>\ncompagnon d\u2019Adriana Karembeu<\/a> semble \u00eatre une autobiographie,<br \/>\ncela reste avant tout un roman. \u00c0 l\u00a0\u00bbint\u00e9rieur, il raconte<br \/>\nl\u2019histoire de Marcel, un personnage qui est une r\u00e9alit\u00e9 fictive,<br \/>\nmais qui a travers\u00e9 les m\u00eames \u00e9preuves que lui. Invit\u00e9 dans<br \/>\n\u201c<a href=\"https:\/\/www.youtube.com\/watch?v=-76rUR40e74\" target=\"_blank\" rel=\"noopener\">LEGEND<\/a>\u201d,<br \/>\n\u00e0 l\u2019occasion de la sortie de son livre, il pr\u00e9cise bien :<br \/>\n\u201cC\u2019est Marcel qui parle\u201d. Alors que l\u2019animateur fait la<br \/>\nliste de tous les travers par lesquels \u2018Marcel\u2019 est pass\u00e9, il<br \/>\naffirme : \u201cMais Marcel c\u2019est un peu le \u2018Mister Renard de Renaud\u2019\u201d.<br \/>\nVisiblement, cette comparaison ne pla\u00eet pas \u00e0 <a href=\"https:\/\/www.closermag.fr\/people\/marc-lavoine-et-sarah-poniatowski-leur-fille-jasmine-jalouse-elle-evoque-la-rupture-de-ses-parents-3565465\" target=\"_blank\" rel=\"noopener\"><br \/>\nl\u2019ex de Sarah Poniatowski<\/a> : \u201c<strong>Ah non, le Gainsbarre<br \/>\nde Gainsbourg et le Renard de Renaud, c\u2019est tout ce que je<br \/>\nd\u00e9teste<\/strong>\u201d, lance-t-il alors, avant de pr\u00e9ciser :<br \/>\n\u201cC\u2019est quand tu commences \u00e0 croire que tu deviens le pr\u00e9nomm\u00e9<br \/>\nde son foulard.\u201d<\/p>\n<p>Pour revenir sur le v\u00e9cu de Marcel, il explique : \u201cMarcel,<br \/>\nc\u2019est un personnage. Dans cette situation, face \u00e0 la mort, il lui<br \/>\narrive ce qui arrive \u00e0 tout le monde. Soit tu prends de l\u2019alcool,<br \/>\nsoit tu te drogues, soit t\u2019es perdu, soit tu veux te suicider, soit<br \/>\ntu d\u00e9primes\u2026 tous les maux de la soci\u00e9t\u00e9 arrivent \u00e0 cette<br \/>\npersonne-l\u00e0.\u00a0\u00bb<\/p>\n<p>Marc Lavoine rend hommage \u00e0 sa<br \/>\nm\u00e8re<\/p>\n<p>Dans ce livre, le p\u00e8re <a href=\"https:\/\/www.closermag.fr\/people\/marc-lavoine-cette-raison-qui-a-pousse-sa-fille-yasmine-a-quitter-la-france-3565438\" target=\"_blank\" rel=\"noopener\"><br \/>\nde Yasmine Lavoine<\/a> parle donc de la mort et des cons\u00e9quences<br \/>\nsur les proches du d\u00e9funt. Lui-m\u00eame a \u00e9t\u00e9 confront\u00e9 plusieurs fois<br \/>\n\u00e0 la perte de ses proches. <strong>Il a perdu son meilleur ami et<br \/>\nsa maman,<\/strong> dont les derniers jours ont \u00e9t\u00e9 tr\u00e8s difficiles.<br \/>\nIl avait des liens tr\u00e8s forts avec elle.<\/p>\n<p>\u00c0 travers son roman onirique, il lui rend donc un bel hommage et<br \/>\nparle du deuil. Le <a href=\"https:\/\/www.closermag.fr\/people\/quand-je-mourrai-marc-lavoine-fait-detonnantes-revelations-sur-sa-relation-avec-ses-enfants-3567316\" target=\"_blank\" rel=\"noopener\"><br \/>\np\u00e8re de famille<\/a> explique avoir mis trois semaines \u00e0 l\u2019\u00e9crire et<br \/>\nsept ans \u00e0 le faire para\u00eetre.<\/p>\n","protected":false},"excerpt":{"rendered":"Marc Lavoine est un chanteur qui a marqu\u00e9 plus d\u2019une g\u00e9n\u00e9ration. R\u00e9v\u00e9l\u00e9 gr\u00e2ce \u00e0 son titre \u201cElle a&hellip;\n","protected":false},"author":2,"featured_media":279634,"comment_status":"","ping_status":"","sticky":false,"template":"","format":"standard","meta":{"footnotes":""},"categories":[1355],"tags":[548,58,59,1011,27,7593,1361,873],"class_list":{"0":"post-279633","1":"post","2":"type-post","3":"status-publish","4":"format-standard","5":"has-post-thumbnail","7":"category-musique","8":"tag-article-simple","9":"tag-divertissement","10":"tag-entertainment","11":"tag-fr","12":"tag-france","13":"tag-marc-lavoine","14":"tag-music","15":"tag-musique"},"share_on_mastodon":{"url":"https:\/\/pubeurope.com\/@fr\/114931036546455409","error":""},"_links":{"self":[{"href":"https:\/\/www.europesays.com\/fr\/wp-json\/wp\/v2\/posts\/279633","targetHints":{"allow":["GET"]}}],"collection":[{"href":"https:\/\/www.europesays.com\/fr\/wp-json\/wp\/v2\/posts"}],"about":[{"href":"https:\/\/www.europesays.com\/fr\/wp-json\/wp\/v2\/types\/post"}],"author":[{"embeddable":true,"href":"https:\/\/www.europesays.com\/fr\/wp-json\/wp\/v2\/users\/2"}],"replies":[{"embeddable":true,"href":"https:\/\/www.europesays.com\/fr\/wp-json\/wp\/v2\/comments?post=279633"}],"version-history":[{"count":0,"href":"https:\/\/www.europesays.com\/fr\/wp-json\/wp\/v2\/posts\/279633\/revisions"}],"wp:featuredmedia":[{"embeddable":true,"href":"https:\/\/www.europesays.com\/fr\/wp-json\/wp\/v2\/media\/279634"}],"wp:attachment":[{"href":"https:\/\/www.europesays.com\/fr\/wp-json\/wp\/v2\/media?parent=279633"}],"wp:term":[{"taxonomy":"category","embeddable":true,"href":"https:\/\/www.europesays.com\/fr\/wp-json\/wp\/v2\/categories?post=279633"},{"taxonomy":"post_tag","embeddable":true,"href":"https:\/\/www.europesays.com\/fr\/wp-json\/wp\/v2\/tags?post=279633"}],"curies":[{"name":"wp","href":"https:\/\/api.w.org\/{rel}","templated":true}]}}