{"id":279644,"date":"2025-07-28T13:18:11","date_gmt":"2025-07-28T13:18:11","guid":{"rendered":"https:\/\/www.europesays.com\/fr\/279644\/"},"modified":"2025-07-28T13:18:11","modified_gmt":"2025-07-28T13:18:11","slug":"seul-un-changement-economique-important-pourrait-justifier-une-baisse-des-taux-en-septembre-selon-kazimir-bce-28-07-2025-a-1308","status":"publish","type":"post","link":"https:\/\/www.europesays.com\/fr\/279644\/","title":{"rendered":"Seul un changement \u00e9conomique important pourrait justifier une baisse des taux en septembre, selon Kazimir (BCE) &#8211; 28\/07\/2025 \u00e0 13:08"},"content":{"rendered":"<p>        <img fetchpriority=\"high\" decoding=\"async\" src=\"https:\/\/www.europesays.com\/fr\/wp-content\/uploads\/2025\/07\/2b92d5f0f3cdd20164f00b8db604196c-760x507.jpg\" alt=\"Le membre du conseil des gouverneurs de la BCE, Peter Kazimir\" loading=\"eager\" width=\"760\" height=\"507\" style=\"max-width: 100%!important; height: auto;\"\/><\/p>\n<p class=\"c-image-news__legend\">Le membre du conseil des gouverneurs de la BCE, Peter Kazimir<\/p>\n<p>\n La Banque centrale europ\u00e9enne (BCE) n&rsquo;est pas press\u00e9e de r\u00e9duire \u00e0 nouveau le co\u00fbt des emprunts et il faudrait un changement \u00e9conomique important et inattendu pour justifier une telle mesure en septembre, a d\u00e9clar\u00e9 lundi Peter Kazimir, membre du conseil des gouverneurs de l&rsquo;institution.\n<\/p>\n<p>\n Apr\u00e8s huit r\u00e9ductions des co\u00fbts d&#8217;emprunt depuis juin 2024, la BCE a maintenu la semaine derni\u00e8re ses taux inchang\u00e9s, comme pr\u00e9vu, et son \u00e9valuation mod\u00e9r\u00e9ment optimiste de l&rsquo;\u00e9conomie de la zone euro a incit\u00e9 les investisseurs \u00e0 r\u00e9duire leurs paris sur un nouvel assouplissement de la politique mon\u00e9taire en septembre.\n<\/p>\n<p>\n \u00ab\u00a0En ce qui concerne les donn\u00e9es \u00e0 venir, je ne m&rsquo;attends pas \u00e0 ce qu&rsquo;il se passe quelque chose d&rsquo;important qui me forcerait \u00e0 agir d\u00e8s septembre,\u00a0\u00bb  a \u00e9crit Peter Kazimir dans un billet de blog, ajoutant qu&rsquo;il faudrait quelque chose comme des signes clairs d&rsquo;effritement du march\u00e9 du travail pour justifier une reprise des baisses de taux \u00e0 la rentr\u00e9e.\n<\/p>\n<p>\n Ces commentaires s&rsquo;alignent sur ceux de sources de la BCE selon lesquels la barre pour une nouvelle r\u00e9duction en septembre est \u00e9lev\u00e9e apr\u00e8s que la banque a d\u00e9j\u00e0 abaiss\u00e9 les taux \u00e0 2% depuis juin 2024.\n<\/p>\n<p>\n L&rsquo;accord commercial conclu dimanche entre l&rsquo;Union europ\u00e9enne (UE) et les Etats-Unis r\u00e9duit l&rsquo;incertitude pour les entreprises, mais son impact sur les prix, principal objectif de la BCE, n&rsquo;est pas encore clair.\n<\/p>\n<p>\n \u00ab\u00a0Cet accord commercial peut contribuer \u00e0 apaiser les inqui\u00e9tudes et \u00e0 r\u00e9tablir la confiance\u00a0\u00bb, estime Peter Kazimir. \u00ab\u00a0Nous avons maintenant plus de clart\u00e9, mais nous aurons besoin de temps pour voir dans quelle mesure ce nouvel environnement affectera l&rsquo;inflation\u00a0\u00bb, a-t-il ajout\u00e9.\n<\/p>\n<p>\n Il a \u00e9galement dit ne pas voir de risque que l&rsquo;inflation soit d\u00e9sormais inf\u00e9rieure \u00e0 l&rsquo;objectif de 2% de la BCE, comme ce fut le cas au cours de la d\u00e9cennie pr\u00e9c\u00e9dant la pand\u00e9mie de COVID-19.\n<\/p>\n<p>\n (R\u00e9dig\u00e9 par Balazs Koranyi, version fran\u00e7aise Diana Mandia, \u00e9dit\u00e9 par Blandine H\u00e9nault)<\/p>\n","protected":false},"excerpt":{"rendered":"Le membre du conseil des gouverneurs de la BCE, Peter Kazimir La Banque centrale europ\u00e9enne (BCE) n&rsquo;est pas&hellip;\n","protected":false},"author":2,"featured_media":279645,"comment_status":"","ping_status":"","sticky":false,"template":"","format":"standard","meta":{"footnotes":""},"categories":[6],"tags":[400,398,408,35,405,33,34,1011,27,403,402,399,404,401,406,407],"class_list":{"0":"post-279644","1":"post","2":"type-post","3":"status-publish","4":"format-standard","5":"has-post-thumbnail","7":"category-economie","8":"tag-action-cac-40","9":"tag-bourse-de-paris","10":"tag-boursorama","11":"tag-business","12":"tag-cotations","13":"tag-economie","14":"tag-economy","15":"tag-fr","16":"tag-france","17":"tag-indices-devises","18":"tag-investir","19":"tag-investissement","20":"tag-marche-boursier","21":"tag-sicav","22":"tag-trackers","23":"tag-warrants"},"share_on_mastodon":{"url":"https:\/\/pubeurope.com\/@fr\/114931060176121305","error":""},"_links":{"self":[{"href":"https:\/\/www.europesays.com\/fr\/wp-json\/wp\/v2\/posts\/279644","targetHints":{"allow":["GET"]}}],"collection":[{"href":"https:\/\/www.europesays.com\/fr\/wp-json\/wp\/v2\/posts"}],"about":[{"href":"https:\/\/www.europesays.com\/fr\/wp-json\/wp\/v2\/types\/post"}],"author":[{"embeddable":true,"href":"https:\/\/www.europesays.com\/fr\/wp-json\/wp\/v2\/users\/2"}],"replies":[{"embeddable":true,"href":"https:\/\/www.europesays.com\/fr\/wp-json\/wp\/v2\/comments?post=279644"}],"version-history":[{"count":0,"href":"https:\/\/www.europesays.com\/fr\/wp-json\/wp\/v2\/posts\/279644\/revisions"}],"wp:featuredmedia":[{"embeddable":true,"href":"https:\/\/www.europesays.com\/fr\/wp-json\/wp\/v2\/media\/279645"}],"wp:attachment":[{"href":"https:\/\/www.europesays.com\/fr\/wp-json\/wp\/v2\/media?parent=279644"}],"wp:term":[{"taxonomy":"category","embeddable":true,"href":"https:\/\/www.europesays.com\/fr\/wp-json\/wp\/v2\/categories?post=279644"},{"taxonomy":"post_tag","embeddable":true,"href":"https:\/\/www.europesays.com\/fr\/wp-json\/wp\/v2\/tags?post=279644"}],"curies":[{"name":"wp","href":"https:\/\/api.w.org\/{rel}","templated":true}]}}