{"id":279648,"date":"2025-07-28T13:20:10","date_gmt":"2025-07-28T13:20:10","guid":{"rendered":"https:\/\/www.europesays.com\/fr\/279648\/"},"modified":"2025-07-28T13:20:10","modified_gmt":"2025-07-28T13:20:10","slug":"un-incendie-se-declare-sur-la-commune-de-port-de-bouc","status":"publish","type":"post","link":"https:\/\/www.europesays.com\/fr\/279648\/","title":{"rendered":"Un incendie se d\u00e9clare sur la commune de Port-de-Bouc"},"content":{"rendered":"<p>Un <a href=\"https:\/\/www.laprovence.com\/article\/region\/8724793416717814\/un-feu-de-caniers-se-declare-a-chateauneuf-les-martigues-5000-m2-parcourus\" target=\"_blank\" rel=\"noopener\">nouvel incendie<\/a> s&rsquo;est d\u00e9clench\u00e9, ce lundi 28 juillet 2025 \u00e0 13h47, dans le pays mart\u00e9gal. Cette fois-ci, c&rsquo;est la commune de Port-de-Bouc qui est impact\u00e9e.<\/p>\n<p>Le sinistre, dont on ignore l&rsquo;origine, est situ\u00e9 dans le quartier de Bottai, et<a href=\"https:\/\/www.laprovence.com\/article\/region\/1357060916293915\/incendie-a-martigues-les-flammes-ont-parcouru-240-hectares-2-pompiers-ont-ete-blesses-la-situation-sameliore\" target=\"_blank\" rel=\"noopener\"> le feu<\/a> serait parti \u00e0 proximit\u00e9 imm\u00e9diate du camping. De<a href=\"https:\/\/www.laprovence.com\/article\/faits-divers-justice\/30189649884002\/en-raison-du-vent-le-risque-de-feu-de-foret-est-accru-ce-lundi-28-juillet-2025-dans-les-alpes-de-haute-provence\" target=\"_blank\" rel=\"noopener\"> violentes rafales de vent <\/a>attisent les flammes et poussent les fum\u00e9es vers le littoral. \u00c0 14 h 23, 1 hectare de pins et de garrigue avaient d\u00e9j\u00e0 br\u00fbl\u00e9.<\/p>\n<p>Quarante sapeurs-pompiers, trois Canadairs et un h\u00e9licopt\u00e8re bombardier d&rsquo;eau sont actuellement sur place.<\/p>\n<p>\u00c9vitez le secteur afin de ne pas g\u00eaner les op\u00e9rations de secours.<\/p>\n<p><strong>Plus d&rsquo;informations \u00e0 venir<\/strong>&#13;<\/p>\n","protected":false},"excerpt":{"rendered":"Un nouvel incendie s&rsquo;est d\u00e9clench\u00e9, ce lundi 28 juillet 2025 \u00e0 13h47, dans le pays mart\u00e9gal. Cette fois-ci,&hellip;\n","protected":false},"author":2,"featured_media":279649,"comment_status":"","ping_status":"","sticky":false,"template":"","format":"standard","meta":{"footnotes":""},"categories":[4],"tags":[17,11,7052,8293,1011,27,1310,12,41899,16,25,3356],"class_list":{"0":"post-279648","1":"post","2":"type-post","3":"status-publish","4":"format-standard","5":"has-post-thumbnail","7":"category-france","8":"tag-17","9":"tag-actualites","10":"tag-commune","11":"tag-declare","12":"tag-fr","13":"tag-france","14":"tag-incendie","15":"tag-news","16":"tag-port-de-bouc","17":"tag-region","18":"tag-republique-francaise","19":"tag-sur"},"share_on_mastodon":{"url":"https:\/\/pubeurope.com\/@fr\/114931067993183983","error":""},"_links":{"self":[{"href":"https:\/\/www.europesays.com\/fr\/wp-json\/wp\/v2\/posts\/279648","targetHints":{"allow":["GET"]}}],"collection":[{"href":"https:\/\/www.europesays.com\/fr\/wp-json\/wp\/v2\/posts"}],"about":[{"href":"https:\/\/www.europesays.com\/fr\/wp-json\/wp\/v2\/types\/post"}],"author":[{"embeddable":true,"href":"https:\/\/www.europesays.com\/fr\/wp-json\/wp\/v2\/users\/2"}],"replies":[{"embeddable":true,"href":"https:\/\/www.europesays.com\/fr\/wp-json\/wp\/v2\/comments?post=279648"}],"version-history":[{"count":0,"href":"https:\/\/www.europesays.com\/fr\/wp-json\/wp\/v2\/posts\/279648\/revisions"}],"wp:featuredmedia":[{"embeddable":true,"href":"https:\/\/www.europesays.com\/fr\/wp-json\/wp\/v2\/media\/279649"}],"wp:attachment":[{"href":"https:\/\/www.europesays.com\/fr\/wp-json\/wp\/v2\/media?parent=279648"}],"wp:term":[{"taxonomy":"category","embeddable":true,"href":"https:\/\/www.europesays.com\/fr\/wp-json\/wp\/v2\/categories?post=279648"},{"taxonomy":"post_tag","embeddable":true,"href":"https:\/\/www.europesays.com\/fr\/wp-json\/wp\/v2\/tags?post=279648"}],"curies":[{"name":"wp","href":"https:\/\/api.w.org\/{rel}","templated":true}]}}