{"id":279666,"date":"2025-07-28T13:33:08","date_gmt":"2025-07-28T13:33:08","guid":{"rendered":"https:\/\/www.europesays.com\/fr\/279666\/"},"modified":"2025-07-28T13:33:08","modified_gmt":"2025-07-28T13:33:08","slug":"la-circulation-des-trains-perturbee-sur-la-ligne-grenoble-lyon-ces-week-ends-daout","status":"publish","type":"post","link":"https:\/\/www.europesays.com\/fr\/279666\/","title":{"rendered":"la circulation des trains perturb\u00e9e sur la ligne Grenoble-Lyon ces week-ends d&rsquo;ao\u00fbt"},"content":{"rendered":"<p>            Par<br \/>\n        <strong><br \/>\n            <a href=\"https:\/\/actu.fr\/auteur\/lisa-rodrigues\" title=\"Consulter tous les articles de Lisa Rodrigues\" target=\"_blank\" rel=\"noopener\">Lisa Rodrigues<\/a><br \/>\n        <\/strong><\/p>\n<p>        Publi\u00e9 le<\/p>\n<p>            28 juil. 2025 \u00e0 15h17        <\/p>\n<p>Il va falloir prendre son mal en patience pendant les deux premiers week-ends d\u2019ao\u00fbt si vous souhaitez prendre un train en gare de <a href=\"https:\/\/actu.fr\/auvergne-rhone-alpes\/grenoble_38185\" target=\"_blank\" rel=\"noopener\">Grenoble<\/a>.<\/p>\n<p class=\" wall-content\">En effet, des \u00ab\u00a0travaux en p\u00e9riph\u00e9rie de Grenoble\u00a0\u00bb vont <strong>fortement perturber le trafic TER<\/strong> les samedis 2 et 9 ainsi que les dimanches 3 et 10 ao\u00fbt, pr\u00e9vient la SNCF.<\/p>\n<p class=\" wall-content\">Voici ce qu\u2019il fait savoir \u00e0 ce sujet.<\/p>\n<p>Quasi aucun TER en gare de Grenoble<\/p>\n<p class=\" wall-content\">Ces chantiers impactent notamment la circulation des trains \u00ab\u00a0sur les axes Saint-Andr\u00e9-le-Gaz \u2013 Grenoble \u2013 Gi\u00e8res et Valence \u2013 Grenoble\u00a0\u00bb.<\/p>\n<p class=\" wall-content\">Ainsi, <strong>aucun TER<\/strong> n\u2019assurera la liaison depuis Grenoble vers Valence, Rives ou Saint-Andr\u00e9-le-Gaz. Pour se rendre \u00e0 <a href=\"https:\/\/actu.fr\/auvergne-rhone-alpes\/lyon_69123\" target=\"_blank\" rel=\"noopener\">Lyon<\/a> Part-Dieu depuis la capitale des Alpes, par exemple, il faudra faire un changement \u00e0 Rives o\u00f9 des trains ou autocars de remplacement prendront le relais.<\/p>\n<p class=\" wall-content\">\u00c0 noter qu\u2019une partie de la circulation des TER vers Gi\u00e8res sera maintenue.<\/p>\n<p>Des autocars de remplacement<\/p>\n<p class=\" wall-content\">Des <strong>autocars<\/strong> assureront le service en remplacement des trains sur les portions concern\u00e9es par les suppressions.<\/p>\n<p class=\" wall-content\">Petite pr\u00e9cision : si le d\u00e9part des autocars de remplacement \u00e0 Grenoble est bien situ\u00e9 \u00e0 l\u2019arr\u00eat habituel \u00ab\u00a0Gare routi\u00e8re\u00a0\u00bb, l\u2019arriv\u00e9e se fait exceptionnellement \u00e0 l\u2019arr\u00eat \u00ab\u00a0Grenoble-Europole\u00a0\u00bb.<\/p>\n<p>Toutes les informations et horaires sont \u00e0 retrouver sur le <a href=\"https:\/\/www.ter.sncf.com\/auvergne-rhone-alpes\/se-deplacer\/info-trafic\/travaux\" target=\"_blank\" rel=\"noopener\">site de la SNCF<\/a> r\u00e9serv\u00e9 aux TER.<\/p>\n<p class=\" wall-content\">Suivez toute l\u2019actualit\u00e9 de vos villes et m\u00e9dias favoris en vous inscrivant \u00e0 <a href=\"https:\/\/moncompte.actu.fr\" title=\"D\u00e9couvez Mon Actu\" rel=\"nofollow noopener\" data-trk=\"{&quot;cta&quot;:{&quot;action&quot;:&quot;https:\\\/\\\/moncompte.actu.fr&quot;,&quot;category&quot;:&quot;mon compte&quot;,&quot;from&quot;:&quot;article footer&quot;,&quot;name&quot;:&quot;Mon actu&quot;,&quot;type&quot;:&quot;cta&quot;}}\" target=\"_blank\">Mon Actu<\/a>.<\/p>\n","protected":false},"excerpt":{"rendered":"Par Lisa Rodrigues Publi\u00e9 le 28 juil. 2025 \u00e0 15h17 Il va falloir prendre son mal en patience&hellip;\n","protected":false},"author":2,"featured_media":279667,"comment_status":"","ping_status":"","sticky":false,"template":"","format":"standard","meta":{"footnotes":""},"categories":[9566],"tags":[1111,11,2430,1777,674,1011,27,2731,12,25,2215,104,2803],"class_list":{"0":"post-279666","1":"post","2":"type-post","3":"status-publish","4":"format-standard","5":"has-post-thumbnail","7":"category-grenoble","8":"tag-actu","9":"tag-actualites","10":"tag-auvergne-rhone-alpes","11":"tag-eu","12":"tag-europe","13":"tag-fr","14":"tag-france","15":"tag-grenoble","16":"tag-news","17":"tag-republique-francaise","18":"tag-sncf","19":"tag-societe","20":"tag-transport"},"share_on_mastodon":{"url":"https:\/\/pubeurope.com\/@fr\/114931119247382249","error":""},"_links":{"self":[{"href":"https:\/\/www.europesays.com\/fr\/wp-json\/wp\/v2\/posts\/279666","targetHints":{"allow":["GET"]}}],"collection":[{"href":"https:\/\/www.europesays.com\/fr\/wp-json\/wp\/v2\/posts"}],"about":[{"href":"https:\/\/www.europesays.com\/fr\/wp-json\/wp\/v2\/types\/post"}],"author":[{"embeddable":true,"href":"https:\/\/www.europesays.com\/fr\/wp-json\/wp\/v2\/users\/2"}],"replies":[{"embeddable":true,"href":"https:\/\/www.europesays.com\/fr\/wp-json\/wp\/v2\/comments?post=279666"}],"version-history":[{"count":0,"href":"https:\/\/www.europesays.com\/fr\/wp-json\/wp\/v2\/posts\/279666\/revisions"}],"wp:featuredmedia":[{"embeddable":true,"href":"https:\/\/www.europesays.com\/fr\/wp-json\/wp\/v2\/media\/279667"}],"wp:attachment":[{"href":"https:\/\/www.europesays.com\/fr\/wp-json\/wp\/v2\/media?parent=279666"}],"wp:term":[{"taxonomy":"category","embeddable":true,"href":"https:\/\/www.europesays.com\/fr\/wp-json\/wp\/v2\/categories?post=279666"},{"taxonomy":"post_tag","embeddable":true,"href":"https:\/\/www.europesays.com\/fr\/wp-json\/wp\/v2\/tags?post=279666"}],"curies":[{"name":"wp","href":"https:\/\/api.w.org\/{rel}","templated":true}]}}