{"id":279677,"date":"2025-07-28T13:39:10","date_gmt":"2025-07-28T13:39:10","guid":{"rendered":"https:\/\/www.europesays.com\/fr\/279677\/"},"modified":"2025-07-28T13:39:10","modified_gmt":"2025-07-28T13:39:10","slug":"a-seulement-25-ans-le-chanteur-tyreek-mcdole-a-tout-pour-simposer-comme-lune-des-grandes-voix-du-jazz","status":"publish","type":"post","link":"https:\/\/www.europesays.com\/fr\/279677\/","title":{"rendered":"\u00c0 seulement 25 ans, le chanteur Tyreek McDole a tout pour s\u2019imposer comme l\u2019une des grandes voix du jazz"},"content":{"rendered":"<p>Une fois assis sous la clim\u2019, dans les loges du Th\u00e9\u00e2tre de Verdure, juste avant le d\u00e9but de la troisi\u00e8me soir\u00e9e du Nice Jazz Fest, samedi, on commence par lui glisser que la France l\u2019aime d\u00e9j\u00e0 beaucoup.<\/p>\n<p>Et Tyreek McDole, dans un grand sourire, nous confirme \u00eatre \u00ab\u00a0un peu surpris\u00a0\u00bb par cet engouement, mat\u00e9rialis\u00e9 par l\u2019int\u00e9r\u00eat des promoteurs, des m\u00e9dias (le magazine Jazz News vient de lui consacrer sa derni\u00e8re couverture) et de toutes celles et ceux qui atterrissent \u00e0 l\u2019un de ses shows.<\/p>\n<p>\u00ab\u00a0Peut-\u00eatre que j\u2019ai la chance d\u2019avoir une bonne \u00e9quipe et un concept, un peu unique, je ne sais pas\u00a0\u00bb, tente-t-il d\u2019expliquer.<\/p>\n<p><strong>Un don du ciel d\u00e9couvert sur le tard<\/strong><\/p>\n<p>Il y a une chose que l\u2019Am\u00e9ricano-Ha\u00eftien, ayant grandi \u00e0 St. Cloud, une petite ville de Floride, a oubli\u00e9 de pr\u00e9ciser. Et le public de Jazz \u00e0 Toulon, ce soir sur la place de l\u2019\u00c9querre (21 heures, \u00e9v\u00e9nement gratuit) s\u2019en apercevra d\u00e8s les premi\u00e8res notes: Tyreek McDole a une voix b\u00e9nie des dieux.<\/p>\n<p>Et aussi \u00e9tonnant que cela puisse para\u00eetre, il a mis longtemps \u00e0 s\u2018en rendre compte. \u00c0 l\u2019\u00e9cole des arts du Comt\u00e9 d\u2019Osceola, il s\u2019est d\u2019abord mis \u00e0 la trompette, apr\u00e8s avoir vu La Princesse et la grenouille.<\/p>\n<p>Ensuite, il s\u2019est tourn\u00e9 vers les percussions, des timbales au vibraphone. En 2018, il a tout juste 18 ans quand la blessure d\u2019un camarade, cens\u00e9 tenir un r\u00f4le important dans la com\u00e9die musicale Into The Woods, de Stephen Sondheim.<\/p>\n<p>\u00ab\u00a0Comme je connaissais tout le livret, j\u2019ai propos\u00e9 de chanter la partie du loup. Les gens se sont retourn\u00e9s vers moi et m\u2019ont dit qu\u2019ils ne savaient pas que j\u2019\u00e9tais capable de \u00e7a\u00a0\u00bb, se souvient celui qui vit d\u00e9sormais \u00e0 New York.<\/p>\n<p>\u00ab\u00a0Le directeur de l\u2019orchestre jazz de l\u2019\u00e9tablissement \u00e9tait au fond de la salle, il m\u2019a entendu et m\u2019a propos\u00e9 de rejoindre le groupe pour le concours Duke Ellington.\u00a0\u00bb<\/p>\n<p>On peut dire que Tyreek McDole a vite appris. En 2023, cinq ans apr\u00e8s ses d\u00e9buts en tant que vocaliste, il remporte le prestigieux concours Sarah Vaughan, succ\u00e9dant \u00e0 Samara Joy ou Gabrielle Cavassa et devenant le deuxi\u00e8me homme \u00e0 inscrire son nom au palmar\u00e8s.<\/p>\n<p><strong>La voix d\u2019un sage<\/strong><\/p>\n<p>Suivi de pr\u00e8s, tr\u00e8s vite consid\u00e9r\u00e9 comme un s\u00e9rieux pr\u00e9tendant \u00e0 la rel\u00e8ve future de chanteurs majeurs comme Hugh Coltman, Kurt Elling ou Gregory Porter, il ne s\u2019est pas laiss\u00e9 griser ni aveugler par ces louanges pr\u00e9coces.<\/p>\n<p>Malgr\u00e9 son jeune \u00e2ge, Tyreek McDole fait preuve d\u2019une certaine sagesse. \u00ab\u00a0J\u2019ai des espoirs et des aspirations, je suis concentr\u00e9 sur ma carri\u00e8re. Mais autour de nous, il y a tant d\u2019\u00e9v\u00e9nements terribles qui se passent, des guerres, des famines. Tout en composant avec cette anxi\u00e9t\u00e9, j\u2019essaie de comprendre qui je suis, quelle est ma place dans ce monde, ce que signifie le fait de jouer ce type de musique en tant qu\u2019homme noir, aujourd\u2019hui. Je n\u2019ai pas toutes les r\u00e9ponses, mais je m\u2019en pr\u00e9occupe.\u00a0\u00bb<\/p>\n<p>Avant de partir, Tyreek McDole, d\u00e9contract\u00e9 dans son ensemble blanc en lin tout juste achet\u00e9 \u00e0 Nice, pr\u00e9cise sa pens\u00e9e. \u00ab\u00a0Dans mes moments les plus bas, la musique m\u2019a soign\u00e9e. Que ce soit celle de Debussy ou de Wayne Shorter. J\u2019esp\u00e8re arriver \u00e0 un niveau o\u00f9 je pourrai aider les gens de la m\u00eame mani\u00e8re.\u00a0\u00bb<\/p>\n<p>            Un premier album marquant<\/p>\n<p>Le 6 juin, Tyreek McDoll a pr\u00e9sent\u00e9 Open Up Your Senses, son premier album. Le jazz et le blues y infusent, sublim\u00e9s par son timbre de baryton et un grand sens du swing.<\/p>\n<p>L\u2019aspect traditionnel est respect\u00e9, et twist\u00e9 avec un souffle nouveau, et une dimension spirituelle. Accompagn\u00e9 par le grand pianiste Kenny Barron, il reprend Ugly Beauty de Thelonious Monk, mais aussi The Creator Has a Master Plan du saxophoniste Pharoah Sanders, en compagnie de Tomoki Sanders, son enfant, qui pratique le m\u00eame instrument.<\/p>\n<p>\u00ab\u00a0C\u2019est une personne incroyable, avec beaucoup de cr\u00e9ativit\u00e9. Quand on s\u2019est rencontr\u00e9s, je ne savais pas que Pharoah, qui m\u2019avait beaucoup touch\u00e9 quand je l\u2019ai \u00e9cout\u00e9, \u00e9tait son p\u00e8re. J\u2019ai choisi cette chanson pour son message: quand les choses deviennent trop compliqu\u00e9es, remettez-vous \u00e0 Dieu.\u00a0\u00bb<\/p>\n","protected":false},"excerpt":{"rendered":"Une fois assis sous la clim\u2019, dans les loges du Th\u00e9\u00e2tre de Verdure, juste avant le d\u00e9but de&hellip;\n","protected":false},"author":2,"featured_media":279678,"comment_status":"","ping_status":"","sticky":false,"template":"","format":"standard","meta":{"footnotes":""},"categories":[2819],"tags":[1111,11,4156,251,1777,674,1011,27,12,2401,882,25],"class_list":{"0":"post-279677","1":"post","2":"type-post","3":"status-publish","4":"format-standard","5":"has-post-thumbnail","7":"category-nice","8":"tag-actu","9":"tag-actualites","10":"tag-concerts","11":"tag-culture","12":"tag-eu","13":"tag-europe","14":"tag-fr","15":"tag-france","16":"tag-news","17":"tag-nice","18":"tag-provence-alpes-cote-dazur","19":"tag-republique-francaise"},"share_on_mastodon":{"url":"https:\/\/pubeurope.com\/@fr\/114931142767465935","error":""},"_links":{"self":[{"href":"https:\/\/www.europesays.com\/fr\/wp-json\/wp\/v2\/posts\/279677","targetHints":{"allow":["GET"]}}],"collection":[{"href":"https:\/\/www.europesays.com\/fr\/wp-json\/wp\/v2\/posts"}],"about":[{"href":"https:\/\/www.europesays.com\/fr\/wp-json\/wp\/v2\/types\/post"}],"author":[{"embeddable":true,"href":"https:\/\/www.europesays.com\/fr\/wp-json\/wp\/v2\/users\/2"}],"replies":[{"embeddable":true,"href":"https:\/\/www.europesays.com\/fr\/wp-json\/wp\/v2\/comments?post=279677"}],"version-history":[{"count":0,"href":"https:\/\/www.europesays.com\/fr\/wp-json\/wp\/v2\/posts\/279677\/revisions"}],"wp:featuredmedia":[{"embeddable":true,"href":"https:\/\/www.europesays.com\/fr\/wp-json\/wp\/v2\/media\/279678"}],"wp:attachment":[{"href":"https:\/\/www.europesays.com\/fr\/wp-json\/wp\/v2\/media?parent=279677"}],"wp:term":[{"taxonomy":"category","embeddable":true,"href":"https:\/\/www.europesays.com\/fr\/wp-json\/wp\/v2\/categories?post=279677"},{"taxonomy":"post_tag","embeddable":true,"href":"https:\/\/www.europesays.com\/fr\/wp-json\/wp\/v2\/tags?post=279677"}],"curies":[{"name":"wp","href":"https:\/\/api.w.org\/{rel}","templated":true}]}}