{"id":279683,"date":"2025-07-28T13:42:13","date_gmt":"2025-07-28T13:42:13","guid":{"rendered":"https:\/\/www.europesays.com\/fr\/279683\/"},"modified":"2025-07-28T13:42:13","modified_gmt":"2025-07-28T13:42:13","slug":"a-nantes-saunier-duval-parie-sur-des-exosquelettes-pour-attirer-plus-doperatrices","status":"publish","type":"post","link":"https:\/\/www.europesays.com\/fr\/279683\/","title":{"rendered":"\u00c0 Nantes, Saunier Duval parie sur des\u00a0exosquelettes pour attirer plus d&rsquo;op\u00e9ratrices"},"content":{"rendered":"<p>Apparus en France il y a une dizaine d&rsquo;ann\u00e9es et test\u00e9s dans l&rsquo;industrie, notamment l&rsquo;automobile, la logistique, l&rsquo;a\u00e9ronautique, mais aussi dans l&rsquo;agriculture et le BTP, les exosquelettes se d\u00e9ploient peu \u00e0 peu dans les usines, afin de r\u00e9duire l&rsquo;exposition aux contraintes physiques. Airbus,\u00a0FM Logistic, Ford&#8230; se sont d\u00e9j\u00e0 \u00e9quip\u00e9s.\u00a0M\u00eame si ces\u00a0\u00e9quipements ne sont pas une solution miracle aux\u00a0troubles musculosquelettiques (TMS),\u00a0en Loire-Atlantique,\u00a0Saunier Duval d\u00e9ploie \u00e9galement\u00a0ces \u00e9quipements.<\/p>\n<p>38 % des salari\u00e9s sont des op\u00e9ratrices<\/p>\n<p>En service depuis 1967, l&rsquo;usine nantaise labellis\u00e9e \u00ab Vitrine industrie du futur \u00bb atteint une capacit\u00e9 annuelle de 120\u00a0000\u00a0pompes \u00e0 chaleur et 300\u00a0000\u00a0chaudi\u00e8res. Elle compte aujourd&rsquo;hui pr\u00e8s de 700\u00a0collaborateurs, apr\u00e8s un plan social et la suppression de 200\u00a0postes cette ann\u00e9e. Ici, \u00ab\u00a035\u00a0%\u00a0des salari\u00e9s ont plus de 50\u00a0ans et\u00a038 % sont des op\u00e9ratrices. Ce qui est rare dans l&rsquo;industrie. L&rsquo;entreprise s&rsquo;est donc int\u00e9ress\u00e9e tr\u00e8s t\u00f4t \u00e0 la qualit\u00e9 de vie au travail (insonorisation, luminosit\u00e9, ergonomie&#8230;). C&rsquo;est bon pour la r\u00e9duction des TMS, l&rsquo;engagement des salari\u00e9s et l&rsquo;entreprise. Tout le monde est gagnant\u00a0!\u00a0\u00bb, indique Yuna Joss\u00e9, la directrice de cette filiale du groupe Vaillant\u00a0depuis 2021.<\/p>\n","protected":false},"excerpt":{"rendered":"Apparus en France il y a une dizaine d&rsquo;ann\u00e9es et test\u00e9s dans l&rsquo;industrie, notamment l&rsquo;automobile, la logistique, l&rsquo;a\u00e9ronautique,&hellip;\n","protected":false},"author":2,"featured_media":279684,"comment_status":"","ping_status":"","sticky":false,"template":"","format":"standard","meta":{"footnotes":""},"categories":[2818],"tags":[17,1111,11,41903,41901,645,1777,674,1011,27,766,12,41902,2636,471,25,41900,3356],"class_list":{"0":"post-279683","1":"post","2":"type-post","3":"status-publish","4":"format-standard","5":"has-post-thumbnail","7":"category-nantes","8":"tag-17","9":"tag-actu","10":"tag-actualites","11":"tag-des-exosquelettes","12":"tag-duval","13":"tag-entreprises-finance","14":"tag-eu","15":"tag-europe","16":"tag-fr","17":"tag-france","18":"tag-nantes","19":"tag-news","20":"tag-parie","21":"tag-pays-de-la-loire","22":"tag-pour","23":"tag-republique-francaise","24":"tag-saunier","25":"tag-sur"},"share_on_mastodon":{"url":"https:\/\/pubeurope.com\/@fr\/114931154562097910","error":""},"_links":{"self":[{"href":"https:\/\/www.europesays.com\/fr\/wp-json\/wp\/v2\/posts\/279683","targetHints":{"allow":["GET"]}}],"collection":[{"href":"https:\/\/www.europesays.com\/fr\/wp-json\/wp\/v2\/posts"}],"about":[{"href":"https:\/\/www.europesays.com\/fr\/wp-json\/wp\/v2\/types\/post"}],"author":[{"embeddable":true,"href":"https:\/\/www.europesays.com\/fr\/wp-json\/wp\/v2\/users\/2"}],"replies":[{"embeddable":true,"href":"https:\/\/www.europesays.com\/fr\/wp-json\/wp\/v2\/comments?post=279683"}],"version-history":[{"count":0,"href":"https:\/\/www.europesays.com\/fr\/wp-json\/wp\/v2\/posts\/279683\/revisions"}],"wp:featuredmedia":[{"embeddable":true,"href":"https:\/\/www.europesays.com\/fr\/wp-json\/wp\/v2\/media\/279684"}],"wp:attachment":[{"href":"https:\/\/www.europesays.com\/fr\/wp-json\/wp\/v2\/media?parent=279683"}],"wp:term":[{"taxonomy":"category","embeddable":true,"href":"https:\/\/www.europesays.com\/fr\/wp-json\/wp\/v2\/categories?post=279683"},{"taxonomy":"post_tag","embeddable":true,"href":"https:\/\/www.europesays.com\/fr\/wp-json\/wp\/v2\/tags?post=279683"}],"curies":[{"name":"wp","href":"https:\/\/api.w.org\/{rel}","templated":true}]}}