{"id":279689,"date":"2025-07-28T13:45:12","date_gmt":"2025-07-28T13:45:12","guid":{"rendered":"https:\/\/www.europesays.com\/fr\/279689\/"},"modified":"2025-07-28T13:45:12","modified_gmt":"2025-07-28T13:45:12","slug":"le-calendrier-scolaire-2025-2026-dans-lacademie-de-toulouse","status":"publish","type":"post","link":"https:\/\/www.europesays.com\/fr\/279689\/","title":{"rendered":"le calendrier scolaire 2025-2026 dans l\u2019acad\u00e9mie de Toulouse"},"content":{"rendered":"<p><strong>La rentr\u00e9e aura lieu le lundi 1\u1d49\u02b3 septembre 2025. Voici les dates des vacances scolaires dans l\u2019acad\u00e9mie de Toulouse, en zone C.<\/strong><\/p>\n<p><img fetchpriority=\"high\" decoding=\"async\" width=\"1200\" height=\"675\" src=\"https:\/\/www.europesays.com\/fr\/wp-content\/uploads\/2025\/07\/Des-eleves-sortent-de-lecole.jpg\" alt=\"Voici le calendrier scolaire dans l'acad\u00e9mie de Toulouse, avec la rentr\u00e9e, les vacances et un pont.\"  \/><\/p>\n<p>\u00a9 Monkeybusiness \/ Depositphotos<\/p>\n<p>La premi\u00e8re moiti\u00e9 des vacances d\u2019\u00e9t\u00e9 va toucher \u00e0 sa fin. Et le retour sur les bancs de l\u2019\u00e9cole approche \u00e0 grands pas. C\u2019est l\u2019occasion de se pencher sur <strong>le calendrier scolaire 2025-2026<\/strong>. Dans l\u2019acad\u00e9mie de Toulouse, comme dans le reste de la zone C, les \u00e9l\u00e8ves feront leur<strong> rentr\u00e9e le lundi 1er septembre 2025<\/strong>, apr\u00e8s la pr\u00e9-rentr\u00e9e des enseignants pr\u00e9vue le vendredi 29 ao\u00fbt.<\/p>\n<p>Les dates des vacances dans la zone C<\/p>\n<p>L\u2019acad\u00e9mie de Toulouse, qui rassemble les d\u00e9partements de l\u2019ex-Midi-Pyr\u00e9n\u00e9es, suit <strong>le calendrier de la zone C<\/strong>, au m\u00eame titre que l\u2019acad\u00e9mie de Montpellier. Voici<strong> les dates \u00e0 retenir pour l\u2019ann\u00e9e scolaire \u00e0 venir<\/strong>\u00a0:<\/p>\n<ul class=\"wp-block-list\">\n<li>Vacances de la Toussaint : du samedi 18 octobre au dimanche 2 novembre 2025.<\/li>\n<li>Vacances de fin d\u2019ann\u00e9e : du samedi 20 d\u00e9cembre 2025 au dimanche 4 janvier 2026.<\/li>\n<li>Vacances d\u2019hiver : du samedi 21 f\u00e9vrier au dimanche 9 mars 2026.<\/li>\n<li>Vacances de printemps : du samedi 18 avril au dimanche 3 mai 2026.<\/li>\n<li>Vacances d\u2019\u00e9t\u00e9 : fin des cours le samedi 4 juillet 2026.<\/li>\n<\/ul>\n<p>Les dates des vacances de la Toussaint et de fin d\u2019ann\u00e9e sont les m\u00eames dans l\u2019ensemble du pays. En revanche, <strong>la zone C sera la derni\u00e8re \u00e0 partir en cong\u00e9s d\u2019hiver et de printemps<\/strong>.<\/p>\n<p>Un pont durant le mois de mai<\/p>\n<p><strong>Les vacances scolaires d\u00e9butent apr\u00e8s la classe le jour indiqu\u00e9<\/strong>. Pour les \u00e9l\u00e8ves n\u2019ayant pas cours le samedi, le d\u00e9part s\u2019effectue le vendredi soir. La reprise a toujours lieu le lundi matin, selon l\u2019emploi du temps des \u00e9l\u00e8ves.<\/p>\n<p>Par ailleurs, <strong>les classes vaqueront les vendredi 15 et samedi 16 mai 2026, soit juste apr\u00e8s le pont de l\u2019Ascension<\/strong>. Une pause souvent attendue par les \u00e9l\u00e8ves, les enseignants et les parents.<\/p>\n<p class=\"has-text-align-right\"><strong>Informations pratiques<\/strong> : le d\u00e9tail du calendrier scolaire dans l\u2019acad\u00e9mie de Toulouse est disponible sur le site du minist\u00e8re de l\u2019\u00c9ducation nationale.<\/p>\n","protected":false},"excerpt":{"rendered":"La rentr\u00e9e aura lieu le lundi 1\u1d49\u02b3 septembre 2025. Voici les dates des vacances scolaires dans l\u2019acad\u00e9mie de&hellip;\n","protected":false},"author":2,"featured_media":279690,"comment_status":"","ping_status":"","sticky":false,"template":"","format":"standard","meta":{"footnotes":""},"categories":[2816],"tags":[1111,11,1777,674,1011,27,12,2680,5604,41904,25,2312,41905],"class_list":{"0":"post-279689","1":"post","2":"type-post","3":"status-publish","4":"format-standard","5":"has-post-thumbnail","7":"category-toulouse","8":"tag-actu","9":"tag-actualites","10":"tag-eu","11":"tag-europe","12":"tag-fr","13":"tag-france","14":"tag-news","15":"tag-occitanie","16":"tag-pont","17":"tag-rentru00e9e","18":"tag-republique-francaise","19":"tag-toulouse","20":"tag-vacances-le-calendrier-scolaire-2025-2026-dans-lu2019acadu00e9mie-de-toulouse"},"share_on_mastodon":{"url":"https:\/\/pubeurope.com\/@fr\/114931166296448674","error":""},"_links":{"self":[{"href":"https:\/\/www.europesays.com\/fr\/wp-json\/wp\/v2\/posts\/279689","targetHints":{"allow":["GET"]}}],"collection":[{"href":"https:\/\/www.europesays.com\/fr\/wp-json\/wp\/v2\/posts"}],"about":[{"href":"https:\/\/www.europesays.com\/fr\/wp-json\/wp\/v2\/types\/post"}],"author":[{"embeddable":true,"href":"https:\/\/www.europesays.com\/fr\/wp-json\/wp\/v2\/users\/2"}],"replies":[{"embeddable":true,"href":"https:\/\/www.europesays.com\/fr\/wp-json\/wp\/v2\/comments?post=279689"}],"version-history":[{"count":0,"href":"https:\/\/www.europesays.com\/fr\/wp-json\/wp\/v2\/posts\/279689\/revisions"}],"wp:featuredmedia":[{"embeddable":true,"href":"https:\/\/www.europesays.com\/fr\/wp-json\/wp\/v2\/media\/279690"}],"wp:attachment":[{"href":"https:\/\/www.europesays.com\/fr\/wp-json\/wp\/v2\/media?parent=279689"}],"wp:term":[{"taxonomy":"category","embeddable":true,"href":"https:\/\/www.europesays.com\/fr\/wp-json\/wp\/v2\/categories?post=279689"},{"taxonomy":"post_tag","embeddable":true,"href":"https:\/\/www.europesays.com\/fr\/wp-json\/wp\/v2\/tags?post=279689"}],"curies":[{"name":"wp","href":"https:\/\/api.w.org\/{rel}","templated":true}]}}