{"id":27970,"date":"2025-04-16T00:28:24","date_gmt":"2025-04-16T00:28:24","guid":{"rendered":"https:\/\/www.europesays.com\/fr\/27970\/"},"modified":"2025-04-16T00:28:24","modified_gmt":"2025-04-16T00:28:24","slug":"vous-partez-au-royaume-uni-attention-ces-produits-de-lue-sont-desormais-interdits-a-lentree","status":"publish","type":"post","link":"https:\/\/www.europesays.com\/fr\/27970\/","title":{"rendered":"Vous partez au Royaume-Uni ? Attention, ces produits de l\u2019UE sont d\u00e9sormais interdits \u00e0 l\u2019entr\u00e9e"},"content":{"rendered":"<p class=\"articleHead-lead\">\n            Si vous envisagez de partir en Grande-Bretagne, faites attention \u00e0 ce que vous mettez dans vos bagages. A partir du 19 avril, les voyageurs en provenance de l&rsquo;Union europ\u00e9enne auront interdiction de transporter deux denr\u00e9es sp\u00e9cifiques, en raison des cas de fi\u00e8vre aphteuse d\u00e9tect\u00e9s en Europe.\n        <\/p>\n<p>            <img decoding=\"async\"  src=\"https:\/\/www.europesays.com\/fr\/wp-content\/uploads\/2025\/04\/1744763304_111_picture.jpg\"  class=\"apply-ratio\" alt=\"Charcuterie et fromage dans vos bagages ? No way !\"\/><\/p>\n<p>\n                                            \u00a9 chrisrobbins950 \/ Pixabay<\/p>\n<p>                                             &#8211; Charcuterie et fromage dans vos bagages ? No way !\n                                    <\/p>\n<ul class=\"articleMainFollow-list\">\n<li class=\"articleMainFollow-item\">\n<p>                        Sauvegarder<\/p>\n<p>                        Sauvegard\u00e9<\/p>\n<\/li>\n<li class=\"articleMainFollow-item\">\n<\/li>\n<\/ul>\n<p>\n                    Recevoir les alertes Union europ\u00e9enne\n                <\/p>\n<p>On est pr\u00eat \u00e0 parier que vous vous rendez rarement <a href=\"https:\/\/www.capital.fr\/economie-politique\/royaume-uni-lautorisation-de-voyage-obligatoire-pour-les-europeens-voici-comment-lobtenir-1502192\" rel=\"nofollow noopener\" target=\"_blank\">au Royaume-Uni <\/a>avec, dans vos bagages, une c\u00f4te de b\u0153uf et <a href=\"https:\/\/www.capital.fr\/entreprises-marches\/la-laitiere-andros-yoplait-decouvrez-comment-ces-marques-veulent-recycler-vos-pots-de-yaourt-1508852\" rel=\"nofollow noopener\" target=\"_blank\">un pack de yaourts<\/a>. Mais si c&rsquo;est le cas, il va falloir revoir vos habitudes. A partir du samedi 19 avril, il sera en effet interdit aux voyageurs au d\u00e9part des pays de l&rsquo;Union europ\u00e9enne, de faire entrer au Royaume-Uni <strong>de la viande et des produits laitiers<\/strong>. <a href=\"https:\/\/www.tf1info.fr\/international\/la-grande-bretagne-interdit-aux-voyageurs-d-entrer-avec-de-la-viande-et-des-produits-laitiers-de-l-union-europeenne-ue-2364809.html\" target=\"_blank\" rel=\"nofollow noopener\">Comme le pr\u00e9cise TF1<\/a>, cette mesure vise \u00e0 pr\u00e9server les exploitations agricoles britanniques d&rsquo;une potentielle \u00e9pid\u00e9mie de fi\u00e8vre aphteuse.<\/p>\n<p>Cette interdiction risque surtout de d\u00e9cevoir <a href=\"https:\/\/www.capital.fr\/votre-argent\/vente-detaxe-touriste-1408914\" rel=\"nofollow noopener\" target=\"_blank\">les touristes<\/a> britanniques qui souhaitent ramener chez eux un souvenir gustatif de leurs vacances, comme du fromage. Mais leur gouvernement \u00aba pris des mesures pour pr\u00e9venir la propagation de la fi\u00e8vre aphteuse suite \u00e0 l\u2019<strong>augmentation du nombre de cas<\/strong> en Europe\u00bb (Allemagne, Hongrie et Slovaquie, notamment) indique Downing Street dans un communiqu\u00e9. Pr\u00e9cisant : \u00abCela comprend l&rsquo;importation de produits tels que <a href=\"https:\/\/www.capital.fr\/conso\/le-meilleur-sandwich-du-monde-est-francais-decouvrez-ou-le-trouver-1510210\" rel=\"nofollow noopener\" target=\"_blank\"><strong>des sandwichs<\/strong><\/a><strong>, <\/strong>du fromage, de la charcuterie, de la viande crue ou du lait au Royaume-Uni, qu&rsquo;ils soient emball\u00e9s ou conditionn\u00e9s\u00bb.<\/p>\n<p>        \u00c0 lire aussi :<br \/>\n        <a class=\"articleToRead-link\" href=\"https:\/\/www.capital.fr\/conso\/pourquoi-ce-fromage-est-il-qualifie-de-plus-dangereux-au-monde-1509127\" data-wide=\"\" rel=\"nofollow noopener\" target=\"_blank\"><br \/>\n            Pourquoi ce fromage est-il qualifi\u00e9 de \u00abplus dangereux au monde\u00bb ?<br \/>\n        <\/a><\/p>\n<p>Pour l&rsquo;heure, aucun cas n&rsquo;a \u00e9t\u00e9 d\u00e9tect\u00e9 en Grande-Bretagne<\/p>\n<p>Le Royaume-Uni n&rsquo;a pas oubli\u00e9 le <strong>traumatisme de 2001<\/strong>. Cette ann\u00e9e-l\u00e0, environ <strong>10 millions d&rsquo;animaux <\/strong>avaient \u00e9t\u00e9 abattus en raison d&rsquo;une \u00e9pid\u00e9mie de fi\u00e8vre aphteuse qui avait co\u00fbt\u00e9 \u00e0 l&rsquo;\u00e9conomie nationale quelque <strong>8 milliards de livres sterling <\/strong>(9,5 milliards d&rsquo;euros). Alors, le pays prend les devants. Car pour l&rsquo;heure, aucun cas n&rsquo;a \u00e9t\u00e9 recens\u00e9, et le gouvernement entend bien faire en sorte que le curseur reste sur z\u00e9ro. Pour rappel, la maladie ne se transmet pas \u00e0 l&rsquo;homme, mais sa propagation parmi les animaux peut donc avoir des r\u00e9percussions \u00e9conomiques colossales.<\/p>\n<p>        Recevez nos derni\u00e8res news<\/p>\n<p>        Chaque matin, <b>l&rsquo;essentiel de l&rsquo;actualit\u00e9 CAPITAL<\/b>.<\/p>\n","protected":false},"excerpt":{"rendered":"Si vous envisagez de partir en Grande-Bretagne, faites attention \u00e0 ce que vous mettez dans vos bagages. A&hellip;\n","protected":false},"author":2,"featured_media":27971,"comment_status":"","ping_status":"","sticky":false,"template":"","format":"standard","meta":{"footnotes":""},"categories":[1588],"tags":[11,1777,674,12,473,1853,602,1851,2475,1850,1852],"class_list":{"0":"post-27970","1":"post","2":"type-post","3":"status-publish","4":"format-standard","5":"has-post-thumbnail","7":"category-royaume-uni","8":"tag-actualites","9":"tag-eu","10":"tag-europe","11":"tag-news","12":"tag-royaume-uni","13":"tag-royaume-uni-de-grande-bretagne-et-dirlande-du-nord","14":"tag-tourisme","15":"tag-uk","16":"tag-union-europu00e9enne","17":"tag-united-kingdom","18":"tag-united-kingdom-of-great-britain-and-northern-ireland"},"share_on_mastodon":{"url":"https:\/\/pubeurope.com\/@fr\/114344814473519320","error":""},"_links":{"self":[{"href":"https:\/\/www.europesays.com\/fr\/wp-json\/wp\/v2\/posts\/27970","targetHints":{"allow":["GET"]}}],"collection":[{"href":"https:\/\/www.europesays.com\/fr\/wp-json\/wp\/v2\/posts"}],"about":[{"href":"https:\/\/www.europesays.com\/fr\/wp-json\/wp\/v2\/types\/post"}],"author":[{"embeddable":true,"href":"https:\/\/www.europesays.com\/fr\/wp-json\/wp\/v2\/users\/2"}],"replies":[{"embeddable":true,"href":"https:\/\/www.europesays.com\/fr\/wp-json\/wp\/v2\/comments?post=27970"}],"version-history":[{"count":0,"href":"https:\/\/www.europesays.com\/fr\/wp-json\/wp\/v2\/posts\/27970\/revisions"}],"wp:featuredmedia":[{"embeddable":true,"href":"https:\/\/www.europesays.com\/fr\/wp-json\/wp\/v2\/media\/27971"}],"wp:attachment":[{"href":"https:\/\/www.europesays.com\/fr\/wp-json\/wp\/v2\/media?parent=27970"}],"wp:term":[{"taxonomy":"category","embeddable":true,"href":"https:\/\/www.europesays.com\/fr\/wp-json\/wp\/v2\/categories?post=27970"},{"taxonomy":"post_tag","embeddable":true,"href":"https:\/\/www.europesays.com\/fr\/wp-json\/wp\/v2\/tags?post=27970"}],"curies":[{"name":"wp","href":"https:\/\/api.w.org\/{rel}","templated":true}]}}