{"id":279708,"date":"2025-07-28T13:56:32","date_gmt":"2025-07-28T13:56:32","guid":{"rendered":"https:\/\/www.europesays.com\/fr\/279708\/"},"modified":"2025-07-28T13:56:32","modified_gmt":"2025-07-28T13:56:32","slug":"une-partie-de-la-droite-parisienne-voit-le-danger-dune-mairie-dirigee-par-le-fan-club-de-dati-liberation","status":"publish","type":"post","link":"https:\/\/www.europesays.com\/fr\/279708\/","title":{"rendered":"\u00abUne partie de la droite parisienne voit le danger d\u2019une mairie dirig\u00e9e par le fan-club de Dati\u00bb \u2013 Lib\u00e9ration"},"content":{"rendered":"<p class=\"sc-ksZaOG ehjQrN text-element\">D\u00e9sign\u00e9 <a href=\"https:\/\/www.liberation.fr\/politique\/municipales-a-paris-le-communiste-ian-brossat-presente-ses-dix-premieres-propositions-20250514_LOYGIMA2WJDJRJL7KYH2ZGXC7M\/\" target=\"_blank\" rel=\"nofollow noopener\" title=\"https:\/\/www.liberation.fr\/politique\/municipales-a-paris-le-communiste-ian-brossat-presente-ses-dix-premieres-propositions-20250514_LOYGIMA2WJDJRJL7KYH2ZGXC7M\/\">chef de file du Parti communiste fran\u00e7ais pour les \u00e9lections municipales de la capitale<\/a>, Ian Brossat estime que les tensions dans la droite parisienne, qui se cristallisent sur la 2e circonscription, sont li\u00e9es \u00e0 la crainte, chez une partie de LR, de laisser \u00e0 Dati trop de pouvoir sur Paris. Le s\u00e9nateur et ancien adjoint d\u2019Anne Hidalgo charg\u00e9 du Logement \u00e0 la mairie appelle la gauche \u00e0 s\u2019unir pour cette partielle mais aussi \u2013 et tr\u00e8s vite \u2013 pour le premier tour de l\u2019\u00e9lection municipale.<\/p>\n<p class=\"sc-ksZaOG ehjQrN text-element\">M\u00eame pour une partie de la droite, <a href=\"https:\/\/www.liberati&lt;\/p&gt;&lt;\/div&gt;&lt;\/article&gt;&lt;\/div&gt;&lt;div data-fusion-lazy-id=\" f0f8vgvlad832fw=\"\" rel=\"nofollow\"><\/p>\n","protected":false},"excerpt":{"rendered":"D\u00e9sign\u00e9 chef de file du Parti communiste fran\u00e7ais pour les \u00e9lections municipales de la capitale, Ian Brossat estime&hellip;\n","protected":false},"author":2,"featured_media":279709,"comment_status":"","ping_status":"","sticky":false,"template":"","format":"standard","meta":{"footnotes":""},"categories":[1888],"tags":[1111,1928,11,1927,1777,674,1011,27,35698,5945,12,1926,626,1925,25198,25],"class_list":{"0":"post-279708","1":"post","2":"type-post","3":"status-publish","4":"format-standard","5":"has-post-thumbnail","7":"category-paris","8":"tag-actu","9":"tag-actu-paris","10":"tag-actualites","11":"tag-actualites-paris","12":"tag-eu","13":"tag-europe","14":"tag-fr","15":"tag-france","16":"tag-ian-brossat","17":"tag-municipales-elections","18":"tag-news","19":"tag-news-paris","20":"tag-paris","21":"tag-paris-news","22":"tag-pcf","23":"tag-republique-francaise"},"share_on_mastodon":{"url":"https:\/\/pubeurope.com\/@fr\/114931209648982217","error":""},"_links":{"self":[{"href":"https:\/\/www.europesays.com\/fr\/wp-json\/wp\/v2\/posts\/279708","targetHints":{"allow":["GET"]}}],"collection":[{"href":"https:\/\/www.europesays.com\/fr\/wp-json\/wp\/v2\/posts"}],"about":[{"href":"https:\/\/www.europesays.com\/fr\/wp-json\/wp\/v2\/types\/post"}],"author":[{"embeddable":true,"href":"https:\/\/www.europesays.com\/fr\/wp-json\/wp\/v2\/users\/2"}],"replies":[{"embeddable":true,"href":"https:\/\/www.europesays.com\/fr\/wp-json\/wp\/v2\/comments?post=279708"}],"version-history":[{"count":0,"href":"https:\/\/www.europesays.com\/fr\/wp-json\/wp\/v2\/posts\/279708\/revisions"}],"wp:featuredmedia":[{"embeddable":true,"href":"https:\/\/www.europesays.com\/fr\/wp-json\/wp\/v2\/media\/279709"}],"wp:attachment":[{"href":"https:\/\/www.europesays.com\/fr\/wp-json\/wp\/v2\/media?parent=279708"}],"wp:term":[{"taxonomy":"category","embeddable":true,"href":"https:\/\/www.europesays.com\/fr\/wp-json\/wp\/v2\/categories?post=279708"},{"taxonomy":"post_tag","embeddable":true,"href":"https:\/\/www.europesays.com\/fr\/wp-json\/wp\/v2\/tags?post=279708"}],"curies":[{"name":"wp","href":"https:\/\/api.w.org\/{rel}","templated":true}]}}