{"id":279712,"date":"2025-07-28T13:58:11","date_gmt":"2025-07-28T13:58:11","guid":{"rendered":"https:\/\/www.europesays.com\/fr\/279712\/"},"modified":"2025-07-28T13:58:11","modified_gmt":"2025-07-28T13:58:11","slug":"lucas-chevalier-pourrait-debarquer-a-paris-la-semaine-prochaine","status":"publish","type":"post","link":"https:\/\/www.europesays.com\/fr\/279712\/","title":{"rendered":"Lucas Chevalier pourrait d\u00e9barquer \u00e0 Paris la semaine prochaine"},"content":{"rendered":"<p>Comme le disait un grand po\u00e8te urbain\u00a0: \u00ab\u00a0<a href=\"https:\/\/x.com\/Niska_Officiel\/status\/1183466493297725440\" rel=\"nofollow\" target=\"_blank\" class=\"color-ultramarine c-link\">ma voiture est ray\u00e9e, j\u2019ach\u00e8te une deuxi\u00e8me<\/a>\u00a0\u00bb. Alors que le dossier Donnarumma ne semble pas avancer d\u2019un pouce, le Paris Saint-Germain fonce \u00e0 toute allure sur son rempla\u00e7ant, en l\u2019occurrence le Lillois Lucas Chevalier.<\/p>\n<p>Selon plusieurs sources allant <a href=\"https:\/\/www.leparisien.fr\/sports\/football\/psg\/mercato-psg-lucas-chevalier-a-paris-des-la-semaine-prochaine-28-07-2025-RACTR4A6G5EUJAWQ4C2DHQQW2M.php\" rel=\"nofollow noopener\" target=\"_blank\" class=\"color-ultramarine c-link\">du quotidien Le Parisien<\/a> \u00e0 <a href=\"https:\/\/www.footmercato.net\/a9156410906663589032-le-psg-avance-bien-pour-lucas-chevalier\" rel=\"nofollow noopener\" target=\"_blank\" class=\"color-ultramarine c-link\">Foot Mercato<\/a> en passant par Fabrizio Romano, les n\u00e9gociations entre le PSG et le Losc sont bien avanc\u00e9es. Chevalier pourrait m\u00eame arriver \u00e0 Paris la semaine prochaine. Le club aimerait l\u2019avoir \u00e0 disposition pour la reprise de l\u2019entra\u00eenement, le 6\u00a0ao\u00fbt.<\/p>\n<\/p>\n<p>Les Dogues, qui chercheraient par ailleurs d\u00e9j\u00e0 un rempla\u00e7ant \u00e0 leur gardien titulaire, en demandent pour un peu plus de 40\u00a0millions d\u2019euros, ce qui ne semble pas d\u00e9ranger outre mesure Nasser Al-Khela\u00effi. Paris reste marqu\u00e9 par l\u2019\u00e9poque du feuilleton Mbapp\u00e9 et semble vouloir \u00e9vacuer rapidement la question du gardien de but. Les deux clubs fran\u00e7ais <a href=\"https:\/\/www.20minutes.fr\/sport\/football\/mercato\/4165469-20250727-mercato-psg-negociations-avancees-entre-paris-lucas-chevalier\" class=\"color-ultramarine c-link\" target=\"_blank\" rel=\"noopener\">discuteraient activement depuis plusieurs jours<\/a>.<\/p>\n<p>Une fois Olivier L\u00e9tang convaincu, les choses devraient s\u2019acc\u00e9l\u00e9rer, car Lucas Chevalier et le PSG auraient trouv\u00e9 un accord de principe sur un contrat de cinq ans. Gigio qui\u00a0? Ligue des champions en poche ou pas, tout va tr\u00e8s vite dans le football.<\/p>\n","protected":false},"excerpt":{"rendered":"Comme le disait un grand po\u00e8te urbain\u00a0: \u00ab\u00a0ma voiture est ray\u00e9e, j\u2019ach\u00e8te une deuxi\u00e8me\u00a0\u00bb. Alors que le dossier&hellip;\n","protected":false},"author":2,"featured_media":279713,"comment_status":"","ping_status":"","sticky":false,"template":"","format":"standard","meta":{"footnotes":""},"categories":[1888],"tags":[11,1777,674,63,1011,27,10528,2854,1435,12,626,2332,25,517],"class_list":{"0":"post-279712","1":"post","2":"type-post","3":"status-publish","4":"format-standard","5":"has-post-thumbnail","7":"category-paris","8":"tag-actualites","9":"tag-eu","10":"tag-europe","11":"tag-football","12":"tag-fr","13":"tag-france","14":"tag-gianluigi-donnarumma","15":"tag-losc-lille","16":"tag-mercato-psg","17":"tag-news","18":"tag-paris","19":"tag-paris-saint-germain-psg","20":"tag-republique-francaise","21":"tag-sport"},"share_on_mastodon":{"url":"https:\/\/pubeurope.com\/@fr\/114931217397860319","error":""},"_links":{"self":[{"href":"https:\/\/www.europesays.com\/fr\/wp-json\/wp\/v2\/posts\/279712","targetHints":{"allow":["GET"]}}],"collection":[{"href":"https:\/\/www.europesays.com\/fr\/wp-json\/wp\/v2\/posts"}],"about":[{"href":"https:\/\/www.europesays.com\/fr\/wp-json\/wp\/v2\/types\/post"}],"author":[{"embeddable":true,"href":"https:\/\/www.europesays.com\/fr\/wp-json\/wp\/v2\/users\/2"}],"replies":[{"embeddable":true,"href":"https:\/\/www.europesays.com\/fr\/wp-json\/wp\/v2\/comments?post=279712"}],"version-history":[{"count":0,"href":"https:\/\/www.europesays.com\/fr\/wp-json\/wp\/v2\/posts\/279712\/revisions"}],"wp:featuredmedia":[{"embeddable":true,"href":"https:\/\/www.europesays.com\/fr\/wp-json\/wp\/v2\/media\/279713"}],"wp:attachment":[{"href":"https:\/\/www.europesays.com\/fr\/wp-json\/wp\/v2\/media?parent=279712"}],"wp:term":[{"taxonomy":"category","embeddable":true,"href":"https:\/\/www.europesays.com\/fr\/wp-json\/wp\/v2\/categories?post=279712"},{"taxonomy":"post_tag","embeddable":true,"href":"https:\/\/www.europesays.com\/fr\/wp-json\/wp\/v2\/tags?post=279712"}],"curies":[{"name":"wp","href":"https:\/\/api.w.org\/{rel}","templated":true}]}}