{"id":279714,"date":"2025-07-28T13:59:20","date_gmt":"2025-07-28T13:59:20","guid":{"rendered":"https:\/\/www.europesays.com\/fr\/279714\/"},"modified":"2025-07-28T13:59:20","modified_gmt":"2025-07-28T13:59:20","slug":"trump-fixe-un-ultimatum-de-10-a-12-jours-a-la-russie-concernant-la-guerre-en-ukraine","status":"publish","type":"post","link":"https:\/\/www.europesays.com\/fr\/279714\/","title":{"rendered":"Trump fixe un ultimatum de 10 \u00e0 12\u00a0jours \u00e0 la Russie concernant la guerre en Ukraine"},"content":{"rendered":"<p>Le pr\u00e9sident am\u00e9ricain Donald Trump a annonc\u00e9 lundi qu&rsquo;il fixait un nouvel ultimatum de 10 ou 12\u00a0jours \u00e0 la Russie au sujet de la guerre en Ukraine, soulignant son exasp\u00e9ration face au pr\u00e9sident russe Vladimir Poutine, qu&rsquo;il accuse de prolonger le conflit entre les deux pays.<\/p>\n<p>\nIntervenant depuis l&rsquo;\u00c9cosse, o\u00f9 il rencontre des dirigeants europ\u00e9ens et s&rsquo;adonne au golf, Trump a exprim\u00e9 sa d\u00e9ception envers Poutine et a d\u00e9cid\u00e9 de raccourcir le d\u00e9lai de 50\u00a0jours qu&rsquo;il avait initialement fix\u00e9 plus t\u00f4t ce mois-ci.<\/p>\n<p>\n\u00ab\u00a0Je vais fixer un nouveau d\u00e9lai d&rsquo;environ&#8230; 10 ou 12\u00a0jours \u00e0 partir d&rsquo;aujourd&rsquo;hui\u00a0\u00bb, a d\u00e9clar\u00e9 Trump aux journalistes lors d&rsquo;une r\u00e9union avec le Premier ministre britannique Keir Starmer. \u00ab\u00a0Il n&rsquo;y a aucune raison d&rsquo;attendre&#8230; Nous ne constatons tout simplement aucun progr\u00e8s.\u00a0\u00bb<\/p>\n<p>\nLe pr\u00e9sident am\u00e9ricain a maintes fois fait part de son agacement envers Poutine, qui poursuit les attaques contre l&rsquo;Ukraine malgr\u00e9 les efforts am\u00e9ricains pour mettre fin \u00e0 la guerre.<\/p>\n<p>\nAvant son retour \u00e0 la Maison Blanche en janvier, Trump, qui se consid\u00e8re comme un artisan de la paix, avait promis de mettre un terme au conflit vieux de trois ans et demi en 24\u00a0heures.<\/p>\n<p>\n\u00ab\u00a0Je suis d\u00e9\u00e7u par le pr\u00e9sident Poutine\u00a0\u00bb, a d\u00e9clar\u00e9 Trump lundi. \u00ab\u00a0Je vais r\u00e9duire ce d\u00e9lai de 50\u00a0jours que je lui avais accord\u00e9, car je pense d\u00e9j\u00e0 savoir comment cela va se terminer.\u00a0\u00bb<\/p>\n<p>\nLe Kremlin n&rsquo;a pas r\u00e9agi dans l&rsquo;imm\u00e9diat.<\/p>\n<p>\nTrump a menac\u00e9 d&rsquo;imposer de nouvelles sanctions \u00e0 la Russie ainsi qu&rsquo;aux acheteurs de ses exportations si aucun accord n&rsquo;est trouv\u00e9 d&rsquo;ici d\u00e9but septembre.<\/p>\n<p>\nCependant, le pr\u00e9sident, qui s&rsquo;est \u00e9galement montr\u00e9 agac\u00e9 par le pr\u00e9sident ukrainien Volodymyr Zelensky, n&rsquo;a pas toujours donn\u00e9 suite \u00e0 ses propos fermes envers Poutine, invoquant la \u00ab\u00a0bonne relation\u00a0\u00bb qu&rsquo;il estime avoir entretenue avec le dirigeant russe par le pass\u00e9.<\/p>\n<p>\n\u00ab\u00a0Nous pensions avoir trouv\u00e9 un accord \u00e0 plusieurs reprises, puis le pr\u00e9sident Poutine recommence \u00e0 lancer des roquettes sur une ville comme Kyiv et tue de nombreuses personnes dans une maison de retraite ou ailleurs\u00a0\u00bb, a d\u00e9clar\u00e9 Trump. \u00ab\u00a0Et je dis que ce n&rsquo;est pas la bonne fa\u00e7on d&rsquo;agir.\u00a0\u00bb<\/p>\n","protected":false},"excerpt":{"rendered":"Le pr\u00e9sident am\u00e9ricain Donald Trump a annonc\u00e9 lundi qu&rsquo;il fixait un nouvel ultimatum de 10 ou 12\u00a0jours \u00e0&hellip;\n","protected":false},"author":2,"featured_media":279715,"comment_status":"","ping_status":"","sticky":false,"template":"","format":"standard","meta":{"footnotes":""},"categories":[1591],"tags":[11,340,1887,12,1885,1886,132],"class_list":{"0":"post-279714","1":"post","2":"type-post","3":"status-publish","4":"format-standard","5":"has-post-thumbnail","7":"category-russie","8":"tag-actualites","9":"tag-bourse","10":"tag-federation-de-russie","11":"tag-news","12":"tag-russia","13":"tag-russian-federation","14":"tag-russie"},"share_on_mastodon":{"url":"https:\/\/pubeurope.com\/@fr\/114931221428137369","error":""},"_links":{"self":[{"href":"https:\/\/www.europesays.com\/fr\/wp-json\/wp\/v2\/posts\/279714","targetHints":{"allow":["GET"]}}],"collection":[{"href":"https:\/\/www.europesays.com\/fr\/wp-json\/wp\/v2\/posts"}],"about":[{"href":"https:\/\/www.europesays.com\/fr\/wp-json\/wp\/v2\/types\/post"}],"author":[{"embeddable":true,"href":"https:\/\/www.europesays.com\/fr\/wp-json\/wp\/v2\/users\/2"}],"replies":[{"embeddable":true,"href":"https:\/\/www.europesays.com\/fr\/wp-json\/wp\/v2\/comments?post=279714"}],"version-history":[{"count":0,"href":"https:\/\/www.europesays.com\/fr\/wp-json\/wp\/v2\/posts\/279714\/revisions"}],"wp:featuredmedia":[{"embeddable":true,"href":"https:\/\/www.europesays.com\/fr\/wp-json\/wp\/v2\/media\/279715"}],"wp:attachment":[{"href":"https:\/\/www.europesays.com\/fr\/wp-json\/wp\/v2\/media?parent=279714"}],"wp:term":[{"taxonomy":"category","embeddable":true,"href":"https:\/\/www.europesays.com\/fr\/wp-json\/wp\/v2\/categories?post=279714"},{"taxonomy":"post_tag","embeddable":true,"href":"https:\/\/www.europesays.com\/fr\/wp-json\/wp\/v2\/tags?post=279714"}],"curies":[{"name":"wp","href":"https:\/\/api.w.org\/{rel}","templated":true}]}}