{"id":279716,"date":"2025-07-28T14:00:18","date_gmt":"2025-07-28T14:00:18","guid":{"rendered":"https:\/\/www.europesays.com\/fr\/279716\/"},"modified":"2025-07-28T14:00:18","modified_gmt":"2025-07-28T14:00:18","slug":"guerre-en-ukraine-trump-reduit-le-delai-de-50-jours-donne-a-poutine-pour-faire-cesser-le-conflit","status":"publish","type":"post","link":"https:\/\/www.europesays.com\/fr\/279716\/","title":{"rendered":"Guerre en Ukraine. Trump r\u00e9duit\u00a0le d\u00e9lai de 50 jours donn\u00e9 \u00e0 Poutine pour faire cesser le conflit"},"content":{"rendered":"<p><a href=\"https:\/\/www.dna.fr\/p\/donald-trump\" target=\"_blank\" rel=\"noopener\">Donald Trump<\/a> a annonc\u00e9 ce lundi qu&rsquo;il allait \u00ab r\u00e9duire \u00bb le <a href=\"https:\/\/www.dna.fr\/defense-guerre-conflit\/2025\/07\/14\/decu-de-poutine-trump-menace-les-allies-de-la-russie-de-droits-de-douane-tres-severes\" target=\"_blank\" rel=\"noopener\">d\u00e9lai de 50 jours donn\u00e9 le 14 juillet<\/a> au pr\u00e9sident russe <a href=\"https:\/\/www.dna.fr\/p\/vladimir-poutine\" target=\"_blank\" rel=\"noopener\">Vladimir Poutine<\/a> pour cesser les hostilit\u00e9s en Ukraine, sous peine de sanctions am\u00e9ricaines s\u00e9v\u00e8res contre la Russie.<\/p>\n<p>\u00ab Tr\u00e8s d\u00e9\u00e7u\u00a0\u00bb<\/p>\n<p>Le pr\u00e9sident am\u00e9ricain, s&rsquo;exprimant depuis Turnberry en \u00c9cosse, s&rsquo;est dit \u00ab tr\u00e8s d\u00e9\u00e7u \u00bb par son homologue russe et a ajout\u00e9 : \u00ab Je vais r\u00e9duire les 50 jours que je lui ai donn\u00e9s pour une dur\u00e9e inf\u00e9rieure.\u00a0\u00bb \u00ab Je fixe une nouvelle date limite d&rsquo;environ 10 ou 12 jours \u00e0 partir d&rsquo;aujourd&rsquo;hui. Il n&rsquo;y a aucune raison d&rsquo;attendre. Nous ne voyons aucun progr\u00e8s \u00bb, a ensuite pr\u00e9cis\u00e9 le pr\u00e9sident am\u00e9ricain.<\/p>\n<p>Dans la foul\u00e9e, l&rsquo;Ukraine a salu\u00e9 la \u00ab fermet\u00e9 \u00bb de Donald Trump. \u00ab Merci au pr\u00e9sident (Donald Trump, ndlr) de faire preuve de fermet\u00e9 et d&rsquo;adresser un message clair de paix par la force \u00bb, s&rsquo;est r\u00e9joui le chef de l&rsquo;administration pr\u00e9sidentielle ukrainienne, Andri\u00ef Iermak, sur X.<\/p>\n","protected":false},"excerpt":{"rendered":"Donald Trump a annonc\u00e9 ce lundi qu&rsquo;il allait \u00ab r\u00e9duire \u00bb le d\u00e9lai de 50 jours donn\u00e9 le&hellip;\n","protected":false},"author":2,"featured_media":279717,"comment_status":"","ping_status":"","sticky":false,"template":"","format":"standard","meta":{"footnotes":""},"categories":[1590],"tags":[11,3206,1777,674,107,329,12,316,220],"class_list":{"0":"post-279716","1":"post","2":"type-post","3":"status-publish","4":"format-standard","5":"has-post-thumbnail","7":"category-ukraine","8":"tag-actualites","9":"tag-defense-guerre-conflit","10":"tag-eu","11":"tag-europe","12":"tag-fil-info","13":"tag-france-monde","14":"tag-news","15":"tag-politique","16":"tag-ukraine"},"share_on_mastodon":{"url":"https:\/\/pubeurope.com\/@fr\/114931225336006489","error":""},"_links":{"self":[{"href":"https:\/\/www.europesays.com\/fr\/wp-json\/wp\/v2\/posts\/279716","targetHints":{"allow":["GET"]}}],"collection":[{"href":"https:\/\/www.europesays.com\/fr\/wp-json\/wp\/v2\/posts"}],"about":[{"href":"https:\/\/www.europesays.com\/fr\/wp-json\/wp\/v2\/types\/post"}],"author":[{"embeddable":true,"href":"https:\/\/www.europesays.com\/fr\/wp-json\/wp\/v2\/users\/2"}],"replies":[{"embeddable":true,"href":"https:\/\/www.europesays.com\/fr\/wp-json\/wp\/v2\/comments?post=279716"}],"version-history":[{"count":0,"href":"https:\/\/www.europesays.com\/fr\/wp-json\/wp\/v2\/posts\/279716\/revisions"}],"wp:featuredmedia":[{"embeddable":true,"href":"https:\/\/www.europesays.com\/fr\/wp-json\/wp\/v2\/media\/279717"}],"wp:attachment":[{"href":"https:\/\/www.europesays.com\/fr\/wp-json\/wp\/v2\/media?parent=279716"}],"wp:term":[{"taxonomy":"category","embeddable":true,"href":"https:\/\/www.europesays.com\/fr\/wp-json\/wp\/v2\/categories?post=279716"},{"taxonomy":"post_tag","embeddable":true,"href":"https:\/\/www.europesays.com\/fr\/wp-json\/wp\/v2\/tags?post=279716"}],"curies":[{"name":"wp","href":"https:\/\/api.w.org\/{rel}","templated":true}]}}