{"id":279718,"date":"2025-07-28T14:01:16","date_gmt":"2025-07-28T14:01:16","guid":{"rendered":"https:\/\/www.europesays.com\/fr\/279718\/"},"modified":"2025-07-28T14:01:16","modified_gmt":"2025-07-28T14:01:16","slug":"un-deal-pas-si-gagnant-pour-donald-trump","status":"publish","type":"post","link":"https:\/\/www.europesays.com\/fr\/279718\/","title":{"rendered":"un deal pas si gagnant pour Donald Trump"},"content":{"rendered":"<p><strong>ANALYSE <\/strong>&#8211; Le compromis arrach\u00e9 par le pr\u00e9sident am\u00e9ricain pourrait \u00eatre invalid\u00e9 dans quelques semaines par la Cour supr\u00eame. Et il n\u2019a pas gagn\u00e9 sur tous les fronts, notamment sur le terrain r\u00e9glementaire.<\/p>\n<p class=\"fig-paragraph\">Donald Trump a d\u00e9cid\u00e9<a href=\"http:\/\/www.lefigaro.fr\/conjoncture\/donald-trump-annonce-un-accord-avec-l-ue-sur-des-droits-de-douane-de-15-20250727\" data-fig-type=\"NewsFlash\" data-gtm-custom-categorie=\"navigation\" data-gtm-custom-action=\"crossclick\" data-gtm-custom-label=\"Contextuel\" data-gtm-event=\"customEventSPE\" data-fig-domain=\"LEFIGARO\" rel=\"nofollow noopener\" target=\"_blank\">\u00a0qu\u2019il avait arrach\u00e9 un \u00ab\u00a0bon deal\u00a0\u00bb avec l\u2019Union europ\u00e9enne, et Ursula von der Leyen lui donne le change.<\/a>\u00a0La valeur juridique de \u00ab\u00a0l\u2019accord\u00a0\u00bb est pourtant douteuse. Conclu sur la base de menaces de sanctions commerciales en vertu d\u2019une loi de 1977 sur \u00ab\u00a0l\u2019urgence \u00e9conomique\u00a0\u00bb qui sont contest\u00e9es devant la Cour supr\u00eame, le compromis pourrait m\u00eame \u00eatre invalid\u00e9 dans quelques semaines\u2026<\/p>\n<p class=\"fig-paragraph\">Il est d\u2019ailleurs, comme pour les autres \u00ab\u00a0deals\u00a0\u00bb plus ou moins officiellement conclus avec le Royaume-Uni, le Japon, l\u2019Indon\u00e9sie et le Vietnam, hors de question que le Congr\u00e8s s\u2019en saisisse et se prononce. Du reste, ses d\u00e9tails ne sont pas encore tous pr\u00e9cis\u00e9s. Les vins et alcools sont-ils couverts\u00a0? Comment mesure-t-on les 600\u00a0milliards de dollars d\u2019investissements promis par l\u2019Europe\u00a0? N\u2019auraient-ils pas \u00e9t\u00e9 d\u00e9cid\u00e9s sans ces menaces de guerre commerciale\u00a0? Quelle est la dur\u00e9e de l\u2019accord d\u2019ensemble\u00a0? Dans trois ans, revient-on au statu quo ant\u00e9rieur\u00a0?\u2026<\/p>\n<p class=\"fig-premium-paywall__infos\">\n        Cet article est r\u00e9serv\u00e9 aux abonn\u00e9s.        Il vous reste 80% \u00e0 d\u00e9couvrir.\n    <\/p>\n<p>                <img  data- alt=\"Le Figaro\" class=\"fig-img--complete fig-img\"\/><\/p>\n<p class=\"fig-premium-paywall__title\">Vous avez envie de lire la suite ?<\/p>\n<p class=\"fig-premium-paywall__subtitle\">D\u00e9bloquez tous les articles imm\u00e9diatement.<\/p>\n<p class=\"fig-premium-paywall__connect\">\n                D\u00e9j\u00e0 abonn\u00e9\u00a0?                <a class=\"fig-premium-paywall__connect-link\" href=\"https:\/\/connect.lefigaro.fr\/login?client=horizon_web&amp;type=main&amp;redirect_uri=https%3A%2F%2Fwww.lefigaro.fr%2Fconjoncture%2Faccord-commercial-entre-l-ue-et-les-etats-unis-un-deal-pas-si-gagnant-pour-donald-trump-20250728\" data-js-gtm=\"{&quot;customCategorie&quot;: &quot;conversion&quot;, &quot;customAction&quot;: &quot;before_Landing_Connexion_paywall_auto&quot;, &quot;customLabel&quot;: &quot;bGVmaWdhcm8uZnJfXzFmMDZiOWJkLTAwNDEtNjlhYS1iY2RlLTZkYTY5OTg4NWI4MF9fQXJ0aWNsZQ==_Accord commercial entre l\u2019UE et les \u00c9tats-Unis\u00a0: un deal pas si gagnant pour Donald Trump_578&quot;, &quot;customIDSPE&quot;: &quot;bGVmaWdhcm8uZnJfXzFmMDZiOWJkLTAwNDEtNjlhYS1iY2RlLTZkYTY5OTg4NWI4MF9fQXJ0aWNsZQ==&quot;, &quot;event&quot;: &quot;customEventSPE&quot;}\" rel=\"nofollow noopener\" target=\"_blank\"><br \/>\n                    Connectez-vous<br \/>\n                <\/a>\n            <\/p>\n","protected":false},"excerpt":{"rendered":"ANALYSE &#8211; Le compromis arrach\u00e9 par le pr\u00e9sident am\u00e9ricain pourrait \u00eatre invalid\u00e9 dans quelques semaines par la Cour&hellip;\n","protected":false},"author":2,"featured_media":279719,"comment_status":"","ping_status":"","sticky":false,"template":"","format":"standard","meta":{"footnotes":""},"categories":[1589],"tags":[11,75,73,1866,12,1864,1865,1863,308],"class_list":{"0":"post-279718","1":"post","2":"type-post","3":"status-publish","4":"format-standard","5":"has-post-thumbnail","7":"category-etats-unis","8":"tag-actualites","9":"tag-donald-trump","10":"tag-etats-unis","11":"tag-etats-unis-damerique","12":"tag-news","13":"tag-united-states","14":"tag-united-states-of-america","15":"tag-us","16":"tag-usa"},"share_on_mastodon":{"url":"https:\/\/pubeurope.com\/@fr\/114931229285947299","error":""},"_links":{"self":[{"href":"https:\/\/www.europesays.com\/fr\/wp-json\/wp\/v2\/posts\/279718","targetHints":{"allow":["GET"]}}],"collection":[{"href":"https:\/\/www.europesays.com\/fr\/wp-json\/wp\/v2\/posts"}],"about":[{"href":"https:\/\/www.europesays.com\/fr\/wp-json\/wp\/v2\/types\/post"}],"author":[{"embeddable":true,"href":"https:\/\/www.europesays.com\/fr\/wp-json\/wp\/v2\/users\/2"}],"replies":[{"embeddable":true,"href":"https:\/\/www.europesays.com\/fr\/wp-json\/wp\/v2\/comments?post=279718"}],"version-history":[{"count":0,"href":"https:\/\/www.europesays.com\/fr\/wp-json\/wp\/v2\/posts\/279718\/revisions"}],"wp:featuredmedia":[{"embeddable":true,"href":"https:\/\/www.europesays.com\/fr\/wp-json\/wp\/v2\/media\/279719"}],"wp:attachment":[{"href":"https:\/\/www.europesays.com\/fr\/wp-json\/wp\/v2\/media?parent=279718"}],"wp:term":[{"taxonomy":"category","embeddable":true,"href":"https:\/\/www.europesays.com\/fr\/wp-json\/wp\/v2\/categories?post=279718"},{"taxonomy":"post_tag","embeddable":true,"href":"https:\/\/www.europesays.com\/fr\/wp-json\/wp\/v2\/tags?post=279718"}],"curies":[{"name":"wp","href":"https:\/\/api.w.org\/{rel}","templated":true}]}}