{"id":279720,"date":"2025-07-28T14:02:16","date_gmt":"2025-07-28T14:02:16","guid":{"rendered":"https:\/\/www.europesays.com\/fr\/279720\/"},"modified":"2025-07-28T14:02:16","modified_gmt":"2025-07-28T14:02:16","slug":"les-manifestations-contre-les-hotels-pour-demandeurs-dasile-se-multiplient","status":"publish","type":"post","link":"https:\/\/www.europesays.com\/fr\/279720\/","title":{"rendered":"les manifestations contre les h\u00f4tels pour demandeurs d\u2019asile se multiplient"},"content":{"rendered":"<p>Pour le troisi\u00e8me dimanche d\u2019affil\u00e9e, Epping s\u2019est retrouv\u00e9e le 27\u00a0juillet au centre de fortes tensions autour de la pr\u00e9sence de demandeurs d\u2019asile dans un h\u00f4tel de cette bourgade du comt\u00e9 de l\u2019Essex, au nord-est de Londres.\u00a0Parqu\u00e9s dans deux espaces s\u00e9par\u00e9s d\u2019une dizaine de m\u00e8tres et surveill\u00e9s par des centaines d\u2019agents de police, qui ont vite mis fin aux \u00e9chauffour\u00e9es initiales, plusieurs milliers d\u2019activistes favorables aux demandeurs d\u2019asile et de manifestants anti-immigration se sont \u00e9charp\u00e9s et ont chant\u00e9 pendant plusieurs heures. Aux slogans \u00ab\u00a0Les r\u00e9fugi\u00e9s sont bienvenus ici\u00a0\u00bb et \u00ab\u00a0<a href=\"https:\/\/www.la-croix.com\/international\/royaume-uni-dans-la-banlieue-de-birmingham-le-discours-de-farage-seduit-et-inquiete-20240920\" data-tracking=\"inpage_click\" data-tracking-action=\"suivre un lien dans l&#039;article\" data-tracking-category=\"engagement\" rel=\"nofollow noopener\" target=\"_blank\">Nigel Farage<\/a>, tu es un raciste\u00a0\u00bb des premiers, les seconds r\u00e9pondaient \u00ab\u00a0Prot\u00e9geons nos enfants\u00a0\u00bb, \u00ab\u00a0Arr\u00eatons les bateaux\u00a0\u00bb.<\/p>\n<p>Cet article est r\u00e9serv\u00e9 aux abonn\u00e9s<\/p>\n<p>\n                    Vous souhaitez lire la suite\u00a0? Abonnez-vous sans engagement \u00e0 notre offre num\u00e9rique\n                <\/p>\n<p>                <a href=\"https:\/\/www.la-croix.com\/abonnement\" class=\"default-paywall__subscribe-button\" data-tracking=\"cta_click\" data-tracking-action=\"voir la page abonnement\" data-tracking-category=\"abonnement\" rel=\"nofollow noopener\" target=\"_blank\">Je m&rsquo;abonne<\/a><\/p>\n","protected":false},"excerpt":{"rendered":"Pour le troisi\u00e8me dimanche d\u2019affil\u00e9e, Epping s\u2019est retrouv\u00e9e le 27\u00a0juillet au centre de fortes tensions autour de la&hellip;\n","protected":false},"author":2,"featured_media":279721,"comment_status":"","ping_status":"","sticky":false,"template":"","format":"standard","meta":{"footnotes":""},"categories":[1588],"tags":[11,1777,674,12,473,1853,1851,1850,1852],"class_list":{"0":"post-279720","1":"post","2":"type-post","3":"status-publish","4":"format-standard","5":"has-post-thumbnail","7":"category-royaume-uni","8":"tag-actualites","9":"tag-eu","10":"tag-europe","11":"tag-news","12":"tag-royaume-uni","13":"tag-royaume-uni-de-grande-bretagne-et-dirlande-du-nord","14":"tag-uk","15":"tag-united-kingdom","16":"tag-united-kingdom-of-great-britain-and-northern-ireland"},"share_on_mastodon":{"url":"https:\/\/pubeurope.com\/@fr\/114931233127206118","error":""},"_links":{"self":[{"href":"https:\/\/www.europesays.com\/fr\/wp-json\/wp\/v2\/posts\/279720","targetHints":{"allow":["GET"]}}],"collection":[{"href":"https:\/\/www.europesays.com\/fr\/wp-json\/wp\/v2\/posts"}],"about":[{"href":"https:\/\/www.europesays.com\/fr\/wp-json\/wp\/v2\/types\/post"}],"author":[{"embeddable":true,"href":"https:\/\/www.europesays.com\/fr\/wp-json\/wp\/v2\/users\/2"}],"replies":[{"embeddable":true,"href":"https:\/\/www.europesays.com\/fr\/wp-json\/wp\/v2\/comments?post=279720"}],"version-history":[{"count":0,"href":"https:\/\/www.europesays.com\/fr\/wp-json\/wp\/v2\/posts\/279720\/revisions"}],"wp:featuredmedia":[{"embeddable":true,"href":"https:\/\/www.europesays.com\/fr\/wp-json\/wp\/v2\/media\/279721"}],"wp:attachment":[{"href":"https:\/\/www.europesays.com\/fr\/wp-json\/wp\/v2\/media?parent=279720"}],"wp:term":[{"taxonomy":"category","embeddable":true,"href":"https:\/\/www.europesays.com\/fr\/wp-json\/wp\/v2\/categories?post=279720"},{"taxonomy":"post_tag","embeddable":true,"href":"https:\/\/www.europesays.com\/fr\/wp-json\/wp\/v2\/tags?post=279720"}],"curies":[{"name":"wp","href":"https:\/\/api.w.org\/{rel}","templated":true}]}}