{"id":279722,"date":"2025-07-28T14:03:13","date_gmt":"2025-07-28T14:03:13","guid":{"rendered":"https:\/\/www.europesays.com\/fr\/279722\/"},"modified":"2025-07-28T14:03:13","modified_gmt":"2025-07-28T14:03:13","slug":"laccord-douanier-entre-bruxelles-et-washington-laisse-lallemagne-entre-soulagement-et-amertume","status":"publish","type":"post","link":"https:\/\/www.europesays.com\/fr\/279722\/","title":{"rendered":"L\u2019accord douanier entre Bruxelles et Washington laisse l\u2019Allemagne entre soulagement et amertume"},"content":{"rendered":"<p>\u00abQuand on attend un ouragan, on se satisfait d\u2019un orage.\u00bb Cette image employ\u00e9e par un repr\u00e9sentant de la F\u00e9d\u00e9ration de la chimie allemande r\u00e9sume \u00e0 elle seule l\u2019\u00e9tat d\u2019esprit des milieux \u00e9conomiques et politiques du pays, au lendemain de l\u2019annonce d\u2019un accord douanier entre les Etats-Unis et l\u2019Union europ\u00e9enne. Les enjeux \u00e9taient de taille pour l\u2019\u00e9conomie allemande dont 10% des exportations se dirigent vers les Etats-Unis, son premier partenaire commercial, et jusqu\u2019\u00e0 13% pour la tr\u00e8s puissante industrie automobile. C\u2019est donc avec un certain soulagement que les repr\u00e9sentants de ce secteur ont accueilli une baisse des droits de douane, de 27,5% depuis mars aux 15% obtenus dimanche. Une petite satisfaction qui poussait Hildegard M\u00fcller, pr\u00e9sidente de cette f\u00e9d\u00e9ration (VDA), \u00e0 remercier les efforts de la Commission europ\u00e9enne et du chancelier. Friedrich Merz a en effet milit\u00e9 ces derni\u00e8res semaines pour une solution rapide afin de limiter les d\u00e9g\u00e2ts.<\/p>\n<p>Lire aussi: <a href=\"https:\/\/www.letemps.ch\/articles\/le-pouce-leve-d-ursula-von-der-leyen-symbole-de-la-capitulation-de-l-ue-face-a-donald-trump\" target=\"_blank\" rel=\"noopener\">Le pouce lev\u00e9 d\u2019Ursula von der Leyen, symbole de la \u00abcapitulation\u00bb de l\u2019UE face \u00e0 Donald Trump<\/a>  <\/p>\n","protected":false},"excerpt":{"rendered":"\u00abQuand on attend un ouragan, on se satisfait d\u2019un orage.\u00bb Cette image employ\u00e9e par un repr\u00e9sentant de la&hellip;\n","protected":false},"author":2,"featured_media":279723,"comment_status":"","ping_status":"","sticky":false,"template":"","format":"standard","meta":{"footnotes":""},"categories":[1587],"tags":[11,672,1804,1805,1803,75,1777,674,1801,12,301,1802],"class_list":{"0":"post-279722","1":"post","2":"type-post","3":"status-publish","4":"format-standard","5":"has-post-thumbnail","7":"category-allemagne","8":"tag-actualites","9":"tag-allemagne","10":"tag-bundesrepublik-deutschland","11":"tag-de","12":"tag-deutschland","13":"tag-donald-trump","14":"tag-eu","15":"tag-europe","16":"tag-germany","17":"tag-news","18":"tag-premium","19":"tag-republique-federale-dallemagne"},"share_on_mastodon":{"url":"https:\/\/pubeurope.com\/@fr\/114931237064422823","error":""},"_links":{"self":[{"href":"https:\/\/www.europesays.com\/fr\/wp-json\/wp\/v2\/posts\/279722","targetHints":{"allow":["GET"]}}],"collection":[{"href":"https:\/\/www.europesays.com\/fr\/wp-json\/wp\/v2\/posts"}],"about":[{"href":"https:\/\/www.europesays.com\/fr\/wp-json\/wp\/v2\/types\/post"}],"author":[{"embeddable":true,"href":"https:\/\/www.europesays.com\/fr\/wp-json\/wp\/v2\/users\/2"}],"replies":[{"embeddable":true,"href":"https:\/\/www.europesays.com\/fr\/wp-json\/wp\/v2\/comments?post=279722"}],"version-history":[{"count":0,"href":"https:\/\/www.europesays.com\/fr\/wp-json\/wp\/v2\/posts\/279722\/revisions"}],"wp:featuredmedia":[{"embeddable":true,"href":"https:\/\/www.europesays.com\/fr\/wp-json\/wp\/v2\/media\/279723"}],"wp:attachment":[{"href":"https:\/\/www.europesays.com\/fr\/wp-json\/wp\/v2\/media?parent=279722"}],"wp:term":[{"taxonomy":"category","embeddable":true,"href":"https:\/\/www.europesays.com\/fr\/wp-json\/wp\/v2\/categories?post=279722"},{"taxonomy":"post_tag","embeddable":true,"href":"https:\/\/www.europesays.com\/fr\/wp-json\/wp\/v2\/tags?post=279722"}],"curies":[{"name":"wp","href":"https:\/\/api.w.org\/{rel}","templated":true}]}}