{"id":279726,"date":"2025-07-28T14:05:10","date_gmt":"2025-07-28T14:05:10","guid":{"rendered":"https:\/\/www.europesays.com\/fr\/279726\/"},"modified":"2025-07-28T14:05:10","modified_gmt":"2025-07-28T14:05:10","slug":"droits-de-douane-face-a-trump-les-fausses-notes-de-lue-leditorial-de-gael-de-santis-28-juillet-2025","status":"publish","type":"post","link":"https:\/\/www.europesays.com\/fr\/279726\/","title":{"rendered":"Droits de douane : face \u00e0 Trump, les fausses notes de l\u2019UE &#8211; L&rsquo;\u00e9ditorial de Ga\u00ebl de Santis &#8211; 28 juillet 2025"},"content":{"rendered":"<p>L\u2019adage \u00ab\u00a0L\u2019union fait la force\u00a0\u00bb ne s\u2019applique pas \u00e0 l\u2019Union europ\u00e9enne (UE). La pr\u00e9sidente de la Commission, Ursula von\u00a0der\u00a0Leyen, a consenti, dimanche, \u00e0 un accord avec Donald Trump qui l\u00e8se le bloc europ\u00e9en. Une petite musique sonne faux\u00a0: unis, les Europ\u00e9ens p\u00e8seraient davantage. Faute d\u2019entamer un bras de fer collectif avec Washington, les droits de douane des exportations des Vingt-Sept vers les \u00c9tats-Unis seront de 15\u00a0% quand le Royaume-Uni, qui a n\u00e9goci\u00e9 seul, ne s\u2019acquittera que de 10\u00a0%. <\/p>\n<p>Un autre couplet ne convainc plus\u00a0: premier march\u00e9 europ\u00e9en, l\u2019UE pourrait user de sa coh\u00e9sion pour \u00eatre une \u00ab\u00a0puissance r\u00e9glementaire\u00a0\u00bb au niveau mondial. \u00c0 rebours des engagements de la lutte contre le\u00a0r\u00e9chauffement climatique, von der Leyen a engag\u00e9 les Europ\u00e9ens dans l\u2019achat d\u2019hydrocarbures am\u00e9ricains. Une part de ces ressources fossiles provient de sables bitumineux, ultrapolluants et qui ne sont pas exploit\u00e9s en Europe.<\/p>\n<p>L\u2019UE ne p\u00e8se pas parce qu\u2019elle fait le choix de ne pas peser. Le disque selon lequel le bloc europ\u00e9en promeut des valeurs humaines et d\u00e9mocratiques est, lui aussi, ray\u00e9. Le 15\u00a0juillet, faute d\u2019unanimit\u00e9, les 27 n\u2019ont pas suspendu l\u2019accord d\u2019association avec Isra\u00ebl, dont le blocus affame la population gazaouie. Il avait suffi de quelques jours pour sanctionner la Russie apr\u00e8s l\u2019annexion de la Crim\u00e9e.\u00a0Ce\u00a0deux poids deux mesures d\u00e9cr\u00e9dibilise aux yeux des peuples du Sud le discours sur le respect du \u00ab\u00a0droit international\u00a0\u00bb si souvent entonn\u00e9 par l\u2019Europe, mais quand cela l\u2019arrange.<\/p>\n<p>En politique ext\u00e9rieure comme en politique commerciale, l\u2019Union europ\u00e9enne paie sa d\u00e9pendance vis-\u00e0-vis des \u00c9tats-Unis. Apr\u00e8s cette capitulation sans conditions aux injonctions de Donald Trump, il faudra bien trouver de nouveaux d\u00e9bouch\u00e9s aux entreprises qui exportaient jusqu\u2019alors outre-Atlantique. Deux rem\u00e8des \u00e0 cela\u00a0: une v\u00e9ritable coop\u00e9ration avec les pays du Sud peu compatible avec le campisme occidental de l\u2019UE, et une relance de la consommation int\u00e9rieure aujourd\u2019hui contraire \u00e0 ses politiques aust\u00e9ritaires et libre-\u00e9changistes.<\/p>\n<p><strong>Oui, on s\u2019en doute\u00a0: vous en avez assez<\/strong><\/p>\n<p>Voir ces messages d\u2019appel au don, \u00e7a peut \u00eatre p\u00e9nible. Nous le savons. Et on doit bien vous avouer que nous pr\u00e9f\u00e9rerions ne pas avoir \u00e0 les \u00e9crire\u2026<\/p>\n<p>Mais voil\u00e0\u00a0: c\u2019est crucial pour l\u2019Humanit\u00e9. Si ce titre existe toujours aujourd\u2019hui, c\u2019est gr\u00e2ce au financement r\u00e9gulier de nos lectrices et lecteurs.<\/p>\n<ul class=\"wp-block-list\">\n<li>C\u2019est gr\u00e2ce \u00e0 votre soutien que nous pouvons exercer notre m\u00e9tier avec passion. Nous ne d\u00e9pendons ni des int\u00e9r\u00eats d\u2019un propri\u00e9taire milliardaire, ni de pressions politiques : <strong>personne ne nous dicte ce que nous devons dire ou taire<\/strong>.<\/li>\n<\/ul>\n<ul class=\"wp-block-list\">\n<li>Votre engagement nous lib\u00e8re aussi de la course aux clics et \u00e0 l\u2019audience. <strong>Plut\u00f4t que de chercher \u00e0 capter l\u2019attention \u00e0 tout prix, nous choisissons de traiter les sujets que notre r\u00e9daction juge essentiels<\/strong>\u00a0: parce qu\u2019ils m\u00e9ritent d\u2019\u00eatre lus, compris, partag\u00e9s. Parce que nous estimons qu\u2019ils vous seront utiles<\/li>\n<\/ul>\n<p>\u00c0 l\u2019heure actuelle, <strong>moins d\u2019un quart des lectrices et lecteurs<\/strong> qui viennent plus de 3\u00a0fois sur le site par semaine nous aident \u00e0 financer notre travail, par leur abonnement ou par leurs dons. Si vous voulez prot\u00e9ger le journalisme ind\u00e9pendant, <strong>s\u2019il vous pla\u00eet, rejoignez-les<\/strong>.<\/p>\n","protected":false},"excerpt":{"rendered":"L\u2019adage \u00ab\u00a0L\u2019union fait la force\u00a0\u00bb ne s\u2019applique pas \u00e0 l\u2019Union europ\u00e9enne (UE). La pr\u00e9sidente de la Commission, Ursula&hellip;\n","protected":false},"author":2,"featured_media":279727,"comment_status":"","ping_status":"","sticky":false,"template":"","format":"standard","meta":{"footnotes":""},"categories":[1586],"tags":[41908,11,215,75,8195,1073,1777,674,1779,1011,27,12,25,1778,364,2475,2544],"class_list":{"0":"post-279726","1":"post","2":"type-post","3":"status-publish","4":"format-standard","5":"has-post-thumbnail","7":"category-europe","8":"tag-accord-transatlantique","9":"tag-actualites","10":"tag-commerce","11":"tag-donald-trump","12":"tag-editorial","13":"tag-emmanuel-macron","14":"tag-eu","15":"tag-europe","16":"tag-european-union","17":"tag-fr","18":"tag-france","19":"tag-news","20":"tag-republique-francaise","21":"tag-ue","22":"tag-union-europeenne","23":"tag-union-europu00e9enne","24":"tag-ursula-von-der-leyen"},"share_on_mastodon":{"url":"https:\/\/pubeurope.com\/@fr\/114931244955318846","error":""},"_links":{"self":[{"href":"https:\/\/www.europesays.com\/fr\/wp-json\/wp\/v2\/posts\/279726","targetHints":{"allow":["GET"]}}],"collection":[{"href":"https:\/\/www.europesays.com\/fr\/wp-json\/wp\/v2\/posts"}],"about":[{"href":"https:\/\/www.europesays.com\/fr\/wp-json\/wp\/v2\/types\/post"}],"author":[{"embeddable":true,"href":"https:\/\/www.europesays.com\/fr\/wp-json\/wp\/v2\/users\/2"}],"replies":[{"embeddable":true,"href":"https:\/\/www.europesays.com\/fr\/wp-json\/wp\/v2\/comments?post=279726"}],"version-history":[{"count":0,"href":"https:\/\/www.europesays.com\/fr\/wp-json\/wp\/v2\/posts\/279726\/revisions"}],"wp:featuredmedia":[{"embeddable":true,"href":"https:\/\/www.europesays.com\/fr\/wp-json\/wp\/v2\/media\/279727"}],"wp:attachment":[{"href":"https:\/\/www.europesays.com\/fr\/wp-json\/wp\/v2\/media?parent=279726"}],"wp:term":[{"taxonomy":"category","embeddable":true,"href":"https:\/\/www.europesays.com\/fr\/wp-json\/wp\/v2\/categories?post=279726"},{"taxonomy":"post_tag","embeddable":true,"href":"https:\/\/www.europesays.com\/fr\/wp-json\/wp\/v2\/tags?post=279726"}],"curies":[{"name":"wp","href":"https:\/\/api.w.org\/{rel}","templated":true}]}}