{"id":279730,"date":"2025-07-28T14:07:10","date_gmt":"2025-07-28T14:07:10","guid":{"rendered":"https:\/\/www.europesays.com\/fr\/279730\/"},"modified":"2025-07-28T14:07:10","modified_gmt":"2025-07-28T14:07:10","slug":"pourquoi-sydney-sweeney-se-retrouve-embourbee-dans-une-polemique-apres-cette-pub-pour-des-jeans","status":"publish","type":"post","link":"https:\/\/www.europesays.com\/fr\/279730\/","title":{"rendered":"Pourquoi Sydney Sweeney se retrouve embourb\u00e9e dans une pol\u00e9mique apr\u00e8s cette pub pour des jeans"},"content":{"rendered":"<p>        <img decoding=\"async\" loading=\"lazy\" src=\"https:\/\/www.europesays.com\/fr\/wp-content\/uploads\/2025\/07\/eb5eeab_upload-1-grubpgv4xods-afp-20250611-2219521334-v3-highres-echovalleyeuropeanpremierearrivals..jpeg\"  width=\"728\" height=\"409\" alt=\"Sydney Sweeney, ici au mois de juin 2025, \u00e0 Londres.\"\/>  <\/p>\n<p>STUART C. WILSON \/ Getty Images via AFP<\/p>\n<p>Sydney Sweeney, ici au mois de juin 2025, \u00e0 Londres.<\/p>\n<p class=\"asset asset-text\">PEOPLE &#8211; <a href=\"https:\/\/www.huffingtonpost.fr\/people\/article\/sydney-sweeney-a-trouve-une-nouvelle-facon-de-faire-fortune-digne-de-gwyneth-paltrow_250701.html\" target=\"_blank\" rel=\"noopener\">Sydney Sweeney<\/a>, en pantalon patte d\u2019eph, s\u2019essuie les mains sur les fesses apr\u00e8s avoir ferm\u00e9 le capot de sa <a href=\"https:\/\/www.huffingtonpost.fr\/life\/article\/sur-la-route-ou-pendant-les-vacances-10-podcasts-a-ecouter-en-famille-pour-les-enfants-et-les-parents-clx1_250593.html\" target=\"_blank\" rel=\"noopener\">voiture<\/a>. Ailleurs, elle d\u00e9file devant son miroir, toujours dans un jean moulant. Ces images, ce sont celles de la nouvelle campagne de la marque de <a href=\"https:\/\/www.huffingtonpost.fr\/life\/article\/recyclage-don-poubelle-alors-que-les-bornes-debordent-que-faire-de-ses-vetements-usages_247738.html\" target=\"_blank\" rel=\"noopener\">v\u00eatements<\/a> American Eagle qui, depuis sa sortie dans le courant du mois, suscite bien des critiques.<\/p>\n<p class=\"asset asset-text\">Il n\u2019est pas question, ici, d\u2019hypersexualisation, mais d\u2019eug\u00e9nisme. En cause notamment, le nom de cette campagne baptis\u00e9e \u00ab\u00a0Sydney Sweeney Has Great Jeans\u00a0\u00bb (en fran\u00e7ais\u00a0: \u00ab\u00a0Sydney Sweeney a de bons jeans\u00a0\u00bb). Un slogan dont la prononciation phon\u00e9tique anglaise du mot \u00ab\u00a0jean\u00a0\u00bb ressemble \u00e0 celle du mot \u00ab\u00a0gene\u00a0\u00bb (\u00ab\u00a0g\u00e8ne\u00a0\u00bb, en fran\u00e7ais).<\/p>\n<p class=\"asset asset-text\">La phrase a non seulement \u00e9t\u00e9 utilis\u00e9e sur les r\u00e9seaux sociaux de la griffe am\u00e9ricaine, mais aussi sur de gigantesques panneaux d\u2019affiche en plein Times Square \u00e0 New York et \u00e0 Las Vegas, pointe du doigt le magazine <a href=\"https:\/\/www.salon.com\/2025\/07\/27\/sydney-sweeneys-new-campaign-draws-fire-for-racial-undertones\/\" target=\"_blank\" rel=\"noopener\" title=\"Nouvelle fen\u00eatre\">Salon<\/a>, selon qui le potentiel jeu de mots avec l\u2019expression \u00ab\u00a0great genes\u00a0\u00bb &#8211; utilis\u00e9e historiquement pour c\u00e9l\u00e9brer la blancheur, la minceur et l\u2019attirance d\u2019une personne &#8211; est plus que maladroit.<\/p>\n<p> La lecture de ce contenu est susceptible d\u2019entra\u00eener un d\u00e9p\u00f4t de cookies de la part de l\u2019op\u00e9rateur tiers qui l\u2019h\u00e9berge. Compte-tenu des choix que vous avez exprim\u00e9s en mati\u00e8re de d\u00e9p\u00f4t de cookies, nous avons bloqu\u00e9 l\u2019affichage de ce contenu. Si vous souhaitez y acc\u00e9der, vous devez accepter la cat\u00e9gorie de cookies \u201cContenus tiers\u201d en cliquant sur le bouton ci-dessous. <\/p>\n<p> Lire la Vid\u00e9o        <\/p>\n<p class=\"asset asset-text\">Aux \u00c9tats-Unis, le d\u00e9terminisme g\u00e9n\u00e9tique a longtemps \u00e9t\u00e9 utilis\u00e9 par l\u2019extr\u00eame droite (dont Donald Trump) pour justifier la violence, rappelle cet article du <a href=\"https:\/\/www.theguardian.com\/commentisfree\/2024\/dec\/30\/donald-trump-elon-musk-genetics-science-right\" target=\"_blank\" rel=\"noopener\" title=\"Nouvelle fen\u00eatre\">Guardian<\/a>, comme en 2022\u00a0lorsqu\u2019un tireur \u00e0 Buffalo, dans l\u2019\u00c9tat de New York, a invoqu\u00e9 la g\u00e9n\u00e9tique pour justifier une fusillade de masse \u00e0 caract\u00e8re raciste, disant s\u2019\u00eatre inspir\u00e9 de plusieurs th\u00e9ories conspirationnistes, dont celle du \u00ab\u00a0grand remplacement\u00a0\u00bb.<\/p>\n<p>                     Sydney Sweeney\u00a0: \u00ab\u00a0mes g\u00e8nes sont bleus\u00a0\u00bb    <\/p>\n<p class=\"asset asset-text\">Dans une vid\u00e9o d\u2019American Eagle, souligne \u00e0 son tour le <a href=\"https:\/\/www.dailymail.co.uk\/tvshowbiz\/article-14945609\/sydney-sweeney-woke-backlash-american-eagle.html\" target=\"_blank\" rel=\"noopener\" title=\"Nouvelle fen\u00eatre\">Daily Mail<\/a>, Sydney Sweeney appara\u00eet \u00e9galement en train de r\u00e9fl\u00e9chir en reboutonnant son pantalon. \u00ab\u00a0Les g\u00e8nes sont transmis des parents \u00e0 leurs enfants, d\u00e9terminant souvent des traits tels que la couleur des cheveux, la personnalit\u00e9 et m\u00eame la couleur des yeux\u2026 Mes g\u00e8nes sont bleus\u00a0\u00bb, souffle-t-elle.<\/p>\n<p class=\"asset asset-text\">\u00ab\u00a0La composition de mon corps est d\u00e9termin\u00e9e par mes g\u00e8nes\u00a0\u00bb, d\u00e9clare-t-elle dans une seconde vid\u00e9o. Avant de s\u2019exclamer\u00a0en voyant la cam\u00e9ra filmer sa poitrine\u00a0: \u00ab\u00a0Hey, regardez par ici.\u00a0\u00bb Les deux s\u00e9quences, signal\u00e9es pourtant ce m\u00eame lundi par le quotidien britannique, n\u2019apparaissent d\u00e9j\u00e0 plus sur les comptes Instagram et TikTok d\u2019American Eagle.<\/p>\n<p class=\"asset asset-text\">Dans les commentaires de celles encore visibles, bien des personnes s\u2019alarment. \u00ab\u00a0Peut-\u00eatre faudrait-il penser \u00e0 changer votre nom pour celui d\u2019Aryan Eagle\u00a0\u00bb, d\u00e9nonce l\u2019une d\u2019entre elles. \u00ab\u00a0Il est temps de boycotter American Eagle\u00a0\u00bb, estime quelqu\u2019un d\u2019autre. Un \u00e9ni\u00e8me salue ironiquement le \u00ab\u00a0bon boulot\u00a0\u00bb des \u00e9quipes pour lui avoir donn\u00e9 envie de filer chez Levi\u2019s.<\/p>\n<p class=\"asset asset-text\">Ces avis ne sont en revanche pas partag\u00e9s par tout le monde. D\u2019apr\u00e8s <a href=\"https:\/\/www.lefigaro.fr\/societes\/le-wokisme-est-mort-american-eagle-flambe-en-bourse-apres-une-campagne-de-pub-avec-l-actrice-sydney-sweeney-20250726\" target=\"_blank\" rel=\"noopener\" title=\"Nouvelle fen\u00eatre\">Le Figaro<\/a>, d\u2019autres semblent plus enthousiastes, \u00e0 l\u2019image de Zia Yusuf. L\u2019homme d\u2019affaires britannique anciennement \u00e0 la t\u00eate du parti d\u2019extr\u00eame droite Reform UK d\u00e9clare sur X\u00a0que \u00ab\u00a0le wokisme est \u00e0 bout de souffle\u00a0\u00bb, incitant Jaguar \u00e0 faire de m\u00eame. Le constructeur automobile s\u2019est fait lyncher par les sph\u00e8res conservatrices \u00e0 l\u2019initiative d\u2019Elon Musk pour une publicit\u00e9 jug\u00e9e trop audacieuse en fin d\u2019ann\u00e9e derni\u00e8re.<\/p>\n<p>    American Eagle bondit \u00e0 Wall Street    <\/p>\n<p class=\"asset asset-text\">Pour American Eagle, qui voulait r\u00e9viser ses pr\u00e9visions annuelles apr\u00e8s une chute de 35\u00a0% \u00e0 Wall Street sur l\u2019ann\u00e9e derni\u00e8re, le d\u00e9bat a des retomb\u00e9es positives. D\u2019apr\u00e8s <a href=\"https:\/\/www.reuters.com\/business\/media-telecom\/great-jeans-sydney-sweeney-campaign-fuels-american-eagle-rally-2025-07-24\/\" target=\"_blank\" rel=\"noopener\" title=\"Nouvelle fen\u00eatre\">Reuters<\/a>, la marque de v\u00eatements, qui r\u00e9alise ici la campagne la plus ch\u00e8re de son histoire, a vu ses activit\u00e9s boursi\u00e8res bondir de plus de 10\u00a0% ces derniers jours.<\/p>\n<p class=\"asset asset-text\">Sa pr\u00e9sidente Jennifer Foyle ne s\u2019est pas exprim\u00e9e sur la pol\u00e9mique, mais avait en amont pr\u00e9cis\u00e9 que la campagne publicitaire visait \u00e9galement \u00e0 collecter des fonds pour des associations luttant contre les violences conjugales, et d\u00e9fendu son choix d\u2019\u00e9g\u00e9rie, dont les v\u00eatements lui conf\u00e8rent \u00ab\u00a0aisance, attitude et une touche d\u2019espi\u00e8glerie\u00a0\u00bb, selon elle.<\/p>\n<p class=\"asset asset-text\">\u00ab\u00a0Je me suis sentie tr\u00e8s en confiance sur ces photos. J\u2019en suis tellement satisfaite que je pourrais m\u00eame toutes les partager. [\u2026] Ils m\u2019ont permis d\u2019amener mon chien Sully sur certaines d\u2019entre elles, ce qui \u00e9tait tellement mignon. Il \u00e9tait si petit, a quant \u00e0 elle confi\u00e9 Sydney Sweeney au magazine <a href=\"https:\/\/www.nylon.com\/fashion\/sydney-sweeney-american-eagle-denim-campaign\" target=\"_blank\" rel=\"noopener\" title=\"Nouvelle fen\u00eatre\">NYLON<\/a>, avant d\u2019ajouter\u00a0plus loin\u00a0: Cassie (son personnage d\u2019adolescente en d\u00e9tresse dans Euphoria, ndrl) vivrait pour American Eagle. Elle adorerait \u00e7a.\u00a0\u00bb<\/p>\n","protected":false},"excerpt":{"rendered":"STUART C. WILSON \/ Getty Images via AFP Sydney Sweeney, ici au mois de juin 2025, \u00e0 Londres.&hellip;\n","protected":false},"author":2,"featured_media":279731,"comment_status":"","ping_status":"","sticky":false,"template":"","format":"standard","meta":{"footnotes":""},"categories":[2],"tags":[11,251,1011,27,985,12,973,1062,25],"class_list":{"0":"post-279730","1":"post","2":"type-post","3":"status-publish","4":"format-standard","5":"has-post-thumbnail","7":"category-actualites","8":"tag-actualites","9":"tag-culture","10":"tag-fr","11":"tag-france","12":"tag-mode","13":"tag-news","14":"tag-people","15":"tag-polemique","16":"tag-republique-francaise"},"share_on_mastodon":{"url":"https:\/\/pubeurope.com\/@fr\/114931252874158446","error":""},"_links":{"self":[{"href":"https:\/\/www.europesays.com\/fr\/wp-json\/wp\/v2\/posts\/279730","targetHints":{"allow":["GET"]}}],"collection":[{"href":"https:\/\/www.europesays.com\/fr\/wp-json\/wp\/v2\/posts"}],"about":[{"href":"https:\/\/www.europesays.com\/fr\/wp-json\/wp\/v2\/types\/post"}],"author":[{"embeddable":true,"href":"https:\/\/www.europesays.com\/fr\/wp-json\/wp\/v2\/users\/2"}],"replies":[{"embeddable":true,"href":"https:\/\/www.europesays.com\/fr\/wp-json\/wp\/v2\/comments?post=279730"}],"version-history":[{"count":0,"href":"https:\/\/www.europesays.com\/fr\/wp-json\/wp\/v2\/posts\/279730\/revisions"}],"wp:featuredmedia":[{"embeddable":true,"href":"https:\/\/www.europesays.com\/fr\/wp-json\/wp\/v2\/media\/279731"}],"wp:attachment":[{"href":"https:\/\/www.europesays.com\/fr\/wp-json\/wp\/v2\/media?parent=279730"}],"wp:term":[{"taxonomy":"category","embeddable":true,"href":"https:\/\/www.europesays.com\/fr\/wp-json\/wp\/v2\/categories?post=279730"},{"taxonomy":"post_tag","embeddable":true,"href":"https:\/\/www.europesays.com\/fr\/wp-json\/wp\/v2\/tags?post=279730"}],"curies":[{"name":"wp","href":"https:\/\/api.w.org\/{rel}","templated":true}]}}