{"id":279734,"date":"2025-07-28T14:09:10","date_gmt":"2025-07-28T14:09:10","guid":{"rendered":"https:\/\/www.europesays.com\/fr\/279734\/"},"modified":"2025-07-28T14:09:10","modified_gmt":"2025-07-28T14:09:10","slug":"golf-baie-saint-paul-gagne-son-interlcubs","status":"publish","type":"post","link":"https:\/\/www.europesays.com\/fr\/279734\/","title":{"rendered":"Golf Baie-Saint-Paul gagne son interlcubs"},"content":{"rendered":"<p><strong>Les joueurs de Golf Baie-Saint-Paul ont eux aussi sign\u00e9 une victoire \u00e0 l\u2019interclubs qui \u00e9tait pr\u00e9sent\u00e9 sur leur parcours.<\/strong><\/p>\n<p>La comp\u00e9tition r\u00e9unissait trois \u00e9quipes. Baie-Saint-Paul a r\u00e9colt\u00e9 32 points pour gagner. La formation du Royal Charbourg a pris le second rang avec 28 points. Pont-Rouge a \u00e9t\u00e9 blanchi.<\/p>\n<p>R\u00e9my Couture, \u00c9ric Lavoie, Alexis Froment. \u00c9mile Girard et F\u00e9lix Bluteau ont tous r\u00e9colt\u00e9 le maximum de points avec 4.<\/p>\n<p>La comp\u00e9tition se d\u00e9roulait selon la formule partie par trous. Un gain donne deux points.<\/p>\n<p>Avec cette victoire, Golf Baie-Saint-Paul avance. Sa victoire dans le groupe H lui permet de rejoindre le groupe G en 2026.<\/p>\n","protected":false},"excerpt":{"rendered":"Les joueurs de Golf Baie-Saint-Paul ont eux aussi sign\u00e9 une victoire \u00e0 l\u2019interclubs qui \u00e9tait pr\u00e9sent\u00e9 sur leur&hellip;\n","protected":false},"author":2,"featured_media":279735,"comment_status":"","ping_status":"","sticky":false,"template":"","format":"standard","meta":{"footnotes":""},"categories":[1418],"tags":[1011,27,1472,60],"class_list":{"0":"post-279734","1":"post","2":"type-post","3":"status-publish","4":"format-standard","5":"has-post-thumbnail","7":"category-golf","8":"tag-fr","9":"tag-france","10":"tag-golf","11":"tag-sports"},"share_on_mastodon":{"url":"https:\/\/pubeurope.com\/@fr\/114931260700222560","error":""},"_links":{"self":[{"href":"https:\/\/www.europesays.com\/fr\/wp-json\/wp\/v2\/posts\/279734","targetHints":{"allow":["GET"]}}],"collection":[{"href":"https:\/\/www.europesays.com\/fr\/wp-json\/wp\/v2\/posts"}],"about":[{"href":"https:\/\/www.europesays.com\/fr\/wp-json\/wp\/v2\/types\/post"}],"author":[{"embeddable":true,"href":"https:\/\/www.europesays.com\/fr\/wp-json\/wp\/v2\/users\/2"}],"replies":[{"embeddable":true,"href":"https:\/\/www.europesays.com\/fr\/wp-json\/wp\/v2\/comments?post=279734"}],"version-history":[{"count":0,"href":"https:\/\/www.europesays.com\/fr\/wp-json\/wp\/v2\/posts\/279734\/revisions"}],"wp:featuredmedia":[{"embeddable":true,"href":"https:\/\/www.europesays.com\/fr\/wp-json\/wp\/v2\/media\/279735"}],"wp:attachment":[{"href":"https:\/\/www.europesays.com\/fr\/wp-json\/wp\/v2\/media?parent=279734"}],"wp:term":[{"taxonomy":"category","embeddable":true,"href":"https:\/\/www.europesays.com\/fr\/wp-json\/wp\/v2\/categories?post=279734"},{"taxonomy":"post_tag","embeddable":true,"href":"https:\/\/www.europesays.com\/fr\/wp-json\/wp\/v2\/tags?post=279734"}],"curies":[{"name":"wp","href":"https:\/\/api.w.org\/{rel}","templated":true}]}}