{"id":279738,"date":"2025-07-28T14:11:11","date_gmt":"2025-07-28T14:11:11","guid":{"rendered":"https:\/\/www.europesays.com\/fr\/279738\/"},"modified":"2025-07-28T14:11:11","modified_gmt":"2025-07-28T14:11:11","slug":"rugby-dans-laude-malheureusement-leffectif-est-trop-juste-pour-reprendre-la-competition-pourtant-promus-en-regionale-2-les-seniors-de-les-vinassanaise-ne-disp","status":"publish","type":"post","link":"https:\/\/www.europesays.com\/fr\/279738\/","title":{"rendered":"Rugby dans l\u2019Aude \u2013 \u00ab\u00a0Malheureusement, l\u2019effectif est trop juste pour reprendre la comp\u00e9tition\u00a0\u00bb, pourtant promus en R\u00e9gionale 2, les seniors de l\u2019ES Vinassanaise ne disputeront pas la saison 2025-2026"},"content":{"rendered":"<p>\n                                                                L\u2019\u00c9toile Sportive Vinassanaise (ESV), qui sort d\u2019une saison exceptionnelle \u2013 championne des Terroirs et d\u2019Occitanie de R\u00e9gionale 3 \u2013, ne dispose pas d\u2019un effectif suffisant pour continuer l\u2019aventure.\n                            <\/p>\n<p>Les seniors de l\u2019\u00c9toile Sportive Vinassanaise se voient contraints d\u2019appuyer sur pause. Ils ne disputeront pas de championnat en 2025-2026. Principalement la faute \u00e0 une h\u00e9morragie de joueurs\u2026 Apr\u00e8s le d\u00e9part des entra\u00eeneurs Andy Soetens, Geoffrey Goudailler et\u00a0Julien Raymond, l\u2019arr\u00eat\u00a0de certains \u00e9l\u00e9ments et le choix de quelques autres de changer d\u2019air, il \u00e9tait vraiment compliqu\u00e9, \u00e0 l\u2019ESV, d\u2019envisager de poursuivre l\u2019aventure.<\/p>\n<p>\u00ab\u00a0D\u00e9j\u00e0, la saison derni\u00e8re, nous nous \u00e9tions retrouv\u00e9s avec un peu moins de 30 joueurs actifs, ce qui est tr\u00e8s peu\u00a0\u00bb, commente celui qui pr\u00e9side le club avec St\u00e9phane Artaud, Laurent Matutano. \u00ab\u00a0En juin dernier, nous n\u2019avons pu faire autrement que de constater qu\u2019il ne nous restait que 10-12 joueurs pour faire face\u2026 C\u2019\u00e9tait donc impossible de continuer dans de telles conditions. Avec l\u2019ensemble des dirigeants, on a \u0153uvr\u00e9 sans rel\u00e2che pour trouver un nouveau duo d\u2019entra\u00eeneurs. Bruno Druetta et Michel Garcia ont r\u00e9pondu favorablement \u00e0 un nouveau projet sportif. Une fois install\u00e9s aux commandes de l\u2019\u00e9quipe, ils ont boss\u00e9 chaque jour sur le recrutement\u2026 Malheureusement, l\u2019effectif reste trop juste pour reprendre la comp\u00e9tition\u00a0\u00bb, d\u00e9plore Laurent Matutano.<\/p>\n<p>\u00ab\u00a0Face \u00e0 cette situation, on a pris la d\u00e9cision de ne pas engager d\u2019\u00e9quipe seniors\u00a0en championnat.\u00a0\u00bb L\u2019\u00c9toile restera pr\u00e9sente \u00e0 travers son \u00e9cole de rugby et sa trentaine d\u2019enfants. Et planche d\u00e8s \u00e0 pr\u00e9sent sur un nouveau projet sportif en vue de la saison 2026-2027.<\/p>\n<blockquote>\n<p>La sant\u00e9 tr\u00e8s pr\u00e9caire du rugby des villages<\/p>\n<\/blockquote>\n<p>Il s\u2019agit naturellement d\u2019un s\u00e9rieux\u00a0coup d\u2019arr\u00eat pour ce club champion de l\u2019Aude et d\u2019Occitanie de R\u00e9gionale 3 cette saison. Alors que la Premi\u00e8re devait go\u00fbter \u00e0 la R\u00e9gionale 2 en 2025-2026, elle est\u00a0coup\u00e9e\u00a0dans son \u00e9lan. \u00ab\u00a098\u00a0% des dirigeants vont rester fid\u00e8les au club et on va donc continuer \u00e0 travailler\u00a0\u00bb, pr\u00e9cise Laurent Matutano, qui tient absolument \u00e0 remercier la mairie de Vinassan, les partenaires, les b\u00e9n\u00e9voles et les supporters \u00ab\u00a0pour leur investissement et leur confiance\u00a0\u00bb.<\/p>\n<p>Le copr\u00e9sident se dit bien \u00e9videmment \u00ab\u00a0d\u00e9\u00e7u\u00a0\u00bb de cette situation. Un malheureux \u00e9pisode qui en dit long sur la sant\u00e9 tr\u00e8s pr\u00e9caire du rugby des villages. Vinassan pourra-t-il continuer de subsister seul \u00e0 l\u2019avenir ou devra-t-il rejoindre un rassemblement\u00a0? \u00ab\u00a0Il est certain que l\u2019on tient \u00e0 notre identit\u00e9. Notre\u00a0\u00e9cole de rugby appartient d\u00e9j\u00e0 \u00e0 un rassemblement avec l\u2019Entente Fleury-Salles-Coursan (EFSC). \u00c0 terme, on devra peut-\u00eatre effectivement se pencher sur la question d\u2019une entente\u2026 Seulement, \u00e7a ne se fait pas comme \u00e7a d\u2019un claquement de doigts. On ne pouvait pas aller voir l\u2019EFSC\u00a0en juin dernier\u00a0et dire \u00e0 la pr\u00e9sidente C\u00e9cile Boyer, que j\u2019appr\u00e9cie beaucoup par ailleurs, \u00ab\u00a0on n\u2019a plus assez de joueurs, on vous rejoint\u00a0\u00bb. Ce n\u2019es pas de cette fa\u00e7on que \u00e7a se passe\u2026 Le futur nous dira quelle est la solution la plus \u00e0 m\u00eame de servir les int\u00e9r\u00eats de l\u2019ESV\u2026\u00a0\u00bb, conclut Laurent Matutano.<\/p>\n<p>Il s\u2019agit donc d\u2019un au revoir, non d\u2019un adieu.<\/p>\n","protected":false},"excerpt":{"rendered":"L\u2019\u00c9toile Sportive Vinassanaise (ESV), qui sort d\u2019une saison exceptionnelle \u2013 championne des Terroirs et d\u2019Occitanie de R\u00e9gionale 3&hellip;\n","protected":false},"author":2,"featured_media":279739,"comment_status":"","ping_status":"","sticky":false,"template":"","format":"standard","meta":{"footnotes":""},"categories":[1416],"tags":[1011,27,479,1468,60],"class_list":{"0":"post-279738","1":"post","2":"type-post","3":"status-publish","4":"format-standard","5":"has-post-thumbnail","7":"category-rugby","8":"tag-fr","9":"tag-france","10":"tag-rugby","11":"tag-rugby-football","12":"tag-sports"},"share_on_mastodon":{"url":"https:\/\/pubeurope.com\/@fr\/114931268696610381","error":""},"_links":{"self":[{"href":"https:\/\/www.europesays.com\/fr\/wp-json\/wp\/v2\/posts\/279738","targetHints":{"allow":["GET"]}}],"collection":[{"href":"https:\/\/www.europesays.com\/fr\/wp-json\/wp\/v2\/posts"}],"about":[{"href":"https:\/\/www.europesays.com\/fr\/wp-json\/wp\/v2\/types\/post"}],"author":[{"embeddable":true,"href":"https:\/\/www.europesays.com\/fr\/wp-json\/wp\/v2\/users\/2"}],"replies":[{"embeddable":true,"href":"https:\/\/www.europesays.com\/fr\/wp-json\/wp\/v2\/comments?post=279738"}],"version-history":[{"count":0,"href":"https:\/\/www.europesays.com\/fr\/wp-json\/wp\/v2\/posts\/279738\/revisions"}],"wp:featuredmedia":[{"embeddable":true,"href":"https:\/\/www.europesays.com\/fr\/wp-json\/wp\/v2\/media\/279739"}],"wp:attachment":[{"href":"https:\/\/www.europesays.com\/fr\/wp-json\/wp\/v2\/media?parent=279738"}],"wp:term":[{"taxonomy":"category","embeddable":true,"href":"https:\/\/www.europesays.com\/fr\/wp-json\/wp\/v2\/categories?post=279738"},{"taxonomy":"post_tag","embeddable":true,"href":"https:\/\/www.europesays.com\/fr\/wp-json\/wp\/v2\/tags?post=279738"}],"curies":[{"name":"wp","href":"https:\/\/api.w.org\/{rel}","templated":true}]}}