{"id":279740,"date":"2025-07-28T14:12:13","date_gmt":"2025-07-28T14:12:13","guid":{"rendered":"https:\/\/www.europesays.com\/fr\/279740\/"},"modified":"2025-07-28T14:12:13","modified_gmt":"2025-07-28T14:12:13","slug":"leylah-fernandez-de-retour-dans-le-top-25-du-classement-wta-lois-boisson-perd-trois-places-lequipe","status":"publish","type":"post","link":"https:\/\/www.europesays.com\/fr\/279740\/","title":{"rendered":"Leylah Fernandez de retour dans le top 25 du classement WTA, Lo\u00efs Boisson perd trois places &#8211; L&#039;\u00c9quipe"},"content":{"rendered":"<ol>\n<li><a href=\"https:\/\/news.google.com\/rss\/articles\/CBMi1gFBVV95cUxNVlNhTTltYThYUUx6TzNlZTZKZVg2SVVGeE1pNlFiN0hyc0w4Ny1VYWNCY2VrMzE5LTY2alFYT2M0MEdNZUM1anVtTnFlTkFrRGtPV2RrMXF1czVRYXdIN2otRnkydE1OV2hIQjFHeFFOODhrbV8zcFk0WU5rT1FobHpiaGJtSjlCZ1MzdUJFVDJXV19vMllBeVZubXNuTTF6N09YNkczYVlHeTgxSnlOUTRWV3ZKWXB3WXp3SmFGRHFZY3hxXzFaclhvZFRWMmtDUVRTTmxn?oc=5\" target=\"_blank\" rel=\"nofollow noopener\">Leylah Fernandez de retour dans le top 25 du classement WTA, Lo\u00efs Boisson perd trois places<\/a>&nbsp;&nbsp;L&rsquo;\u00c9quipe<\/li>\n<li><a href=\"https:\/\/news.google.com\/rss\/articles\/CBMi_AFBVV95cUxPemJSSWtYZ0tGUE9PYkw2NE5XSXctWkZOTWNvQWp6M0ZBV3Y4dVVnYTBjT0trQjRDQjZndTNjV19TeWJvOEFZOFJ6eGxwTmVabnFSRC16dXNzbnUtUUFUUXd5YUNtOEdnaGs5YUc5RXBJMmNPN0Y3Y3pyWFc5VTVWc3FpMzZrcmROOUxybFhPX3ZFNkpHZk9pR3ZTSHE3cVU4V3ZqdmVSYnVIVDU5UmEyWFJwZ2VacVY4WDNoYmlGaFhHNHZnb3dmaHoxaDlqbkgxRnd5UjNVUmdzRUY1STZGRnVoUlJocDZMbi1yN08wN0lLUFRfbXhYeHFUNTk?oc=5\" target=\"_blank\" rel=\"nofollow noopener\">Tennis. Le top 23 inchang\u00e9, trois Fran\u00e7aises dans le top 100\u2026 le classement WTA du 28 juillet<\/a>&nbsp;&nbsp;Ouest-France<\/li>\n<li><a href=\"https:\/\/news.google.com\/rss\/articles\/CBMi1gFBVV95cUxOcmtyOVJiQnh5Njdtb0FmQnJZY3R1dl9OTmxZNlozczhHSEZyOXgxNHVlOTFkM3ZUN0c5c21wekdzdW1wcEpseXdoNUhMY0cwbmJWRFlVVjVlMldfSnFDWjhrLWRrcHQ1M0xydy1BR3FKaTVkTWhkX3hCWVpVRG0tRzRYR1UzeDI5a0ZGdGtnbUxlUXAxR21XZ05zVURELUI2Yk5hTlNKU09GUGJxbldncklkTmhjSlkwZXlYMmluSS1tQ3o0eVBrV3Zwcm9qOXJIbGE0YmtB?oc=5\" target=\"_blank\" rel=\"nofollow noopener\">Classement WTA : Boisson perd trois places mais reste n\u00b01 fran\u00e7aise, Sabalenka toujours en t\u00eate<\/a>&nbsp;&nbsp;Le Figaro<\/li>\n<li><a href=\"https:\/\/news.google.com\/rss\/articles\/CBMihwFBVV95cUxOYXJDUUYwbjJ3UG1ubUhrMHIzVFpjOW1kMnRnNXdOWFJpUks2OUNheTdiUjVkTjQyNjN5a09lQjFpczRVdm5XRUg3eHkxY3RQQld4YmI4RXBmaHdvWmk4RFNUQUhPa3FuQUhtZnhONXk2WDdWamFDc2hncnFPQXhUUlFaNXUwbVE?oc=5\" target=\"_blank\" rel=\"nofollow noopener\">Tennis. Lo\u00efs Boisson chute au classement WTA<\/a>&nbsp;&nbsp;Le Dauphin\u00e9 Lib\u00e9r\u00e9<\/li>\n<li><a href=\"https:\/\/news.google.com\/rss\/articles\/CBMingFBVV95cUxQTVRwOFItbFNVVkhtY1VqVWJsTWpnaVlCemZfdHhrQ0NnRjJBX0YwOUJ5RmNmMUxYaHBWVEFiYUk3S3JLTXpkNDFPVGVHb3ZXb2RBX20tbDA1UW1SdkJkbGJ0STRrLWVpcG5GTlZFUjVJdmJOR3A5Q3N4WEt0bERoV2UybjBBM0FldnRIQk1nbWZRSU1nc2NMb1VHbHdYZ9IBnAFBVV95cUxQZ2dBN2llNUJzY0VBYl9uTXFULWIxT2Jfcl9FMjFwcEZhQmhzX1ZMbmo4VWEyLXdBUkkwbmJyUFBVMmQxQ3p5Tm1KOVpBWVhJbTV3aFpRNG00a3NvSXhfdlNUaUpqVkRSY0dtZnVjY1hmSi1SY2QtSmVVTWlBQkNlQlh0OVF4ZDlyOWRvek1vSTFjV21EWTl5OWZaVjA?oc=5\" target=\"_blank\" rel=\"nofollow noopener\">WTA : Boisson recule de trois rangs<\/a>&nbsp;&nbsp;Orange Actualit\u00e9s | Sports<\/li>\n<\/ol>\n","protected":false},"excerpt":{"rendered":"Leylah Fernandez de retour dans le top 25 du classement WTA, Lo\u00efs Boisson perd trois places&nbsp;&nbsp;L&rsquo;\u00c9quipe Tennis. Le&hellip;\n","protected":false},"author":2,"featured_media":279741,"comment_status":"","ping_status":"","sticky":false,"template":"","format":"standard","meta":{"footnotes":""},"categories":[1415],"tags":[1011,27,60,1467],"class_list":{"0":"post-279740","1":"post","2":"type-post","3":"status-publish","4":"format-standard","5":"has-post-thumbnail","7":"category-tennis","8":"tag-fr","9":"tag-france","10":"tag-sports","11":"tag-tennis"},"share_on_mastodon":{"url":"https:\/\/pubeurope.com\/@fr\/114931272407548627","error":""},"_links":{"self":[{"href":"https:\/\/www.europesays.com\/fr\/wp-json\/wp\/v2\/posts\/279740","targetHints":{"allow":["GET"]}}],"collection":[{"href":"https:\/\/www.europesays.com\/fr\/wp-json\/wp\/v2\/posts"}],"about":[{"href":"https:\/\/www.europesays.com\/fr\/wp-json\/wp\/v2\/types\/post"}],"author":[{"embeddable":true,"href":"https:\/\/www.europesays.com\/fr\/wp-json\/wp\/v2\/users\/2"}],"replies":[{"embeddable":true,"href":"https:\/\/www.europesays.com\/fr\/wp-json\/wp\/v2\/comments?post=279740"}],"version-history":[{"count":0,"href":"https:\/\/www.europesays.com\/fr\/wp-json\/wp\/v2\/posts\/279740\/revisions"}],"wp:featuredmedia":[{"embeddable":true,"href":"https:\/\/www.europesays.com\/fr\/wp-json\/wp\/v2\/media\/279741"}],"wp:attachment":[{"href":"https:\/\/www.europesays.com\/fr\/wp-json\/wp\/v2\/media?parent=279740"}],"wp:term":[{"taxonomy":"category","embeddable":true,"href":"https:\/\/www.europesays.com\/fr\/wp-json\/wp\/v2\/categories?post=279740"},{"taxonomy":"post_tag","embeddable":true,"href":"https:\/\/www.europesays.com\/fr\/wp-json\/wp\/v2\/tags?post=279740"}],"curies":[{"name":"wp","href":"https:\/\/api.w.org\/{rel}","templated":true}]}}