{"id":279742,"date":"2025-07-28T14:14:11","date_gmt":"2025-07-28T14:14:11","guid":{"rendered":"https:\/\/www.europesays.com\/fr\/279742\/"},"modified":"2025-07-28T14:14:11","modified_gmt":"2025-07-28T14:14:11","slug":"motogp-julia-marquez-marc-et-alex-sur-la-piste-je-reste-a-ma-place-je-suis-juste-leur-pere","status":"publish","type":"post","link":"https:\/\/www.europesays.com\/fr\/279742\/","title":{"rendered":"MotoGP, Juli\u00e0 Marquez : \u00ab\u00a0Marc et Alex ? Sur la piste, je reste \u00e0 ma place. Je suis juste leur p\u00e8re\u00a0\u00bb"},"content":{"rendered":"<p><strong>Au lendemain du Grand Prix de R\u00e9publique tch\u00e8que 2025,<br \/>\no\u00f9 Marc Marquez a une nouvelle fois brill\u00e9 et son fr\u00e8re Alex<br \/>\nconfirm\u00e9 son statut de pr\u00e9tendant au titre, leur p\u00e8re, Juli\u00e0<br \/>\nM\u00e1rquez, s\u2019est confi\u00e9 sur le r\u00f4le qu\u2019il s\u2019impose depuis toujours :<br \/>\ncelui d\u2019un p\u00e8re pr\u00e9sent, aimant, mais jamais<br \/>\nenvahissant.<\/strong><\/p>\n<p>\u00c0 Brno, Juli\u00e0 est discret dans le box <a href=\"https:\/\/www.paddock-gp.com\/motogp-gigi-dalligna-repond-sur-la-main-mise-de-marc-marquez-sur-ducati-seule-la-victoire-mimporte\/\" rel=\"nofollow noopener\" target=\"_blank\"><br \/>\n<strong>Ducati<\/strong><\/a> ou <a href=\"https:\/\/www.paddock-gp.com\/motogp-chez-gresini-on-est-ambitieux-oui-je-pense-que-le-titre-est-possible\/\" rel=\"nofollow noopener\" target=\"_blank\"><br \/>\n<strong>Gresini<\/strong><\/a>. Il est l\u00e0, bien s\u00fbr, mais en retrait,<br \/>\nloin du paddock, observant ses deux fils depuis les tribunes ou le<br \/>\nmotorhome. \u00ab <strong>Je ne m\u2019immisce pas dans ce qui se passe<br \/>\nsur la piste<\/strong>. Je suis le p\u00e8re \u00e0 l\u2019ext\u00e9rieur, pas<br \/>\nun manager, ni un conseiller technique \u00bb, affirme-t-il. Une<br \/>\nligne de conduite qu\u2019il n\u2019a jamais transgress\u00e9e, m\u00eame lorsque ses<br \/>\ndeux gar\u00e7ons se battent pour le titre mondial.<\/p>\n<p><strong>Marc<\/strong> caracole en t\u00eate du <a href=\"https:\/\/www.paddock-gp.com\/motogp-brno-championnat-huitieme-victoire-de-la-saison-120-points-davance-marc-marquez-peut-profiter-de-ses-vacances\/\" rel=\"nofollow noopener\" target=\"_blank\"><br \/>\n<strong>championnat<\/strong><\/a>, avec plus de 120 points d\u2019avance.<br \/>\n<strong>Alex<\/strong>, lui, est son plus proche rival et a d\u00e9j\u00e0<br \/>\nsign\u00e9 cinq podiums cette saison. Pourtant, pour Juli\u00e0, il ne s\u2019agit<br \/>\npas d\u2019une bataille fraternelle mais de deux carri\u00e8res distinctes :<br \/>\n\u00ab sur la piste, ce sont des adversaires comme les autres.<br \/>\n<strong>\u00c0 la maison, ce sont mes fils<\/strong>. Et cela ne changera<br \/>\njamais. \u00bb<\/p>\n<p>Leur rivalit\u00e9 ? Elle est saine, constructive. \u00ab <strong>Y<br \/>\na-t-il une famille o\u00f9 les enfants ne se disputent pas<br \/>\n?<\/strong> Chez nous, c\u2019est pareil. Mais les conflits ne<br \/>\ndurent jamais longtemps. Et pour finir, je pense que cette<br \/>\ncomp\u00e9tition les a unis davantage. <strong>Leur relation est plus<br \/>\nforte que jamais, et j\u2019en suis fier<\/strong>. \u00bb Pour appuyer<br \/>\nses propos, il se souvient d\u2019une \u00e9poque o\u00f9 les deux fr\u00e8res<br \/>\ns\u2019affrontaient en minimoto : \u00ab je leur disais : \u2018D\u00e9chirez-vous<br \/>\nsur la piste, mais \u00e0 la maison, vous restez fr\u00e8res.\u2019 Et \u00e7a n\u2019a<br \/>\njamais chang\u00e9. \u00bb<\/p>\n<p><img loading=\"lazy\" decoding=\"async\" class=\"aligncenter wp-image-1314370\" src=\"https:\/\/www.europesays.com\/fr\/wp-content\/uploads\/2025\/07\/julia-marquez-1753516565.jpg\" alt=\"Marquez \" width=\"864\" height=\"530\"  \/><\/p>\n<p><strong>Juli\u00e0 Marquez\u00a0: \u00ab<br \/>\nje suis leur p\u00e8re. Et mon seul r\u00f4le, c\u2019est d\u2019\u00eatre l\u00e0.<br \/>\nToujours.\u00a0\u00bb<\/strong><\/p>\n<p>Les deux fr\u00e8res partagent la grille de <a href=\"https:\/\/www.motogp.com\/en\" rel=\"nofollow noopener\" target=\"_blank\">MotoGP<\/a> depuis 2020, m\u00eame si cette<br \/>\nsaison-l\u00e0 fut perturb\u00e9e par la grave blessure de Marc. Alex a<br \/>\nensuite connu un parcours solide chez <strong>LCR Honda<\/strong>,<br \/>\navant d\u2019exploser chez <strong>Gresini Ducati<\/strong>. Marc, lui, a<br \/>\nsuivi en 2024, avant d\u2019\u00eatre promu chez <strong>Ducati<br \/>\nLenovo<\/strong> pour 2025. Malgr\u00e9 leurs trajectoires d\u00e9sormais<br \/>\ns\u00e9par\u00e9es, l\u2019esprit de comp\u00e9tition les unit plus que jamais.<\/p>\n<p><strong>Marc<\/strong> <strong>Marquez<\/strong> l\u2019explique ainsi<br \/>\nsur\u00a0CNN Sports : \u00ab <strong>on partage nos sensations, mais<br \/>\nnos approches sont diff\u00e9rentes<\/strong>. On a des styles<br \/>\noppos\u00e9s, et pourtant, nos chronos sont tr\u00e8s proches. \u00bb<br \/>\n<strong>Alex<\/strong>, lui, voit cette rivalit\u00e9 comme une<br \/>\nb\u00e9n\u00e9diction : \u00ab <strong>chaque jour, je veux battre Marc \u00e0<br \/>\nv\u00e9lo, en salle, sur la moto<\/strong>. C\u2019est motivant.<br \/>\nGr\u00e2ce \u00e0 \u00e7a, on progresse tous les deux. \u00bb<\/p>\n<p>Contrairement \u00e0 certains parents omnipr\u00e9sents dans le paddock,<br \/>\nJuli\u00e0 ne se m\u00eale jamais des strat\u00e9gies. \u00ab Ils ont des chefs<br \/>\nm\u00e9canos pour \u00e7a<strong>. Moi, je v\u00e9rifie qu\u2019ils dorment bien,<br \/>\nqu\u2019ils mangent, qu\u2019ils rient<\/strong>. \u00bb Il n\u2019\u00e9tait m\u00eame pas<br \/>\nau courant imm\u00e9diatement de l\u2019incident du scooter de<br \/>\n<strong>Marc<\/strong> \u00e0 Brno, r\u00e9solu par les parents de<br \/>\n<strong>Pecco Bagnaia<\/strong>. \u00ab <strong>J\u2019ai trouv\u00e9 \u00e7a<br \/>\nmagnifique<\/strong>. \u00c7a montre que le MotoGP, c\u2019est aussi<br \/>\nune grande famille. \u00bb<\/p>\n<p>Et si les deux gar\u00e7ons terminaient la saison aux deux premi\u00e8res<br \/>\nplaces ? Juli\u00e0 sourit : \u00ab ce serait historique, oui. Mais ce<br \/>\nn\u2019est pas ce qui compte. <strong>Ce qui compte, c\u2019est qu\u2019ils soient<br \/>\nheureux, \u00e9panouis, et en bonne sant\u00e9<\/strong>. Le reste, c\u2019est du<br \/>\nbonus. \u00bb<\/p>\n<p>L\u2019\u00e9t\u00e9 venu, Juli\u00e0 compte profiter de moments simples avec ses<br \/>\nfils \u00e0 Cervera : \u00ab un barbecue, des discussions sur tout sauf<br \/>\nla moto, c\u2019est \u00e7a qui me pla\u00eet. \u00bb Pour lui, pas besoin de<br \/>\npodiums pour ressentir la fiert\u00e9 : \u00ab je suis leur p\u00e8re. Et mon<br \/>\nseul r\u00f4le, c\u2019est d\u2019\u00eatre l\u00e0. Toujours. \u00bb<\/p>\n<p><img decoding=\"async\" class=\"aligncenter\" src=\"https:\/\/www.europesays.com\/fr\/wp-content\/uploads\/2025\/07\/w620_h500_313596.jpg\" alt=\"Alex M\u00e1rquez\"\/><\/p>\n<p>\u00a0<\/p>\n","protected":false},"excerpt":{"rendered":"Au lendemain du Grand Prix de R\u00e9publique tch\u00e8que 2025, o\u00f9 Marc Marquez a une nouvelle fois brill\u00e9 et&hellip;\n","protected":false},"author":2,"featured_media":279743,"comment_status":"","ping_status":"","sticky":false,"template":"","format":"standard","meta":{"footnotes":""},"categories":[1413],"tags":[1011,27,1457,1456,60],"class_list":{"0":"post-279742","1":"post","2":"type-post","3":"status-publish","4":"format-standard","5":"has-post-thumbnail","7":"category-moto","8":"tag-fr","9":"tag-france","10":"tag-moto","11":"tag-motocycle","12":"tag-sports"},"share_on_mastodon":{"url":"https:\/\/pubeurope.com\/@fr\/114931280444074987","error":""},"_links":{"self":[{"href":"https:\/\/www.europesays.com\/fr\/wp-json\/wp\/v2\/posts\/279742","targetHints":{"allow":["GET"]}}],"collection":[{"href":"https:\/\/www.europesays.com\/fr\/wp-json\/wp\/v2\/posts"}],"about":[{"href":"https:\/\/www.europesays.com\/fr\/wp-json\/wp\/v2\/types\/post"}],"author":[{"embeddable":true,"href":"https:\/\/www.europesays.com\/fr\/wp-json\/wp\/v2\/users\/2"}],"replies":[{"embeddable":true,"href":"https:\/\/www.europesays.com\/fr\/wp-json\/wp\/v2\/comments?post=279742"}],"version-history":[{"count":0,"href":"https:\/\/www.europesays.com\/fr\/wp-json\/wp\/v2\/posts\/279742\/revisions"}],"wp:featuredmedia":[{"embeddable":true,"href":"https:\/\/www.europesays.com\/fr\/wp-json\/wp\/v2\/media\/279743"}],"wp:attachment":[{"href":"https:\/\/www.europesays.com\/fr\/wp-json\/wp\/v2\/media?parent=279742"}],"wp:term":[{"taxonomy":"category","embeddable":true,"href":"https:\/\/www.europesays.com\/fr\/wp-json\/wp\/v2\/categories?post=279742"},{"taxonomy":"post_tag","embeddable":true,"href":"https:\/\/www.europesays.com\/fr\/wp-json\/wp\/v2\/tags?post=279742"}],"curies":[{"name":"wp","href":"https:\/\/api.w.org\/{rel}","templated":true}]}}