{"id":279744,"date":"2025-07-28T14:15:13","date_gmt":"2025-07-28T14:15:13","guid":{"rendered":"https:\/\/www.europesays.com\/fr\/279744\/"},"modified":"2025-07-28T14:15:13","modified_gmt":"2025-07-28T14:15:13","slug":"qui-est-le-nouvel-ingenieur-de-hamilton-chez-ferrari","status":"publish","type":"post","link":"https:\/\/www.europesays.com\/fr\/279744\/","title":{"rendered":"Qui est le nouvel ing\u00e9nieur de Hamilton chez Ferrari\u00a0?"},"content":{"rendered":"<p><a href=\"https:\/\/fr.motorsport.com\/driver\/lewis-hamilton\/76878\/\" target=\"_blank\" rel=\"noopener\">Lewis Hamilton<\/a> a retenu l&rsquo;attention apr\u00e8s le Grand Prix de Belgique de Formule 1 en d\u00e9clarant qu&rsquo;il avait \u00ab\u00a0chang\u00e9 d&rsquo;ing\u00e9nieur\u00a0\u00bb.<\/p>\n<p>Le commentaire du septuple champion du monde de F1, qui a d\u00e9clar\u00e9 \u00ab\u00a0nous \u00e9tions tous les deux dans une situation difficile\u00a0\u00bb \u00e0 propos de son nouvel ing\u00e9nieur apr\u00e8s la course de Spa, a suscit\u00e9 la curiosit\u00e9, d&rsquo;autant plus qu&rsquo;aucune annonce n&rsquo;avait \u00e9t\u00e9 faite par <a href=\"https:\/\/fr.motorsport.com\/team\/ferrari\/615\/\" target=\"_blank\" rel=\"noopener\">Ferrari<\/a> concernant un remaniement du c\u00f4t\u00e9 du garage de Hamilton.<\/p>\n<p>En effet, Riccardo Adami, l&rsquo;ing\u00e9nieur de course de Hamilton, est toujours bien en poste et, m\u00eame si leur relation de travail n&rsquo;a pas toujours \u00e9t\u00e9 facile depuis qu&rsquo;ils font \u00e9quipe, leur communication semble s&rsquo;am\u00e9liorer progressivement.<\/p>\n<p>Le changement auquel Hamilton fait r\u00e9f\u00e9rence concerne en fait son ing\u00e9nieur performance, qui est d\u00e9sormais Johannes Hatz, un Allemand qui a pr\u00e9c\u00e9demment travaill\u00e9 chez Porsche Motorsport en 2011-2012, apr\u00e8s avoir occup\u00e9 diff\u00e9rents postes chez Abt et Audi, et qui a obtenu son dipl\u00f4me dans cette entreprise. Depuis 2013, il a occup\u00e9 divers postes d&rsquo;ing\u00e9nieur en F1, tous au sein de l&rsquo;\u00e9quipe junior de <a href=\"https:\/\/fr.motorsport.com\/team\/red-bull\/553\/\" target=\"_blank\" rel=\"noopener\">Red Bull<\/a> bas\u00e9e \u00e0 Faenza, <a href=\"https:\/\/fr.motorsport.com\/team\/racing-bulls-610\/610\/\" target=\"_blank\" rel=\"noopener\">Racing Bulls<\/a>.<\/p>\n<p>Johannes Hatz est le fils de Wolfgang Hatz, un cadre de longue date de Volkswagen qui a \u00e9t\u00e9 membre du conseil d&rsquo;administration de Porsche charg\u00e9 de la recherche et du d\u00e9veloppement jusqu&rsquo;en 2015, ann\u00e9e du scandale du Dieselgate.<\/p>\n<p>   <img decoding=\"async\" draggable=\"false\" src=\"https:\/\/www.europesays.com\/fr\/wp-content\/uploads\/2025\/07\/lewis-hamilton-ferrari-liam-la.jpg\" alt=\"Lewis Hamilton d\u00e9passant Liam Lawson lors du GP de Belgique.\" width=\"1200\" height=\"800\" loading=\"lazy\"\/> <\/p>\n<p class=\"title\">Lewis Hamilton d\u00e9passant Liam Lawson lors du GP de Belgique.<\/p>\n<p class=\"photographer\">Photo de: Ryan Pierse \/ Getty Images<\/p>\n<p>Hamilton a lui-m\u00eame sem\u00e9 la confusion en d\u00e9clarant qu&rsquo;il connaissait son nouvel ing\u00e9nieur \u00ab\u00a0depuis des ann\u00e9es\u00a0\u00bb et que tous deux avaient travaill\u00e9 \u00ab\u00a0dans [son] \u00e9quipe pr\u00e9c\u00e9dente, mais pas \u00e0 ce poste\u00a0\u00bb. Il s&rsquo;agit en r\u00e9alit\u00e9 d&rsquo;un malentendu, car Hatz n&rsquo;a jamais travaill\u00e9 chez <a href=\"https:\/\/fr.motorsport.com\/team\/mercedes\/611\/\" target=\"_blank\" rel=\"noopener\">Mercedes<\/a> ; il est pass\u00e9 directement de Racing Bulls \u00e0 Ferrari en janvier 2024.<\/p>\n<p>\u00ab\u00a0Ce n&rsquo;est pas facile de changer d&rsquo;ing\u00e9nieur en cours de saison\u00a0\u00bb,\u00a0a expliqu\u00e9 le Britannique. \u00ab\u00a0Nous sommes en train de nous habituer l&rsquo;un \u00e0 l&rsquo;autre et nous devons apprendre tr\u00e8s, tr\u00e8s vite.\u00a0\u00bb<\/p>\n<p>Apr\u00e8s un d\u00e9but de Grand Prix de Belgique cauchemardesque, avec des \u00e9liminations pr\u00e9coces lors des qualifs pour le sprint et la course, et une arriv\u00e9e hors des points lors du sprint, les deux pilotes ont connu une solide remont\u00e9e qui a vu Hamilton passer de la 18e \u00e0 la septi\u00e8me place lors de l&rsquo;\u00e9preuve de dimanche.<\/p>\n<p>En interne, ce remaniement n&rsquo;est pas consid\u00e9r\u00e9 comme exceptionnel, Ferrari ayant d\u00e9clar\u00e9 que le personnel pr\u00e9sent sur les circuits \u00e9tait r\u00e9guli\u00e8rement renouvel\u00e9. Hatz a remplac\u00e9 Riccardo Corte en tant qu&rsquo;ing\u00e9nieur performance sur la voiture de Hamilton, Corte ayant \u00e9t\u00e9 r\u00e9affect\u00e9 en interne chez Ferrari, sans que sa nouvelle fonction soit connue.<\/p>\n<p style=\"text-align: right;\">Avec Benjamin Vinel<\/p>\n<p>Lire aussi :<\/p>\n<p>Dans cet article<\/p>\n<p>Soyez le premier inform\u00e9 et souscrivez aux alertes mails pour recevoir les infos en temps r\u00e9el<\/p>\n<p>    S&rsquo;abonner aux alertes de news<\/p>\n","protected":false},"excerpt":{"rendered":"Lewis Hamilton a retenu l&rsquo;attention apr\u00e8s le Grand Prix de Belgique de Formule 1 en d\u00e9clarant qu&rsquo;il avait&hellip;\n","protected":false},"author":2,"featured_media":279745,"comment_status":"","ping_status":"","sticky":false,"template":"","format":"standard","meta":{"footnotes":""},"categories":[1412],"tags":[1451,2251,1452,1453,1454,1455,1011,27,38196,1975,19528,60],"class_list":{"0":"post-279744","1":"post","2":"type-post","3":"status-publish","4":"format-standard","5":"has-post-thumbnail","7":"category-f1","8":"tag-f1","9":"tag-ferrari","10":"tag-formula-1","11":"tag-formula1","12":"tag-formule-1","13":"tag-formule1","14":"tag-fr","15":"tag-france","16":"tag-gp-de-belgique","17":"tag-lewis-hamilton","18":"tag-spa-francorchamps","19":"tag-sports"},"share_on_mastodon":{"url":"https:\/\/pubeurope.com\/@fr\/114931284288021841","error":""},"_links":{"self":[{"href":"https:\/\/www.europesays.com\/fr\/wp-json\/wp\/v2\/posts\/279744","targetHints":{"allow":["GET"]}}],"collection":[{"href":"https:\/\/www.europesays.com\/fr\/wp-json\/wp\/v2\/posts"}],"about":[{"href":"https:\/\/www.europesays.com\/fr\/wp-json\/wp\/v2\/types\/post"}],"author":[{"embeddable":true,"href":"https:\/\/www.europesays.com\/fr\/wp-json\/wp\/v2\/users\/2"}],"replies":[{"embeddable":true,"href":"https:\/\/www.europesays.com\/fr\/wp-json\/wp\/v2\/comments?post=279744"}],"version-history":[{"count":0,"href":"https:\/\/www.europesays.com\/fr\/wp-json\/wp\/v2\/posts\/279744\/revisions"}],"wp:featuredmedia":[{"embeddable":true,"href":"https:\/\/www.europesays.com\/fr\/wp-json\/wp\/v2\/media\/279745"}],"wp:attachment":[{"href":"https:\/\/www.europesays.com\/fr\/wp-json\/wp\/v2\/media?parent=279744"}],"wp:term":[{"taxonomy":"category","embeddable":true,"href":"https:\/\/www.europesays.com\/fr\/wp-json\/wp\/v2\/categories?post=279744"},{"taxonomy":"post_tag","embeddable":true,"href":"https:\/\/www.europesays.com\/fr\/wp-json\/wp\/v2\/tags?post=279744"}],"curies":[{"name":"wp","href":"https:\/\/api.w.org\/{rel}","templated":true}]}}