{"id":279755,"date":"2025-07-28T14:21:12","date_gmt":"2025-07-28T14:21:12","guid":{"rendered":"https:\/\/www.europesays.com\/fr\/279755\/"},"modified":"2025-07-28T14:21:12","modified_gmt":"2025-07-28T14:21:12","slug":"avant-premiere-tout-pour-la-lumiere-du-mercredi-30-juillet-2025-episode-33-tf1","status":"publish","type":"post","link":"https:\/\/www.europesays.com\/fr\/279755\/","title":{"rendered":"Avant-premi\u00e8re &#8211; Tout pour la lumi\u00e8re du mercredi 30 juillet 2025 &#8211; Episode 33 &#8211; TF1+"},"content":{"rendered":"<ol>\n<li><a href=\"https:\/\/news.google.com\/rss\/articles\/CBMi1gFBVV95cUxPbkNiSkNVcXRGMERTcHIzWGZlR0I0OWlpeUJ0c09Mb3JMbzN6V1RFLTRrVy1sZFpVbVVZQjFobC1oMFFSM1hGdGRSRFhlZENzal8wRDlwZzh6d2RiYUZqbmtsdWpWOG9nQUd2WVZhOHZ3cEdiMVFTSEdQeHdrSzZpVHlGWHpObWxPS1h0dGphNkY1clRmS0JpeDdyS3VwUHd6QWpCOExrTEk4OURoMTdHelRDbUNlR0ZWbHFGRGdmemE4bHVGR3p1ZTVrQ2tycmFRdnYza09n?oc=5\" target=\"_blank\" rel=\"noopener\">Avant-premi\u00e8re &#8211; Tout pour la lumi\u00e8re du mercredi 30 juillet 2025 &#8211; Episode 33<\/a>&nbsp;&nbsp;TF1+<\/li>\n<li><a href=\"https:\/\/news.google.com\/rss\/articles\/CBMifkFVX3lxTE1SU3lfeE1ER1poaFU2VDlJZFNyREV5R1BUWmE2WW5pVF9ibXBoTlVrMHBvcTBJUFFxejltZkdnbS1jUHJLOUNNUkZmdE9STURtdTBGVm8xS1JpRE9yUTZseVlLZVVuRmQ0aG9QZUJpSFRvY1Vkc0x5c1YyZU81Zw?oc=5\" target=\"_blank\" rel=\"noopener\">Tout pour la lumi\u00e8re en avance : ce qui vous attend dans l&rsquo;\u00e9pisode 31 du lundi 28 juillet 2025 [SPOILERS]<\/a>&nbsp;&nbsp;AlloCin\u00e9<\/li>\n<li><a href=\"https:\/\/news.google.com\/rss\/articles\/CBMiugFBVV95cUxPTlRHZHJXeWYwZW9jZUprUnVhNUMxNnJlZ1BhNDVld1RkdGs3aV93OXkyNm9wMDd5VGNnRVR1MXVjekwxQy02NHJ5emp5ZGN6a0dhZFc4YklMV1p4b1ZsZlBreUF3YUtKR1gxM1JKU0xGbWg5azhXTWo1SEFqbk9KMWNSLXQ5MUlhQXBRdDNTODVDWlhQWDd0b2ZHZmMtcU0xMFFHUXdYazI5Z1dyTzl6dm05bUllM0VldXc?oc=5\" target=\"_blank\" rel=\"noopener\">Tout pour la lumi\u00e8re en avance : r\u00e9sum\u00e9 des \u00e9pisodes semaine du 28 juillet (spoilers)<\/a>&nbsp;&nbsp;TV-Programme.com<\/li>\n<li><a href=\"https:\/\/news.google.com\/rss\/articles\/CBMigwJBVV95cUxOMVdCQnhmV3FPYXRGX3h5WEhOVWRYZHVEdFhRbTlCMTdjV3JsNExyT2kta1I4VkN4cXBueEdNdm9naGFIcnVrczlxRktNVXZ2aEE5MjZqeWh2S2ZKdGRzaXBfdjNpMFlBSkxlVTdfeGRrclM5OXNhcnpiN1g5OFhLb1V3d291S0QteGVNMjZDRUUzSy1BMURpRzhqbU5rMmRMQ1hOT0dzdnhUSEN4aDlOUWpRZ2I1eEJoVk13bDNieHJuWld0aERiU1FUdmxlWVV1bExkVjREdk1BUjQ4YTQ3RDV6YlRoczdnNElnVFJyX2ZvcUFUNlkxOW96OTh2aTNmcHFn?oc=5\" target=\"_blank\" rel=\"noopener\">Tess vir\u00e9e, Florence d\u00e9missionne : chaos et trahison au Studio &#8211; Tout pour la lumi\u00e8re (TF1) 1er ao\u00fbt 2025 (\u00e9pisode 35 &#8211; r\u00e9sum\u00e9 complet TP2L)<\/a>&nbsp;&nbsp;Nouveaut\u00e9s-T\u00e9l\u00e9.com<\/li>\n<li><a href=\"https:\/\/news.google.com\/rss\/articles\/CBMi5gFBVV95cUxPdmNTVktaOC13U0xJaUFpLTNXd1ZWZThQMVVvaUNlLUd4NW45ekNZc0FGRmV5cjVPdVU1Y0dXcGdGNWVJei03ejRTdk1xLW9BUDlvc1VfQ1B2UVBRQ0ZNcFBzZjl5c0Q4OUJPOG5kTmdYSGxodTVzYWhYNmJybDBiX19CNlRuNG03YmNGYm1YZmRIdUZSR2JmdG9xY2xOZGhfZ29QU0hFa0hMS0RPdzMwTW1VUU5DMEZGTF9zNl83YXNYVU1YTlk2MnFra1lVYkVqZDhVMW9hbnlSOTRHRjBGcFdJWVRzUQ?oc=5\" target=\"_blank\" rel=\"noopener\">\u00ab Tout pour la lumi\u00e8re \u00bb du 28 juillet au 1er ao\u00fbt 2025 : Que va t-il se passer la semaine prochaine ? Une saison 2 annonc\u00e9e ?<\/a>&nbsp;&nbsp;F\u00e9min Actu<\/li>\n<\/ol>\n","protected":false},"excerpt":{"rendered":"Avant-premi\u00e8re &#8211; Tout pour la lumi\u00e8re du mercredi 30 juillet 2025 &#8211; Episode 33&nbsp;&nbsp;TF1+ Tout pour la lumi\u00e8re&hellip;\n","protected":false},"author":2,"featured_media":279756,"comment_status":"","ping_status":"","sticky":false,"template":"","format":"standard","meta":{"footnotes":""},"categories":[1356],"tags":[58,59,1365,41047,31167,41911,1011,27,41909,41919,41923,41910,41920,41924,41916,41915,41921,41922,41917,41918,252,31168,41912,1364,41913,41914],"class_list":{"0":"post-279755","1":"post","2":"type-post","3":"status-publish","4":"format-standard","5":"has-post-thumbnail","7":"category-television","8":"tag-divertissement","9":"tag-entertainment","10":"tag-episode","11":"tag-episode-tf1","12":"tag-episode-tout-pour-la-lumiere","13":"tag-episode-tout-pour-la-lumiere-tf1","14":"tag-fr","15":"tag-france","16":"tag-serie-tout-pour-la-lumiere","17":"tag-serie-tout-pour-la-lumiere-streaming","18":"tag-serie-tout-pour-la-lumiere-streaming-gratuit","19":"tag-serie-tout-pour-la-lumiere-tf1","20":"tag-serie-tout-pour-la-lumiere-tf1-streaming","21":"tag-serie-tout-pour-la-lumiere-tf1-streaming-gratuit","22":"tag-serie-tout-pour-la-lumiere-tf1-video","23":"tag-serie-tout-pour-la-lumiere-video","24":"tag-streaming-gratuit-serie-tout-pour-la-lumiere","25":"tag-streaming-gratuit-serie-tout-pour-la-lumiere-tf1","26":"tag-streaming-serie-tout-pour-la-lumiere","27":"tag-streaming-serie-tout-pour-la-lumiere-tf1","28":"tag-television","29":"tag-tout-pour-la-lumiere-episode","30":"tag-tout-pour-la-lumiere-episode-tf1","31":"tag-tv","32":"tag-video-serie-tout-pour-la-lumiere","33":"tag-video-serie-tout-pour-la-lumiere-tf1"},"share_on_mastodon":{"url":"","error":"Validation failed: Text character limit of 500 exceeded"},"_links":{"self":[{"href":"https:\/\/www.europesays.com\/fr\/wp-json\/wp\/v2\/posts\/279755","targetHints":{"allow":["GET"]}}],"collection":[{"href":"https:\/\/www.europesays.com\/fr\/wp-json\/wp\/v2\/posts"}],"about":[{"href":"https:\/\/www.europesays.com\/fr\/wp-json\/wp\/v2\/types\/post"}],"author":[{"embeddable":true,"href":"https:\/\/www.europesays.com\/fr\/wp-json\/wp\/v2\/users\/2"}],"replies":[{"embeddable":true,"href":"https:\/\/www.europesays.com\/fr\/wp-json\/wp\/v2\/comments?post=279755"}],"version-history":[{"count":0,"href":"https:\/\/www.europesays.com\/fr\/wp-json\/wp\/v2\/posts\/279755\/revisions"}],"wp:featuredmedia":[{"embeddable":true,"href":"https:\/\/www.europesays.com\/fr\/wp-json\/wp\/v2\/media\/279756"}],"wp:attachment":[{"href":"https:\/\/www.europesays.com\/fr\/wp-json\/wp\/v2\/media?parent=279755"}],"wp:term":[{"taxonomy":"category","embeddable":true,"href":"https:\/\/www.europesays.com\/fr\/wp-json\/wp\/v2\/categories?post=279755"},{"taxonomy":"post_tag","embeddable":true,"href":"https:\/\/www.europesays.com\/fr\/wp-json\/wp\/v2\/tags?post=279755"}],"curies":[{"name":"wp","href":"https:\/\/api.w.org\/{rel}","templated":true}]}}