{"id":279757,"date":"2025-07-28T14:22:12","date_gmt":"2025-07-28T14:22:12","guid":{"rendered":"https:\/\/www.europesays.com\/fr\/279757\/"},"modified":"2025-07-28T14:22:12","modified_gmt":"2025-07-28T14:22:12","slug":"balade-nocturne-avec-le-boss-final-quand-oli-rencontre-jean-jacques-goldman-par-hasard-dans-le-metro-londonien","status":"publish","type":"post","link":"https:\/\/www.europesays.com\/fr\/279757\/","title":{"rendered":"\u00ab\u00a0Balade nocturne avec le boss final\u00a0\u00bb : quand Oli rencontre Jean-Jacques Goldman par hasard dans le m\u00e9tro londonien"},"content":{"rendered":"<p class=\"ap-StoryElement ap-StoryElement--mb ap-StoryText\">Actuellement en tourn\u00e9e dans le monde entier, le duo de rappeurs Bigflo et Oli n&rsquo;a pas l&rsquo;\u00e9t\u00e9 le plus reposant. De passage \u00e0 Londres pour une pause bien m\u00e9rit\u00e9e entre le Dour Festival en Belgique et le Cabaret Vert dans les Ardennes dans une quinzaine de jours, le jeune Oli a eu la chance de rencontrer Jean-Jacques Goldman entre deux arr\u00eats de m\u00e9tro.<\/p>\n<p><a href=\"https:\/\/www.parismatch.be\/culture\/musique\/2022\/10\/17\/bigflo-oli-nous-sommes-plus-optimistes-dans-la-vie-que-dans-nos-paroles-QEHEGQL7TVDCFPZWVACZLHDMSE\/\" target=\"_blank\" rel=\"noopener noreferrer\" class=\"ap-StoryInterstitialLink ap-StoryElement ap-StoryElement--mb\">Bigflo &amp; Oli : \u00ab\u00a0Nous sommes plus optimistes dans la vie que dans nos paroles\u00a0\u00bb<\/a>\u00ab\u00a0Balade nocturne avec le boss final\u00a0\u00bb<\/p>\n<p class=\"ap-StoryElement ap-StoryElement--mb ap-StoryText\">Sur son compte Instagram, ce samedi 26 juillet, Oli (Olivio Ordonez) du duo Bigflo et Oli, a post\u00e9 une story o\u00f9 l&rsquo;on aper\u00e7oit Jean-Jacques Goldman tout sourire, debout dans le m\u00e9tro. \u00c0 ses c\u00f4t\u00e9s, le jeune homme a pris la pose et a \u00e9crit \u00e0 l&rsquo;intention de ses fans : \u00ab\u00a0Balade nocturne avec le boss final\u00a0\u00bb, faisant r\u00e9f\u00e9rence au chanteur, v\u00e9ritable all\u00e9gorie du succ\u00e8s et mod\u00e8le pour les jeunes de ce milieu.<\/p>\n<p><a href=\"https:\/\/www.parismatch.be\/actualites\/people\/2025\/07\/04\/jean-jacques-goldman-bientot-de-retour-a-la-television-apres-dix-ans-dabsence-DOYDYANKRZGQXMTYACIBSYVNWM\/\" target=\"_blank\" rel=\"noopener noreferrer\" class=\"ap-StoryInterstitialLink ap-StoryElement ap-StoryElement--mb\">Jean-Jacques Goldman bient\u00f4t de retour \u00e0 la t\u00e9l\u00e9vision apr\u00e8s dix ans d&rsquo;absence<\/a><\/p>\n<p class=\"ap-StoryElement ap-StoryElement--mb ap-StoryText\">Domicili\u00e9 \u00e0 Londres depuis son d\u00e9part des Enfoir\u00e9s en 2016, Jean-Jacques Goldman a tir\u00e9 un trait sur la vie publique pour se concentrer sur sa vie de famille. Que ses fans se consolent, le chanteur de 73 ans va revenir \u00e0 la t\u00e9l\u00e9vision pour une occasion bien sp\u00e9ciale : le documentaire Les Enfoir\u00e9s, le doc. Le programme sera diffus\u00e9 en prime-time en mars 2026, signant le retour du chanteur sur sc\u00e8ne, dix ans apr\u00e8s sa retraite.<\/p>\n","protected":false},"excerpt":{"rendered":"Actuellement en tourn\u00e9e dans le monde entier, le duo de rappeurs Bigflo et Oli n&rsquo;a pas l&rsquo;\u00e9t\u00e9 le&hellip;\n","protected":false},"author":2,"featured_media":279758,"comment_status":"","ping_status":"","sticky":false,"template":"","format":"standard","meta":{"footnotes":""},"categories":[1355],"tags":[7642,58,59,1011,27,7195,4534,4047,1361,873,41925,5486],"class_list":{"0":"post-279757","1":"post","2":"type-post","3":"status-publish","4":"format-standard","5":"has-post-thumbnail","7":"category-musique","8":"tag-bigflo-et-oli","9":"tag-divertissement","10":"tag-entertainment","11":"tag-fr","12":"tag-france","13":"tag-jean-jacques-goldman","14":"tag-londres","15":"tag-metro","16":"tag-music","17":"tag-musique","18":"tag-oli","19":"tag-rencontre"},"share_on_mastodon":{"url":"https:\/\/pubeurope.com\/@fr\/114931311865829054","error":""},"_links":{"self":[{"href":"https:\/\/www.europesays.com\/fr\/wp-json\/wp\/v2\/posts\/279757","targetHints":{"allow":["GET"]}}],"collection":[{"href":"https:\/\/www.europesays.com\/fr\/wp-json\/wp\/v2\/posts"}],"about":[{"href":"https:\/\/www.europesays.com\/fr\/wp-json\/wp\/v2\/types\/post"}],"author":[{"embeddable":true,"href":"https:\/\/www.europesays.com\/fr\/wp-json\/wp\/v2\/users\/2"}],"replies":[{"embeddable":true,"href":"https:\/\/www.europesays.com\/fr\/wp-json\/wp\/v2\/comments?post=279757"}],"version-history":[{"count":0,"href":"https:\/\/www.europesays.com\/fr\/wp-json\/wp\/v2\/posts\/279757\/revisions"}],"wp:featuredmedia":[{"embeddable":true,"href":"https:\/\/www.europesays.com\/fr\/wp-json\/wp\/v2\/media\/279758"}],"wp:attachment":[{"href":"https:\/\/www.europesays.com\/fr\/wp-json\/wp\/v2\/media?parent=279757"}],"wp:term":[{"taxonomy":"category","embeddable":true,"href":"https:\/\/www.europesays.com\/fr\/wp-json\/wp\/v2\/categories?post=279757"},{"taxonomy":"post_tag","embeddable":true,"href":"https:\/\/www.europesays.com\/fr\/wp-json\/wp\/v2\/tags?post=279757"}],"curies":[{"name":"wp","href":"https:\/\/api.w.org\/{rel}","templated":true}]}}