{"id":279769,"date":"2025-07-28T14:28:11","date_gmt":"2025-07-28T14:28:11","guid":{"rendered":"https:\/\/www.europesays.com\/fr\/279769\/"},"modified":"2025-07-28T14:28:11","modified_gmt":"2025-07-28T14:28:11","slug":"suicide-amitie-trahie-six-millions-dactions-hermes-se-volatilisent","status":"publish","type":"post","link":"https:\/\/www.europesays.com\/fr\/279769\/","title":{"rendered":"Suicide, amiti\u00e9 trahie\u2026 Six millions d\u2019actions Herm\u00e8s se volatilisent"},"content":{"rendered":"<p><a href=\"https:\/\/www.20minutes.fr\/societe\/4065043-20231201-heritier-hermes-veut-adopter-ancien-jardinier-leguer-fortune-estimee-10-milliards-euros\" class=\"color-ultramarine c-link\" target=\"_blank\" rel=\"noopener\">Nicolas Puech<\/a> est l\u2019un des h\u00e9ritiers de la maison fran\u00e7aise de <a href=\"https:\/\/www.20minutes.fr\/tempo\/style\/4163049-20250710-luxe-premier-sac-birkin-hermes-mis-encheres-paris-pourrait-battre-record\" class=\"color-ultramarine c-link\" target=\"_blank\" rel=\"noopener\">maroquinerie Herm\u00e8s<\/a>. Il appelle lundi par le biais de son avocate \u00e0 faire la lumi\u00e8re sur la myst\u00e9rieuse disparation de ses actions, apr\u00e8s le d\u00e9c\u00e8s d\u2019Eric Freymond, son ancien gestionnaire de fortune. La semaine pass\u00e9e, la <a href=\"https:\/\/www.tdg.ch\/eric-freymond-le-banquier-au-cur-de-laffaire-hermes-est-mort-510294822071\" rel=\"nofollow noopener\" target=\"_blank\" class=\"color-ultramarine c-link\">Tribune de Gen\u00e8ve<\/a> et <a href=\"https:\/\/www.lepoint.fr\/societe\/eric-freymond-s-est-suicide-24-07-2025-2595040_23.php\" rel=\"nofollow noopener\" target=\"_blank\" class=\"color-ultramarine c-link\">Le Point<\/a> avaient rapport\u00e9 qu\u2019Eric Freymond, contre qui Nicolas Puech avait port\u00e9 plainte, a mis fin \u00e0 ses jours.<\/p>\n<p>\u00ab\u00a0C\u2019est avec tristesse que j\u2019ai appris le d\u00e9c\u00e8s de M. Eric Freymond, dans des circonstances tragiques\u00a0\u00bb, a indiqu\u00e9 Nicolas Puech, dans un communiqu\u00e9 transmis \u00e0 l\u2019AFP par son avocate. \u00ab\u00a0J\u2019esp\u00e8re vivement que les circonstances de son d\u00e9c\u00e8s seront rapidement clarifi\u00e9es par les autorit\u00e9s suisses\u00a0\u00bb, ajoute le communiqu\u00e9 de Nicolas Puech, qui a souhait\u00e9 adresser \u00ab\u00a0ses pens\u00e9es les plus sinc\u00e8res \u00e0 sa famille\u00a0\u00bb, \u00ab\u00a0malgr\u00e9 les diff\u00e9rends publics et judiciaires\u00a0\u00bb qui les opposaient.<\/p>\n<p>14,5\u00a0milliards d\u2019euros<\/p>\n<p>Eric Freymond a \u00e9t\u00e9 pendant 25 ans \u00ab\u00a0un ami et un conseiller avec qui la collaboration a toujours \u00e9t\u00e9 en totale confiance\u00a0\u00bb, mais \u00ab\u00a0notre relation s\u2019est malheureusement bris\u00e9e \u00e0 la suite de faits d\u2019une extr\u00eame gravit\u00e9 en lien avec mes six millions de titres de la soci\u00e9t\u00e9 Herm\u00e8s International sur lesquels toute la lumi\u00e8re doit encore \u00eatre faite\u00a0\u00bb, a ajout\u00e9 Nicolas Puech dans le communiqu\u00e9 transmis par son avocate.<\/p>\n<p>\u00c2g\u00e9 de 82 ans, Nicolas Puech est un des arri\u00e8re-petits-fils du fondateur de la maison de <a href=\"https:\/\/www.20minutes.fr\/emploi\/4114335-20241008-puy-dome-hermes-installe-riom\" class=\"color-ultramarine c-link\" target=\"_blank\" rel=\"noopener\">maroquinerie de la rue du Faubourg-Saint-Honor\u00e9<\/a>. Il avait h\u00e9rit\u00e9 de 6\u00a0millions d\u2019actions, repr\u00e9sentant 5,76\u00a0% du capital d\u2019Herm\u00e8s, ce qui au cours actuel repr\u00e9sente un montant de pr\u00e8s de 14,5\u00a0milliards d\u2019euros.<\/p>\n<\/p>\n<p>Une des questions toujours non r\u00e9solue dans cette affaire aux multiples rebondissements est de savoir si ces titres avaient \u00e9t\u00e9 vendus ou non lorsque <a href=\"https:\/\/www.20minutes.fr\/economie\/4162971-20250710-famille-bernard-arnault-plus-plus-riche-france\" class=\"color-ultramarine c-link\" target=\"_blank\" rel=\"noopener\">Bernard Arnault, le patron de LVMH<\/a>, avait discr\u00e8tement accumul\u00e9 une participation dans son concurrent.<\/p>\n<p>\u00ab\u00a0Bris\u00e9 par la violence du soup\u00e7on\u00a0\u00bb<\/p>\n<p>Mais l\u2019affaire avait pris un nouveau tour en\u00a02023, lorsque Nicolas Puech, souvent d\u00e9crit comme en froid avec le reste de sa famille, avait affirm\u00e9 \u00eatre ruin\u00e9 et avait port\u00e9 plainte contre son ancien gestionnaire de fortune, estimant qu\u2019il avait eu recours \u00e0 de subtils montages pour faire dispara\u00eetre ses actions.<\/p>\n<p>La justice genevoise avait innocent\u00e9 Eric Freymond, mais Nicolas Puech, qui r\u00e9side en <a href=\"https:\/\/www.20minutes.fr\/dossier\/suisse\" class=\"color-ultramarine c-link\" target=\"_blank\" rel=\"noopener\">Suisse<\/a>, a \u00e9galement d\u00e9pos\u00e9 une plainte similaire en France. \u00ab\u00a0La recherche de la v\u00e9rit\u00e9 doit primer\u00a0\u00bb et \u00ab\u00a0\u00eatre \u00e9tablie par la justice, avec s\u00e9r\u00e9nit\u00e9 et rigueur\u00a0\u00bb, ajoute le communiqu\u00e9 de Nicolas Puech. La semaine pass\u00e9e, les avocats d\u2019Eric Freymond avaient r\u00e9agi au d\u00e9c\u00e8s de leur client en expliquant que l\u2019ex-gestionnaire de fortune avait \u00e9t\u00e9 \u00ab\u00a0bris\u00e9 par la violence du soup\u00e7on\u00a0\u00bb.<\/p>\n","protected":false},"excerpt":{"rendered":"Nicolas Puech est l\u2019un des h\u00e9ritiers de la maison fran\u00e7aise de maroquinerie Herm\u00e8s. Il appelle lundi par le&hellip;\n","protected":false},"author":2,"featured_media":279770,"comment_status":"","ping_status":"","sticky":false,"template":"","format":"standard","meta":{"footnotes":""},"categories":[6],"tags":[15033,47,35,33,34,1067,1011,27,11127,2425,5748],"class_list":{"0":"post-279769","1":"post","2":"type-post","3":"status-publish","4":"format-standard","5":"has-post-thumbnail","7":"category-economie","8":"tag-actions","9":"tag-actualite","10":"tag-business","11":"tag-economie","12":"tag-economy","13":"tag-enquete","14":"tag-fr","15":"tag-france","16":"tag-hermes","17":"tag-luxe","18":"tag-suicide"},"share_on_mastodon":{"url":"https:\/\/pubeurope.com\/@fr\/114931335574768181","error":""},"_links":{"self":[{"href":"https:\/\/www.europesays.com\/fr\/wp-json\/wp\/v2\/posts\/279769","targetHints":{"allow":["GET"]}}],"collection":[{"href":"https:\/\/www.europesays.com\/fr\/wp-json\/wp\/v2\/posts"}],"about":[{"href":"https:\/\/www.europesays.com\/fr\/wp-json\/wp\/v2\/types\/post"}],"author":[{"embeddable":true,"href":"https:\/\/www.europesays.com\/fr\/wp-json\/wp\/v2\/users\/2"}],"replies":[{"embeddable":true,"href":"https:\/\/www.europesays.com\/fr\/wp-json\/wp\/v2\/comments?post=279769"}],"version-history":[{"count":0,"href":"https:\/\/www.europesays.com\/fr\/wp-json\/wp\/v2\/posts\/279769\/revisions"}],"wp:featuredmedia":[{"embeddable":true,"href":"https:\/\/www.europesays.com\/fr\/wp-json\/wp\/v2\/media\/279770"}],"wp:attachment":[{"href":"https:\/\/www.europesays.com\/fr\/wp-json\/wp\/v2\/media?parent=279769"}],"wp:term":[{"taxonomy":"category","embeddable":true,"href":"https:\/\/www.europesays.com\/fr\/wp-json\/wp\/v2\/categories?post=279769"},{"taxonomy":"post_tag","embeddable":true,"href":"https:\/\/www.europesays.com\/fr\/wp-json\/wp\/v2\/tags?post=279769"}],"curies":[{"name":"wp","href":"https:\/\/api.w.org\/{rel}","templated":true}]}}